{"id":24201,"date":"2012-05-25T12:57:54","date_gmt":"2012-05-25T15:57:54","guid":{"rendered":"http:\/\/www.padreydecano.com\/cms\/?p=24201"},"modified":"2012-05-28T18:03:17","modified_gmt":"2012-05-28T21:03:17","slug":"otra-vez-por-la-repesca","status":"publish","type":"post","link":"https:\/\/www.padreydecano.com\/cms\/los-aromos\/otra-vez-por-la-repesca\/","title":{"rendered":"Otra vez por la repesca"},"content":{"rendered":"<p style=\"text-align: justify;\"><img loading=\"lazy\" decoding=\"async\" class=\"wp-image-10152 alignright\" src=\"https:\/\/www.padreydecano.com\/cms\/wp-content\/uploads\/2011\/11\/Vs.-Rampla-125-Copiar-300x199.jpg\" alt=\"\" width=\"248\" height=\"164\" srcset=\"https:\/\/www.padreydecano.com\/cms\/wp-content\/uploads\/2011\/11\/Vs.-Rampla-125-Copiar-300x199.jpg 300w, https:\/\/www.padreydecano.com\/cms\/wp-content\/uploads\/2011\/11\/Vs.-Rampla-125-Copiar.jpg 800w\" sizes=\"(max-width: 248px) 100vw, 248px\" \/>Luego de la <a title=\"Cerr\u00e1 y vamos\" href=\"https:\/\/www.padreydecano.com\/cms\/partidos\/cerra-y-vamos\/\">derrota sufrida el pasado fin de semana<\/a>, Pe\u00f1arol deber\u00e1 jugar la pen\u00faltima fecha del Torneo Clausura contra Rampla Juniors. Luego de varias idas y vueltas, se confirm\u00f3 el partido para el lunes a las 15 en Jardines del Hip\u00f3dromo.<\/p>\n<p style=\"text-align: justify;\">Pe\u00f1arol jugar\u00e1 bajo el \u00fanico est\u00edmulo de asegurar la clasificaci\u00f3n a la primera fase de la Copa Libertadores (misma fase que jugamos en 2012 contra Caracas de Venezuela).<\/p>\n<p style=\"text-align: justify;\"><strong><span style=\"color: #ffcc02;\">El Equipo<\/span><\/strong><\/p>\n<p style=\"text-align: justify;\">Dar\u00edo Rodr\u00edguez no podr\u00e1 ser de la partida el s\u00e1bado, debido a que deber\u00e1 operarse del tabique nasal, luego de la dur\u00edsima entrada que le realiz\u00f3 Israel Damonte en el cl\u00e1sico.\u00a0En su lugar se especulaba con que ingrese Nicol\u00e1s Raguso, tal cual lo hizo en el partido contra Rentistas. Sin embargo, Jorge \u201cEl Polilla\u201d Da Silva ha probado con Marcelo Silva en la zaga, pasando a Emiliano Alb\u00edn al lateral izquierdo y a Alejandro Gonz\u00e1lez al derecho.\u00a0Nicol\u00e1s Freitas permanecer\u00e1 en el banco de suplentes, para no apurar su recuperaci\u00f3n. El resto del equipo ser\u00e1 el mismo que jug\u00f3 el \u00faltimo domingo.<\/p>\n<p style=\"text-align: justify;\">La oncena titular ser\u00e1 entonces con <strong>Leandro Gelpi<\/strong> en el arco, <strong>Alejandro Gonz\u00e1lez<\/strong> como lateral derecho, <strong>Marcelo Silva<\/strong> junto a <strong>Carlos Valdez<\/strong> en la zaga y <strong>Emiliano Alb\u00edn<\/strong> en el lateral izquierdo. En la mitad de la cancha jugar\u00e1n <strong>Marcel Novick<\/strong>, <strong>Sebasti\u00e1n Crist\u00f3foro<\/strong> y <strong>Luis Aguiar<\/strong>. M\u00e1s adelante estar\u00e1n <strong>Fabi\u00e1n Estoyanoff<\/strong>, <strong>Rodrigo Mora<\/strong> y <strong>Marcelo Zalayeta<\/strong>.<\/p>\n<p style=\"text-align: justify;\">El resto de los jugadores concentrados son <strong>Fabi\u00e1n Carini<\/strong>, <strong>Juan \u00c1lvez<\/strong>, <strong>Nicol\u00e1s Freitas<\/strong>, <strong>Bruno Montelongo<\/strong>, <strong>Joao Pedro<\/strong>, <strong>Jorge Zambrana<\/strong>, <strong>Maximiliano P\u00e9rez<\/strong> y <strong>Santiago Silva<\/strong>.<\/p>\n<p><strong><span style=\"color: #ffcc02;\">El Rival<\/span><\/strong><\/p>\n<p style=\"text-align: justify;\">Rampla Juniors viene muy comprometido con el descenso. Para ellos es un partido crucial, ya que de no ganar podr\u00edan descender de categor\u00eda. En la Tabla Anual se encuentran 10\u00ba con 31 puntos, mientras que en el Torneo Clausura se ubican en la posici\u00f3n 9 con 15 puntos.<\/p>\n<p style=\"text-align: justify;\">En el \u00faltimo partido, Rampla le gan\u00f3 3 a 0 a Rentistas con goles de Rodrigo Canosa y Maximiliano Brito en dos ocasiones.<\/p>\n<p style=\"text-align: justify;\">En dicho encuentro el t\u00e9cnico Eduardo Favaro puso a <strong>Bernardo Long<\/strong> en el arco, <strong>Juli\u00e1n Perujo<\/strong> como lateral derecho, <strong>Rodrigo Canosa<\/strong> y <strong>Jonathan Souza<\/strong> en la zaga, mientras que de lateral izquierdo jug\u00f3 el ex Pe\u00f1arol <strong>Willington Techera<\/strong>. En la mitad de la cancha estuvieron <strong>\u00d3scar Russo<\/strong>, <strong>Bruno Barreto<\/strong> (ex Pe\u00f1arol), <strong>Richard Print<\/strong> y <strong>Rodrigo Rojo<\/strong>. El enlace fue <strong>Richard N\u00fa\u00f1ez<\/strong> (ex Pe\u00f1arol) y el \u00fanico punta fue <strong>Maximiliano Brito<\/strong>. Todo parece indicar que el conjunto picapiedra repetir\u00e1 la misma oncena.<\/p>\n<p style=\"text-align: justify;\"><strong><span style=\"color: #ffcc02;\">El Dato<\/span><\/strong><\/p>\n<p style=\"text-align: justify;\">Es la primera vez en la historia que Pe\u00f1arol llevar\u00e1 a cabo un partido en el estadio Juan Antonio Lavalleja de Trinidad por un torneo oficial.<\/p>\n<p><span style=\"color: #ffcc02;\"><strong>Las entradas<\/strong><\/span><\/p>\n<p><a title=\"Venta de entradas vs Rampla (Clausura 2012)\" href=\"https:\/\/www.padreydecano.com\/cms\/tribuna\/venta-de-entradas-vs-rampla-clausura-2012\/\">Las entradas<\/a> estar\u00e1n a la venta a partir del d\u00eda de hoy en Abitab. La parcialidad aurinegra se ubicar\u00e1 en la Tribuna Oeste.<\/p>\n","protected":false},"excerpt":{"rendered":"<p>Luego de la derrota sufrida el pasado fin de semana, Pe\u00f1arol deber\u00e1 jugar la pen\u00faltima fecha del Torneo Clausura contra Rampla Juniors. Luego de varias idas y vueltas, se confirm\u00f3 el partido para el lunes a las 15 en Jardines del Hip\u00f3dromo. Pe\u00f1arol jugar\u00e1 bajo el \u00fanico est\u00edmulo de asegurar la clasificaci\u00f3n a la primera [&hellip;]<\/p>\n","protected":false},"author":5,"featured_media":10152,"comment_status":"open","ping_status":"closed","sticky":false,"template":"","format":"standard","meta":{"footnotes":""},"categories":[7],"tags":[],"yoast_head":"<!-- This site is optimized with the Yoast SEO plugin v23.2 - https:\/\/yoast.com\/wordpress\/plugins\/seo\/ -->\n<title>Otra vez por la repesca - Padre y Decano - El Sitio del Pueblo<\/title>\n<meta name=\"robots\" content=\"index, follow, max-snippet:-1, max-image-preview:large, max-video-preview:-1\" \/>\n<link rel=\"canonical\" href=\"https:\/\/www.padreydecano.com\/cms\/los-aromos\/otra-vez-por-la-repesca\/\" \/>\n<meta property=\"og:locale\" content=\"es_ES\" \/>\n<meta property=\"og:type\" content=\"article\" \/>\n<meta property=\"og:title\" content=\"Otra vez por la repesca - Padre y Decano - El Sitio del Pueblo\" \/>\n<meta property=\"og:description\" content=\"Luego de la derrota sufrida el pasado fin de semana, Pe\u00f1arol deber\u00e1 jugar la pen\u00faltima fecha del Torneo Clausura contra Rampla Juniors. Luego de varias idas y vueltas, se confirm\u00f3 el partido para el lunes a las 15 en Jardines del Hip\u00f3dromo. Pe\u00f1arol jugar\u00e1 bajo el \u00fanico est\u00edmulo de asegurar la clasificaci\u00f3n a la primera [&hellip;]\" \/>\n<meta property=\"og:url\" content=\"https:\/\/www.padreydecano.com\/cms\/los-aromos\/otra-vez-por-la-repesca\/\" \/>\n<meta property=\"og:site_name\" content=\"Padre y Decano - El Sitio del Pueblo\" \/>\n<meta property=\"article:published_time\" content=\"2012-05-25T15:57:54+00:00\" \/>\n<meta property=\"article:modified_time\" content=\"2012-05-28T21:03:17+00:00\" \/>\n<meta property=\"og:image\" content=\"https:\/\/www.padreydecano.com\/cms\/wp-content\/uploads\/2011\/11\/Vs.-Rampla-125-Copiar.jpg\" \/>\n\t<meta property=\"og:image:width\" content=\"800\" \/>\n\t<meta property=\"og:image:height\" content=\"533\" \/>\n\t<meta property=\"og:image:type\" content=\"image\/jpeg\" \/>\n<meta name=\"author\" content=\"Emirona07\" \/>\n<meta name=\"twitter:card\" content=\"summary_large_image\" \/>\n<meta name=\"twitter:label1\" content=\"Escrito por\" \/>\n\t<meta name=\"twitter:data1\" content=\"Emirona07\" \/>\n\t<meta name=\"twitter:label2\" content=\"Tiempo de lectura\" \/>\n\t<meta name=\"twitter:data2\" content=\"2 minutos\" \/>\n<script type=\"application\/ld+json\" class=\"yoast-schema-graph\">{\"@context\":\"https:\/\/schema.org\",\"@graph\":[{\"@type\":\"Article\",\"@id\":\"https:\/\/www.padreydecano.com\/cms\/los-aromos\/otra-vez-por-la-repesca\/#article\",\"isPartOf\":{\"@id\":\"https:\/\/www.padreydecano.com\/cms\/los-aromos\/otra-vez-por-la-repesca\/\"},\"author\":{\"name\":\"Emirona07\",\"@id\":\"https:\/\/www.padreydecano.com\/cms\/#\/schema\/person\/51e0214db654d9624824b37c2838bb65\"},\"headline\":\"Otra vez por la repesca\",\"datePublished\":\"2012-05-25T15:57:54+00:00\",\"dateModified\":\"2012-05-28T21:03:17+00:00\",\"mainEntityOfPage\":{\"@id\":\"https:\/\/www.padreydecano.com\/cms\/los-aromos\/otra-vez-por-la-repesca\/\"},\"wordCount\":498,\"commentCount\":14,\"publisher\":{\"@id\":\"https:\/\/www.padreydecano.com\/cms\/#organization\"},\"image\":{\"@id\":\"https:\/\/www.padreydecano.com\/cms\/los-aromos\/otra-vez-por-la-repesca\/#primaryimage\"},\"thumbnailUrl\":\"https:\/\/www.padreydecano.com\/cms\/wp-content\/uploads\/2011\/11\/Vs.-Rampla-125-Copiar.jpg\",\"articleSection\":[\"Los Aromos\"],\"inLanguage\":\"es\",\"potentialAction\":[{\"@type\":\"CommentAction\",\"name\":\"Comment\",\"target\":[\"https:\/\/www.padreydecano.com\/cms\/los-aromos\/otra-vez-por-la-repesca\/#respond\"]}]},{\"@type\":\"WebPage\",\"@id\":\"https:\/\/www.padreydecano.com\/cms\/los-aromos\/otra-vez-por-la-repesca\/\",\"url\":\"https:\/\/www.padreydecano.com\/cms\/los-aromos\/otra-vez-por-la-repesca\/\",\"name\":\"Otra vez por la repesca - Padre y Decano - El Sitio del Pueblo\",\"isPartOf\":{\"@id\":\"https:\/\/www.padreydecano.com\/cms\/#website\"},\"primaryImageOfPage\":{\"@id\":\"https:\/\/www.padreydecano.com\/cms\/los-aromos\/otra-vez-por-la-repesca\/#primaryimage\"},\"image\":{\"@id\":\"https:\/\/www.padreydecano.com\/cms\/los-aromos\/otra-vez-por-la-repesca\/#primaryimage\"},\"thumbnailUrl\":\"https:\/\/www.padreydecano.com\/cms\/wp-content\/uploads\/2011\/11\/Vs.-Rampla-125-Copiar.jpg\",\"datePublished\":\"2012-05-25T15:57:54+00:00\",\"dateModified\":\"2012-05-28T21:03:17+00:00\",\"breadcrumb\":{\"@id\":\"https:\/\/www.padreydecano.com\/cms\/los-aromos\/otra-vez-por-la-repesca\/#breadcrumb\"},\"inLanguage\":\"es\",\"potentialAction\":[{\"@type\":\"ReadAction\",\"target\":[\"https:\/\/www.padreydecano.com\/cms\/los-aromos\/otra-vez-por-la-repesca\/\"]}]},{\"@type\":\"ImageObject\",\"inLanguage\":\"es\",\"@id\":\"https:\/\/www.padreydecano.com\/cms\/los-aromos\/otra-vez-por-la-repesca\/#primaryimage\",\"url\":\"https:\/\/www.padreydecano.com\/cms\/wp-content\/uploads\/2011\/11\/Vs.-Rampla-125-Copiar.jpg\",\"contentUrl\":\"https:\/\/www.padreydecano.com\/cms\/wp-content\/uploads\/2011\/11\/Vs.-Rampla-125-Copiar.jpg\",\"width\":\"800\",\"height\":\"533\"},{\"@type\":\"BreadcrumbList\",\"@id\":\"https:\/\/www.padreydecano.com\/cms\/los-aromos\/otra-vez-por-la-repesca\/#breadcrumb\",\"itemListElement\":[{\"@type\":\"ListItem\",\"position\":1,\"name\":\"Portada\",\"item\":\"https:\/\/www.padreydecano.com\/cms\/\"},{\"@type\":\"ListItem\",\"position\":2,\"name\":\"Otra vez por la repesca\"}]},{\"@type\":\"WebSite\",\"@id\":\"https:\/\/www.padreydecano.com\/cms\/#website\",\"url\":\"https:\/\/www.padreydecano.com\/cms\/\",\"name\":\"Padre y Decano - El Sitio del Pueblo\",\"description\":\"Club Atl\u00e9tico Pe\u00f1arol\",\"publisher\":{\"@id\":\"https:\/\/www.padreydecano.com\/cms\/#organization\"},\"potentialAction\":[{\"@type\":\"SearchAction\",\"target\":{\"@type\":\"EntryPoint\",\"urlTemplate\":\"https:\/\/www.padreydecano.com\/cms\/?s={search_term_string}\"},\"query-input\":\"required name=search_term_string\"}],\"inLanguage\":\"es\"},{\"@type\":\"Organization\",\"@id\":\"https:\/\/www.padreydecano.com\/cms\/#organization\",\"name\":\"Padre y Decano\",\"url\":\"https:\/\/www.padreydecano.com\/cms\/\",\"logo\":{\"@type\":\"ImageObject\",\"inLanguage\":\"es\",\"@id\":\"https:\/\/www.padreydecano.com\/cms\/#\/schema\/logo\/image\/\",\"url\":\"https:\/\/www.padreydecano.com\/cms\/wp-content\/uploads\/2022\/01\/avatar-square.png\",\"contentUrl\":\"https:\/\/www.padreydecano.com\/cms\/wp-content\/uploads\/2022\/01\/avatar-square.png\",\"width\":1500,\"height\":1500,\"caption\":\"Padre y Decano\"},\"image\":{\"@id\":\"https:\/\/www.padreydecano.com\/cms\/#\/schema\/logo\/image\/\"}},{\"@type\":\"Person\",\"@id\":\"https:\/\/www.padreydecano.com\/cms\/#\/schema\/person\/51e0214db654d9624824b37c2838bb65\",\"name\":\"Emirona07\",\"image\":{\"@type\":\"ImageObject\",\"inLanguage\":\"es\",\"@id\":\"https:\/\/www.padreydecano.com\/cms\/#\/schema\/person\/image\/\",\"url\":\"https:\/\/secure.gravatar.com\/avatar\/93c9118dbd5373a8a065bb5cdddde6bf?s=96&d=https%3A%2F%2Fpadreydecano.com%2Fcms%2Fwp-content%2Fthemes%2Fpyd-theme%2Fimg%2Fdefault-avatar.png&r=g\",\"contentUrl\":\"https:\/\/secure.gravatar.com\/avatar\/93c9118dbd5373a8a065bb5cdddde6bf?s=96&d=https%3A%2F%2Fpadreydecano.com%2Fcms%2Fwp-content%2Fthemes%2Fpyd-theme%2Fimg%2Fdefault-avatar.png&r=g\",\"caption\":\"Emirona07\"}}]}<\/script>\n<!-- \/ Yoast SEO plugin. -->","yoast_head_json":{"title":"Otra vez por la repesca - Padre y Decano - El Sitio del Pueblo","robots":{"index":"index","follow":"follow","max-snippet":"max-snippet:-1","max-image-preview":"max-image-preview:large","max-video-preview":"max-video-preview:-1"},"canonical":"https:\/\/www.padreydecano.com\/cms\/los-aromos\/otra-vez-por-la-repesca\/","og_locale":"es_ES","og_type":"article","og_title":"Otra vez por la repesca - Padre y Decano - El Sitio del Pueblo","og_description":"Luego de la derrota sufrida el pasado fin de semana, Pe\u00f1arol deber\u00e1 jugar la pen\u00faltima fecha del Torneo Clausura contra Rampla Juniors. Luego de varias idas y vueltas, se confirm\u00f3 el partido para el lunes a las 15 en Jardines del Hip\u00f3dromo. Pe\u00f1arol jugar\u00e1 bajo el \u00fanico est\u00edmulo de asegurar la clasificaci\u00f3n a la primera [&hellip;]","og_url":"https:\/\/www.padreydecano.com\/cms\/los-aromos\/otra-vez-por-la-repesca\/","og_site_name":"Padre y Decano - El Sitio del Pueblo","article_published_time":"2012-05-25T15:57:54+00:00","article_modified_time":"2012-05-28T21:03:17+00:00","og_image":[{"width":800,"height":533,"url":"https:\/\/www.padreydecano.com\/cms\/wp-content\/uploads\/2011\/11\/Vs.-Rampla-125-Copiar.jpg","type":"image\/jpeg"}],"author":"Emirona07","twitter_card":"summary_large_image","twitter_misc":{"Escrito por":"Emirona07","Tiempo de lectura":"2 minutos"},"schema":{"@context":"https:\/\/schema.org","@graph":[{"@type":"Article","@id":"https:\/\/www.padreydecano.com\/cms\/los-aromos\/otra-vez-por-la-repesca\/#article","isPartOf":{"@id":"https:\/\/www.padreydecano.com\/cms\/los-aromos\/otra-vez-por-la-repesca\/"},"author":{"name":"Emirona07","@id":"https:\/\/www.padreydecano.com\/cms\/#\/schema\/person\/51e0214db654d9624824b37c2838bb65"},"headline":"Otra vez por la repesca","datePublished":"2012-05-25T15:57:54+00:00","dateModified":"2012-05-28T21:03:17+00:00","mainEntityOfPage":{"@id":"https:\/\/www.padreydecano.com\/cms\/los-aromos\/otra-vez-por-la-repesca\/"},"wordCount":498,"commentCount":14,"publisher":{"@id":"https:\/\/www.padreydecano.com\/cms\/#organization"},"image":{"@id":"https:\/\/www.padreydecano.com\/cms\/los-aromos\/otra-vez-por-la-repesca\/#primaryimage"},"thumbnailUrl":"https:\/\/www.padreydecano.com\/cms\/wp-content\/uploads\/2011\/11\/Vs.-Rampla-125-Copiar.jpg","articleSection":["Los Aromos"],"inLanguage":"es","potentialAction":[{"@type":"CommentAction","name":"Comment","target":["https:\/\/www.padreydecano.com\/cms\/los-aromos\/otra-vez-por-la-repesca\/#respond"]}]},{"@type":"WebPage","@id":"https:\/\/www.padreydecano.com\/cms\/los-aromos\/otra-vez-por-la-repesca\/","url":"https:\/\/www.padreydecano.com\/cms\/los-aromos\/otra-vez-por-la-repesca\/","name":"Otra vez por la repesca - Padre y Decano - El Sitio del Pueblo","isPartOf":{"@id":"https:\/\/www.padreydecano.com\/cms\/#website"},"primaryImageOfPage":{"@id":"https:\/\/www.padreydecano.com\/cms\/los-aromos\/otra-vez-por-la-repesca\/#primaryimage"},"image":{"@id":"https:\/\/www.padreydecano.com\/cms\/los-aromos\/otra-vez-por-la-repesca\/#primaryimage"},"thumbnailUrl":"https:\/\/www.padreydecano.com\/cms\/wp-content\/uploads\/2011\/11\/Vs.-Rampla-125-Copiar.jpg","datePublished":"2012-05-25T15:57:54+00:00","dateModified":"2012-05-28T21:03:17+00:00","breadcrumb":{"@id":"https:\/\/www.padreydecano.com\/cms\/los-aromos\/otra-vez-por-la-repesca\/#breadcrumb"},"inLanguage":"es","potentialAction":[{"@type":"ReadAction","target":["https:\/\/www.padreydecano.com\/cms\/los-aromos\/otra-vez-por-la-repesca\/"]}]},{"@type":"ImageObject","inLanguage":"es","@id":"https:\/\/www.padreydecano.com\/cms\/los-aromos\/otra-vez-por-la-repesca\/#primaryimage","url":"https:\/\/www.padreydecano.com\/cms\/wp-content\/uploads\/2011\/11\/Vs.-Rampla-125-Copiar.jpg","contentUrl":"https:\/\/www.padreydecano.com\/cms\/wp-content\/uploads\/2011\/11\/Vs.-Rampla-125-Copiar.jpg","width":"800","height":"533"},{"@type":"BreadcrumbList","@id":"https:\/\/www.padreydecano.com\/cms\/los-aromos\/otra-vez-por-la-repesca\/#breadcrumb","itemListElement":[{"@type":"ListItem","position":1,"name":"Portada","item":"https:\/\/www.padreydecano.com\/cms\/"},{"@type":"ListItem","position":2,"name":"Otra vez por la repesca"}]},{"@type":"WebSite","@id":"https:\/\/www.padreydecano.com\/cms\/#website","url":"https:\/\/www.padreydecano.com\/cms\/","name":"Padre y Decano - El Sitio del Pueblo","description":"Club Atl\u00e9tico Pe\u00f1arol","publisher":{"@id":"https:\/\/www.padreydecano.com\/cms\/#organization"},"potentialAction":[{"@type":"SearchAction","target":{"@type":"EntryPoint","urlTemplate":"https:\/\/www.padreydecano.com\/cms\/?s={search_term_string}"},"query-input":"required name=search_term_string"}],"inLanguage":"es"},{"@type":"Organization","@id":"https:\/\/www.padreydecano.com\/cms\/#organization","name":"Padre y Decano","url":"https:\/\/www.padreydecano.com\/cms\/","logo":{"@type":"ImageObject","inLanguage":"es","@id":"https:\/\/www.padreydecano.com\/cms\/#\/schema\/logo\/image\/","url":"https:\/\/www.padreydecano.com\/cms\/wp-content\/uploads\/2022\/01\/avatar-square.png","contentUrl":"https:\/\/www.padreydecano.com\/cms\/wp-content\/uploads\/2022\/01\/avatar-square.png","width":1500,"height":1500,"caption":"Padre y Decano"},"image":{"@id":"https:\/\/www.padreydecano.com\/cms\/#\/schema\/logo\/image\/"}},{"@type":"Person","@id":"https:\/\/www.padreydecano.com\/cms\/#\/schema\/person\/51e0214db654d9624824b37c2838bb65","name":"Emirona07","image":{"@type":"ImageObject","inLanguage":"es","@id":"https:\/\/www.padreydecano.com\/cms\/#\/schema\/person\/image\/","url":"https:\/\/secure.gravatar.com\/avatar\/93c9118dbd5373a8a065bb5cdddde6bf?s=96&d=https%3A%2F%2Fpadreydecano.com%2Fcms%2Fwp-content%2Fthemes%2Fpyd-theme%2Fimg%2Fdefault-avatar.png&r=g","contentUrl":"https:\/\/secure.gravatar.com\/avatar\/93c9118dbd5373a8a065bb5cdddde6bf?s=96&d=https%3A%2F%2Fpadreydecano.com%2Fcms%2Fwp-content%2Fthemes%2Fpyd-theme%2Fimg%2Fdefault-avatar.png&r=g","caption":"Emirona07"}}]}},"_links":{"self":[{"href":"https:\/\/www.padreydecano.com\/cms\/wp-json\/wp\/v2\/posts\/24201"}],"collection":[{"href":"https:\/\/www.padreydecano.com\/cms\/wp-json\/wp\/v2\/posts"}],"about":[{"href":"https:\/\/www.padreydecano.com\/cms\/wp-json\/wp\/v2\/types\/post"}],"author":[{"embeddable":true,"href":"https:\/\/www.padreydecano.com\/cms\/wp-json\/wp\/v2\/users\/5"}],"replies":[{"embeddable":true,"href":"https:\/\/www.padreydecano.com\/cms\/wp-json\/wp\/v2\/comments?post=24201"}],"version-history":[{"count":0,"href":"https:\/\/www.padreydecano.com\/cms\/wp-json\/wp\/v2\/posts\/24201\/revisions"}],"wp:featuredmedia":[{"embeddable":true,"href":"https:\/\/www.padreydecano.com\/cms\/wp-json\/wp\/v2\/media\/10152"}],"wp:attachment":[{"href":"https:\/\/www.padreydecano.com\/cms\/wp-json\/wp\/v2\/media?parent=24201"}],"wp:term":[{"taxonomy":"category","embeddable":true,"href":"https:\/\/www.padreydecano.com\/cms\/wp-json\/wp\/v2\/categories?post=24201"},{"taxonomy":"post_tag","embeddable":true,"href":"https:\/\/www.padreydecano.com\/cms\/wp-json\/wp\/v2\/tags?post=24201"}],"curies":[{"name":"wp","href":"https:\/\/api.w.org\/{rel}","templated":true}]}}