{"id":20683,"date":"2012-04-03T09:00:19","date_gmt":"2012-04-03T12:00:19","guid":{"rendered":"http:\/\/www.padreydecano.com\/cms\/?p=20683"},"modified":"2012-04-03T09:59:26","modified_gmt":"2012-04-03T12:59:26","slug":"cobertura-exclusiva-en-chile-libertadores-2012","status":"publish","type":"post","link":"https:\/\/www.padreydecano.com\/cms\/editoriales\/cobertura-exclusiva-en-chile-libertadores-2012\/","title":{"rendered":"Cobertura exclusiva en Chile (Libertadores 2012)"},"content":{"rendered":"<p style=\"text-align: justify;\"><span style=\"color: #ffcc02;\"><strong>Padre y Decano<\/strong><\/span> recorri\u00f3 2.680 kil\u00f3metros para alentar al <a title=\"El Club del Siglo XX de Am\u00e9rica del Sur\" href=\"https:\/\/www.padreydecano.com\/cms\/el-club-del-siglo-xx-de-america-del-sur\/\" target=\"_blank\">Campe\u00f3n del Siglo<\/a>\u00a0en uno de sus desaf\u00edos continentales\u00a0y para realizar una cobertura completa desde Santiago de Chile.\u00a0Lamentablemente no ganamos los tres puntos pero cumplimos con nuestro rol de alentar a Pe\u00f1arol y al mismo tiempo realizar una cobertura para que todos los hinchas que no pudieron viajar se informen de todo lo que pasaba en Chile.<\/p>\n<p style=\"text-align: justify;\">Como ya es un cl\u00e1sico en esta web, te relatamos nuestras vivencias en el lugar de los hechos, y en esta entrega te trajimos 3 cr\u00f3nicas de viaje desde Santiago: <a href=\"https:\/\/www.padreydecano.com\/cms\/noticias\/cronica-de-viaje-atras-de-la-cordillera-i\/\" target=\"_blank\">I<\/a>\u00a0&#8211; <a href=\"https:\/\/www.padreydecano.com\/cms\/noticias\/cronica-de-viaje-atras-de-la-cordillera-ii\/\" target=\"_blank\">II<\/a>\u00a0&#8211; <a href=\"https:\/\/www.padreydecano.com\/cms\/noticias\/cronica-de-viaje-atras-de-la-cordillera-iii\/\" target=\"_blank\">III<\/a>. Tambi\u00e9n te contamos de primera mano y con im\u00e1genes exclusivas lo que fue el\u00a0<a href=\"https:\/\/www.padreydecano.com\/cms\/noticias\/el-plantel-reconocio-el-estadio\/\" target=\"_blank\">Reconocimiento del Estadio Nacional de Santiago<\/a>\u00a0en la noche previa al partido.<\/p>\n<p style=\"text-align: justify;\">La\u00a0<a href=\"https:\/\/www.padreydecano.com\/cms\/editoriales\/vamos-en-busca-de-la-remontada\/\" target=\"_blank\">Previa<\/a>\u00a0y el <a href=\"https:\/\/www.padreydecano.com\/cms\/partidos\/derrotados-pero-con-la-cabeza-en-alto\/\" target=\"_blank\">resumen del partido<\/a>\u00a0tambi\u00e9n los tuviste en Padre y Decano, con el plus de una\u00a0<a href=\"https:\/\/www.padreydecano.com\/cms\/partido-a-partido\/fotos-vs-universidad-de-chile-vis-libertadores-2012\/\" target=\"_blank\">Galer\u00eda de fotos<\/a>\u00a0con im\u00e1genes desde la tribuna, con los hinchas, 100% en el lugar de los hechos.<\/p>\n<p style=\"text-align: justify;\">Por \u00faltimo, los videos, que son el medio m\u00e1s pr\u00f3ximo a la realidad. Te mostramos de primera mano la fiesta en las tribunas y un personaje que dio para hablar.\u00a0Agradecemos a todos por haber confiado en nosotros y seguiremos en la misma l\u00ednea tratando de acercar el mundo Pe\u00f1arol a toda la gente.<\/p>\n<p>[youtubegallery]<br \/>\nHincha argentino de Pe\u00f1arol|Av1Acy1ws2s<br \/>\nComida con la Pe\u00f1a de Chile|8iJd6cjUuNo<br \/>\nLa Previa 1|cKVas7iJgYo<br \/>\nLa Previa 2|whu53psJhWk<br \/>\nFestejo de gol|Q9Pj_TJqBgg<br \/>\nIncidentes|B1fHKeHasHE<br \/>\n[\/youtubegallery]<\/p>\n","protected":false},"excerpt":{"rendered":"<p>Padre y Decano recorri\u00f3 2.680 kil\u00f3metros para alentar al Campe\u00f3n del Siglo\u00a0en uno de sus desaf\u00edos continentales\u00a0y para realizar una cobertura completa desde Santiago de Chile.\u00a0Lamentablemente no ganamos los tres puntos pero cumplimos con nuestro rol de alentar a Pe\u00f1arol y al mismo tiempo realizar una cobertura para que todos los hinchas que no pudieron [&hellip;]<\/p>\n","protected":false},"author":2,"featured_media":20495,"comment_status":"open","ping_status":"closed","sticky":false,"template":"","format":"standard","meta":{"footnotes":""},"categories":[43],"tags":[],"yoast_head":"<!-- This site is optimized with the Yoast SEO plugin v23.2 - https:\/\/yoast.com\/wordpress\/plugins\/seo\/ -->\n<title>Cobertura exclusiva en Chile (Libertadores 2012) - Padre y Decano - El Sitio del Pueblo<\/title>\n<meta name=\"robots\" content=\"index, follow, max-snippet:-1, max-image-preview:large, max-video-preview:-1\" \/>\n<link rel=\"canonical\" href=\"https:\/\/www.padreydecano.com\/cms\/editoriales\/cobertura-exclusiva-en-chile-libertadores-2012\/\" \/>\n<meta property=\"og:locale\" content=\"es_ES\" \/>\n<meta property=\"og:type\" content=\"article\" \/>\n<meta property=\"og:title\" content=\"Cobertura exclusiva en Chile (Libertadores 2012) - Padre y Decano - El Sitio del Pueblo\" \/>\n<meta property=\"og:description\" content=\"Padre y Decano recorri\u00f3 2.680 kil\u00f3metros para alentar al Campe\u00f3n del Siglo\u00a0en uno de sus desaf\u00edos continentales\u00a0y para realizar una cobertura completa desde Santiago de Chile.\u00a0Lamentablemente no ganamos los tres puntos pero cumplimos con nuestro rol de alentar a Pe\u00f1arol y al mismo tiempo realizar una cobertura para que todos los hinchas que no pudieron [&hellip;]\" \/>\n<meta property=\"og:url\" content=\"https:\/\/www.padreydecano.com\/cms\/editoriales\/cobertura-exclusiva-en-chile-libertadores-2012\/\" \/>\n<meta property=\"og:site_name\" content=\"Padre y Decano - El Sitio del Pueblo\" \/>\n<meta property=\"article:published_time\" content=\"2012-04-03T12:00:19+00:00\" \/>\n<meta property=\"article:modified_time\" content=\"2012-04-03T12:59:26+00:00\" \/>\n<meta property=\"og:image\" content=\"https:\/\/www.padreydecano.com\/cms\/wp-content\/uploads\/2012\/03\/SAM_1410.jpg\" \/>\n\t<meta property=\"og:image:width\" content=\"720\" \/>\n\t<meta property=\"og:image:height\" content=\"540\" \/>\n\t<meta property=\"og:image:type\" content=\"image\/jpeg\" \/>\n<meta name=\"author\" content=\"Gonzalo16\" \/>\n<meta name=\"twitter:card\" content=\"summary_large_image\" \/>\n<meta name=\"twitter:label1\" content=\"Escrito por\" \/>\n\t<meta name=\"twitter:data1\" content=\"Gonzalo16\" \/>\n\t<meta name=\"twitter:label2\" content=\"Tiempo de lectura\" \/>\n\t<meta name=\"twitter:data2\" content=\"1 minuto\" \/>\n<script type=\"application\/ld+json\" class=\"yoast-schema-graph\">{\"@context\":\"https:\/\/schema.org\",\"@graph\":[{\"@type\":\"Article\",\"@id\":\"https:\/\/www.padreydecano.com\/cms\/editoriales\/cobertura-exclusiva-en-chile-libertadores-2012\/#article\",\"isPartOf\":{\"@id\":\"https:\/\/www.padreydecano.com\/cms\/editoriales\/cobertura-exclusiva-en-chile-libertadores-2012\/\"},\"author\":{\"name\":\"Gonzalo16\",\"@id\":\"https:\/\/www.padreydecano.com\/cms\/#\/schema\/person\/7fe41e3e335700ebd387196df2f9a8d4\"},\"headline\":\"Cobertura exclusiva en Chile (Libertadores 2012)\",\"datePublished\":\"2012-04-03T12:00:19+00:00\",\"dateModified\":\"2012-04-03T12:59:26+00:00\",\"mainEntityOfPage\":{\"@id\":\"https:\/\/www.padreydecano.com\/cms\/editoriales\/cobertura-exclusiva-en-chile-libertadores-2012\/\"},\"wordCount\":274,\"commentCount\":1,\"publisher\":{\"@id\":\"https:\/\/www.padreydecano.com\/cms\/#organization\"},\"image\":{\"@id\":\"https:\/\/www.padreydecano.com\/cms\/editoriales\/cobertura-exclusiva-en-chile-libertadores-2012\/#primaryimage\"},\"thumbnailUrl\":\"https:\/\/www.padreydecano.com\/cms\/wp-content\/uploads\/2012\/03\/SAM_1410.jpg\",\"articleSection\":[\"Editoriales\"],\"inLanguage\":\"es\",\"potentialAction\":[{\"@type\":\"CommentAction\",\"name\":\"Comment\",\"target\":[\"https:\/\/www.padreydecano.com\/cms\/editoriales\/cobertura-exclusiva-en-chile-libertadores-2012\/#respond\"]}]},{\"@type\":\"WebPage\",\"@id\":\"https:\/\/www.padreydecano.com\/cms\/editoriales\/cobertura-exclusiva-en-chile-libertadores-2012\/\",\"url\":\"https:\/\/www.padreydecano.com\/cms\/editoriales\/cobertura-exclusiva-en-chile-libertadores-2012\/\",\"name\":\"Cobertura exclusiva en Chile (Libertadores 2012) - Padre y Decano - El Sitio del Pueblo\",\"isPartOf\":{\"@id\":\"https:\/\/www.padreydecano.com\/cms\/#website\"},\"primaryImageOfPage\":{\"@id\":\"https:\/\/www.padreydecano.com\/cms\/editoriales\/cobertura-exclusiva-en-chile-libertadores-2012\/#primaryimage\"},\"image\":{\"@id\":\"https:\/\/www.padreydecano.com\/cms\/editoriales\/cobertura-exclusiva-en-chile-libertadores-2012\/#primaryimage\"},\"thumbnailUrl\":\"https:\/\/www.padreydecano.com\/cms\/wp-content\/uploads\/2012\/03\/SAM_1410.jpg\",\"datePublished\":\"2012-04-03T12:00:19+00:00\",\"dateModified\":\"2012-04-03T12:59:26+00:00\",\"breadcrumb\":{\"@id\":\"https:\/\/www.padreydecano.com\/cms\/editoriales\/cobertura-exclusiva-en-chile-libertadores-2012\/#breadcrumb\"},\"inLanguage\":\"es\",\"potentialAction\":[{\"@type\":\"ReadAction\",\"target\":[\"https:\/\/www.padreydecano.com\/cms\/editoriales\/cobertura-exclusiva-en-chile-libertadores-2012\/\"]}]},{\"@type\":\"ImageObject\",\"inLanguage\":\"es\",\"@id\":\"https:\/\/www.padreydecano.com\/cms\/editoriales\/cobertura-exclusiva-en-chile-libertadores-2012\/#primaryimage\",\"url\":\"https:\/\/www.padreydecano.com\/cms\/wp-content\/uploads\/2012\/03\/SAM_1410.jpg\",\"contentUrl\":\"https:\/\/www.padreydecano.com\/cms\/wp-content\/uploads\/2012\/03\/SAM_1410.jpg\",\"width\":\"720\",\"height\":\"540\"},{\"@type\":\"BreadcrumbList\",\"@id\":\"https:\/\/www.padreydecano.com\/cms\/editoriales\/cobertura-exclusiva-en-chile-libertadores-2012\/#breadcrumb\",\"itemListElement\":[{\"@type\":\"ListItem\",\"position\":1,\"name\":\"Portada\",\"item\":\"https:\/\/www.padreydecano.com\/cms\/\"},{\"@type\":\"ListItem\",\"position\":2,\"name\":\"Cobertura exclusiva en Chile (Libertadores 2012)\"}]},{\"@type\":\"WebSite\",\"@id\":\"https:\/\/www.padreydecano.com\/cms\/#website\",\"url\":\"https:\/\/www.padreydecano.com\/cms\/\",\"name\":\"Padre y Decano - El Sitio del Pueblo\",\"description\":\"Club Atl\u00e9tico Pe\u00f1arol\",\"publisher\":{\"@id\":\"https:\/\/www.padreydecano.com\/cms\/#organization\"},\"potentialAction\":[{\"@type\":\"SearchAction\",\"target\":{\"@type\":\"EntryPoint\",\"urlTemplate\":\"https:\/\/www.padreydecano.com\/cms\/?s={search_term_string}\"},\"query-input\":\"required name=search_term_string\"}],\"inLanguage\":\"es\"},{\"@type\":\"Organization\",\"@id\":\"https:\/\/www.padreydecano.com\/cms\/#organization\",\"name\":\"Padre y Decano\",\"url\":\"https:\/\/www.padreydecano.com\/cms\/\",\"logo\":{\"@type\":\"ImageObject\",\"inLanguage\":\"es\",\"@id\":\"https:\/\/www.padreydecano.com\/cms\/#\/schema\/logo\/image\/\",\"url\":\"https:\/\/www.padreydecano.com\/cms\/wp-content\/uploads\/2022\/01\/avatar-square.png\",\"contentUrl\":\"https:\/\/www.padreydecano.com\/cms\/wp-content\/uploads\/2022\/01\/avatar-square.png\",\"width\":1500,\"height\":1500,\"caption\":\"Padre y Decano\"},\"image\":{\"@id\":\"https:\/\/www.padreydecano.com\/cms\/#\/schema\/logo\/image\/\"}},{\"@type\":\"Person\",\"@id\":\"https:\/\/www.padreydecano.com\/cms\/#\/schema\/person\/7fe41e3e335700ebd387196df2f9a8d4\",\"name\":\"Gonzalo16\",\"image\":{\"@type\":\"ImageObject\",\"inLanguage\":\"es\",\"@id\":\"https:\/\/www.padreydecano.com\/cms\/#\/schema\/person\/image\/\",\"url\":\"https:\/\/secure.gravatar.com\/avatar\/4d5cdd49803a2313c01f77e3dfc05d81?s=96&d=https%3A%2F%2Fpadreydecano.com%2Fcms%2Fwp-content%2Fthemes%2Fpyd-theme%2Fimg%2Fdefault-avatar.png&r=g\",\"contentUrl\":\"https:\/\/secure.gravatar.com\/avatar\/4d5cdd49803a2313c01f77e3dfc05d81?s=96&d=https%3A%2F%2Fpadreydecano.com%2Fcms%2Fwp-content%2Fthemes%2Fpyd-theme%2Fimg%2Fdefault-avatar.png&r=g\",\"caption\":\"Gonzalo16\"}}]}<\/script>\n<!-- \/ Yoast SEO plugin. -->","yoast_head_json":{"title":"Cobertura exclusiva en Chile (Libertadores 2012) - Padre y Decano - El Sitio del Pueblo","robots":{"index":"index","follow":"follow","max-snippet":"max-snippet:-1","max-image-preview":"max-image-preview:large","max-video-preview":"max-video-preview:-1"},"canonical":"https:\/\/www.padreydecano.com\/cms\/editoriales\/cobertura-exclusiva-en-chile-libertadores-2012\/","og_locale":"es_ES","og_type":"article","og_title":"Cobertura exclusiva en Chile (Libertadores 2012) - Padre y Decano - El Sitio del Pueblo","og_description":"Padre y Decano recorri\u00f3 2.680 kil\u00f3metros para alentar al Campe\u00f3n del Siglo\u00a0en uno de sus desaf\u00edos continentales\u00a0y para realizar una cobertura completa desde Santiago de Chile.\u00a0Lamentablemente no ganamos los tres puntos pero cumplimos con nuestro rol de alentar a Pe\u00f1arol y al mismo tiempo realizar una cobertura para que todos los hinchas que no pudieron [&hellip;]","og_url":"https:\/\/www.padreydecano.com\/cms\/editoriales\/cobertura-exclusiva-en-chile-libertadores-2012\/","og_site_name":"Padre y Decano - El Sitio del Pueblo","article_published_time":"2012-04-03T12:00:19+00:00","article_modified_time":"2012-04-03T12:59:26+00:00","og_image":[{"width":720,"height":540,"url":"https:\/\/www.padreydecano.com\/cms\/wp-content\/uploads\/2012\/03\/SAM_1410.jpg","type":"image\/jpeg"}],"author":"Gonzalo16","twitter_card":"summary_large_image","twitter_misc":{"Escrito por":"Gonzalo16","Tiempo de lectura":"1 minuto"},"schema":{"@context":"https:\/\/schema.org","@graph":[{"@type":"Article","@id":"https:\/\/www.padreydecano.com\/cms\/editoriales\/cobertura-exclusiva-en-chile-libertadores-2012\/#article","isPartOf":{"@id":"https:\/\/www.padreydecano.com\/cms\/editoriales\/cobertura-exclusiva-en-chile-libertadores-2012\/"},"author":{"name":"Gonzalo16","@id":"https:\/\/www.padreydecano.com\/cms\/#\/schema\/person\/7fe41e3e335700ebd387196df2f9a8d4"},"headline":"Cobertura exclusiva en Chile (Libertadores 2012)","datePublished":"2012-04-03T12:00:19+00:00","dateModified":"2012-04-03T12:59:26+00:00","mainEntityOfPage":{"@id":"https:\/\/www.padreydecano.com\/cms\/editoriales\/cobertura-exclusiva-en-chile-libertadores-2012\/"},"wordCount":274,"commentCount":1,"publisher":{"@id":"https:\/\/www.padreydecano.com\/cms\/#organization"},"image":{"@id":"https:\/\/www.padreydecano.com\/cms\/editoriales\/cobertura-exclusiva-en-chile-libertadores-2012\/#primaryimage"},"thumbnailUrl":"https:\/\/www.padreydecano.com\/cms\/wp-content\/uploads\/2012\/03\/SAM_1410.jpg","articleSection":["Editoriales"],"inLanguage":"es","potentialAction":[{"@type":"CommentAction","name":"Comment","target":["https:\/\/www.padreydecano.com\/cms\/editoriales\/cobertura-exclusiva-en-chile-libertadores-2012\/#respond"]}]},{"@type":"WebPage","@id":"https:\/\/www.padreydecano.com\/cms\/editoriales\/cobertura-exclusiva-en-chile-libertadores-2012\/","url":"https:\/\/www.padreydecano.com\/cms\/editoriales\/cobertura-exclusiva-en-chile-libertadores-2012\/","name":"Cobertura exclusiva en Chile (Libertadores 2012) - Padre y Decano - El Sitio del Pueblo","isPartOf":{"@id":"https:\/\/www.padreydecano.com\/cms\/#website"},"primaryImageOfPage":{"@id":"https:\/\/www.padreydecano.com\/cms\/editoriales\/cobertura-exclusiva-en-chile-libertadores-2012\/#primaryimage"},"image":{"@id":"https:\/\/www.padreydecano.com\/cms\/editoriales\/cobertura-exclusiva-en-chile-libertadores-2012\/#primaryimage"},"thumbnailUrl":"https:\/\/www.padreydecano.com\/cms\/wp-content\/uploads\/2012\/03\/SAM_1410.jpg","datePublished":"2012-04-03T12:00:19+00:00","dateModified":"2012-04-03T12:59:26+00:00","breadcrumb":{"@id":"https:\/\/www.padreydecano.com\/cms\/editoriales\/cobertura-exclusiva-en-chile-libertadores-2012\/#breadcrumb"},"inLanguage":"es","potentialAction":[{"@type":"ReadAction","target":["https:\/\/www.padreydecano.com\/cms\/editoriales\/cobertura-exclusiva-en-chile-libertadores-2012\/"]}]},{"@type":"ImageObject","inLanguage":"es","@id":"https:\/\/www.padreydecano.com\/cms\/editoriales\/cobertura-exclusiva-en-chile-libertadores-2012\/#primaryimage","url":"https:\/\/www.padreydecano.com\/cms\/wp-content\/uploads\/2012\/03\/SAM_1410.jpg","contentUrl":"https:\/\/www.padreydecano.com\/cms\/wp-content\/uploads\/2012\/03\/SAM_1410.jpg","width":"720","height":"540"},{"@type":"BreadcrumbList","@id":"https:\/\/www.padreydecano.com\/cms\/editoriales\/cobertura-exclusiva-en-chile-libertadores-2012\/#breadcrumb","itemListElement":[{"@type":"ListItem","position":1,"name":"Portada","item":"https:\/\/www.padreydecano.com\/cms\/"},{"@type":"ListItem","position":2,"name":"Cobertura exclusiva en Chile (Libertadores 2012)"}]},{"@type":"WebSite","@id":"https:\/\/www.padreydecano.com\/cms\/#website","url":"https:\/\/www.padreydecano.com\/cms\/","name":"Padre y Decano - El Sitio del Pueblo","description":"Club Atl\u00e9tico Pe\u00f1arol","publisher":{"@id":"https:\/\/www.padreydecano.com\/cms\/#organization"},"potentialAction":[{"@type":"SearchAction","target":{"@type":"EntryPoint","urlTemplate":"https:\/\/www.padreydecano.com\/cms\/?s={search_term_string}"},"query-input":"required name=search_term_string"}],"inLanguage":"es"},{"@type":"Organization","@id":"https:\/\/www.padreydecano.com\/cms\/#organization","name":"Padre y Decano","url":"https:\/\/www.padreydecano.com\/cms\/","logo":{"@type":"ImageObject","inLanguage":"es","@id":"https:\/\/www.padreydecano.com\/cms\/#\/schema\/logo\/image\/","url":"https:\/\/www.padreydecano.com\/cms\/wp-content\/uploads\/2022\/01\/avatar-square.png","contentUrl":"https:\/\/www.padreydecano.com\/cms\/wp-content\/uploads\/2022\/01\/avatar-square.png","width":1500,"height":1500,"caption":"Padre y Decano"},"image":{"@id":"https:\/\/www.padreydecano.com\/cms\/#\/schema\/logo\/image\/"}},{"@type":"Person","@id":"https:\/\/www.padreydecano.com\/cms\/#\/schema\/person\/7fe41e3e335700ebd387196df2f9a8d4","name":"Gonzalo16","image":{"@type":"ImageObject","inLanguage":"es","@id":"https:\/\/www.padreydecano.com\/cms\/#\/schema\/person\/image\/","url":"https:\/\/secure.gravatar.com\/avatar\/4d5cdd49803a2313c01f77e3dfc05d81?s=96&d=https%3A%2F%2Fpadreydecano.com%2Fcms%2Fwp-content%2Fthemes%2Fpyd-theme%2Fimg%2Fdefault-avatar.png&r=g","contentUrl":"https:\/\/secure.gravatar.com\/avatar\/4d5cdd49803a2313c01f77e3dfc05d81?s=96&d=https%3A%2F%2Fpadreydecano.com%2Fcms%2Fwp-content%2Fthemes%2Fpyd-theme%2Fimg%2Fdefault-avatar.png&r=g","caption":"Gonzalo16"}}]}},"_links":{"self":[{"href":"https:\/\/www.padreydecano.com\/cms\/wp-json\/wp\/v2\/posts\/20683"}],"collection":[{"href":"https:\/\/www.padreydecano.com\/cms\/wp-json\/wp\/v2\/posts"}],"about":[{"href":"https:\/\/www.padreydecano.com\/cms\/wp-json\/wp\/v2\/types\/post"}],"author":[{"embeddable":true,"href":"https:\/\/www.padreydecano.com\/cms\/wp-json\/wp\/v2\/users\/2"}],"replies":[{"embeddable":true,"href":"https:\/\/www.padreydecano.com\/cms\/wp-json\/wp\/v2\/comments?post=20683"}],"version-history":[{"count":0,"href":"https:\/\/www.padreydecano.com\/cms\/wp-json\/wp\/v2\/posts\/20683\/revisions"}],"wp:featuredmedia":[{"embeddable":true,"href":"https:\/\/www.padreydecano.com\/cms\/wp-json\/wp\/v2\/media\/20495"}],"wp:attachment":[{"href":"https:\/\/www.padreydecano.com\/cms\/wp-json\/wp\/v2\/media?parent=20683"}],"wp:term":[{"taxonomy":"category","embeddable":true,"href":"https:\/\/www.padreydecano.com\/cms\/wp-json\/wp\/v2\/categories?post=20683"},{"taxonomy":"post_tag","embeddable":true,"href":"https:\/\/www.padreydecano.com\/cms\/wp-json\/wp\/v2\/tags?post=20683"}],"curies":[{"name":"wp","href":"https:\/\/api.w.org\/{rel}","templated":true}]}}