{"id":1912,"date":"2011-09-21T14:44:57","date_gmt":"2011-09-21T14:44:57","guid":{"rendered":"http:\/\/www.padreydecano.com\/cms\/?p=1912"},"modified":"2011-09-21T14:53:19","modified_gmt":"2011-09-21T14:53:19","slug":"festejos-de-los-120-anos-en-el-club-armonia","status":"publish","type":"post","link":"https:\/\/www.padreydecano.com\/cms\/tribuna\/festejos-de-los-120-anos-en-el-club-armonia\/","title":{"rendered":"Festejos de los 120 a\u00f1os en el Club Armon\u00eda"},"content":{"rendered":"<p style=\"text-align: justify;\"><strong><a href=\"https:\/\/www.padreydecano.com\/cms\/wp-content\/uploads\/2011\/09\/308747_289429687737636_117341681613105_1350873_1430952983_n.jpg\" rel=\"shadowbox[sbpost-1912];player=img;\"><img loading=\"lazy\" decoding=\"async\" class=\"alignleft size-medium wp-image-1913\" src=\"https:\/\/www.padreydecano.com\/cms\/wp-content\/uploads\/2011\/09\/308747_289429687737636_117341681613105_1350873_1430952983_n-300x198.jpg\" alt=\"\" width=\"300\" height=\"198\" srcset=\"https:\/\/www.padreydecano.com\/cms\/wp-content\/uploads\/2011\/09\/308747_289429687737636_117341681613105_1350873_1430952983_n-300x198.jpg 300w, https:\/\/www.padreydecano.com\/cms\/wp-content\/uploads\/2011\/09\/308747_289429687737636_117341681613105_1350873_1430952983_n.jpg 720w\" sizes=\"(max-width: 300px) 100vw, 300px\" \/><\/a><\/strong>Quedan pocos lugares para la comida del 28 de setiembre. La misma se realizar\u00e1 luego del partido festejo en el Estadio Centenario.<br \/>\nEn la cena podr\u00e1s compartir un grato momento con varias glorias y jugadores que estar\u00e1n presentes en el partido del 28. Del plantel principal estar\u00e1n presentes <strong>Gregorio Perez, Gustavo Barros Schelotto, Walter Lopez y Fabian Carini<\/strong> entre otros. Est\u00e1 confirmada la presencia en la cena de <strong>Walter \u00abel indio\u00bb Olivera, Obdulio Trasante y Antonio Pacheco<\/strong>.<br \/>\nNo dejes la posibilidad de festejar los 120 a\u00f1os junto a todos estos \u00eddolos del club. Para las mujeres hay una promoci\u00f3n que con una entrada pueden entrar dos mujeres.<br \/>\nLe recordamos que la cena cuenta con m\u00fasica en vivo, sorteos y muchas sorpresas m\u00e1s. El evento contar\u00e1 con el show en vivo de la murga <strong>FALTA Y RESTO<\/strong> y la murga de la hinchada <strong>\u00abMurga La Carbonera Arrabalera\u00bb<\/strong>.<br \/>\nLa fiesta es en el Club de Pesca Armon\u00eda y consta de una cena completa con entrada de fiambres y pizzas; de plato principal asado con ensaladas varias. Se le agrega una canilla libre de whisky Chivas Regall, champagne Concha y Toro, cerveza y refrescos. El costo del ticket es de USD 100 por persona (Mujeres 2X1).<br \/>\nUna noche completa para festejar un nuevo aniversario de nuestra amada instituci\u00f3n, no te la podes perder, va a ser una noche \u00fanica.<\/p>\n<p>Por consultas o reservas comunicarse al 094.24.14.64 (Graciela) \u00f3 v\u00eda mail a\u00a0<a href=\"mailto:gra.griscti@hotmail.com\" target=\"_blank\">gra.griscti@hotmail.com<\/a>.<\/p>\n","protected":false},"excerpt":{"rendered":"<p>Quedan pocos lugares para la comida del 28 de setiembre. La misma se realizar\u00e1 luego del partido festejo en el Estadio Centenario. En la cena podr\u00e1s compartir un grato momento con varias glorias y jugadores que estar\u00e1n presentes en el partido del 28. Del plantel principal estar\u00e1n presentes Gregorio Perez, Gustavo Barros Schelotto, Walter Lopez [&hellip;]<\/p>\n","protected":false},"author":2,"featured_media":1913,"comment_status":"open","ping_status":"closed","sticky":false,"template":"","format":"standard","meta":{"footnotes":""},"categories":[31],"tags":[],"yoast_head":"<!-- This site is optimized with the Yoast SEO plugin v23.2 - https:\/\/yoast.com\/wordpress\/plugins\/seo\/ -->\n<title>Festejos de los 120 a\u00f1os en el Club Armon\u00eda - Padre y Decano - El Sitio del Pueblo<\/title>\n<meta name=\"robots\" content=\"index, follow, max-snippet:-1, max-image-preview:large, max-video-preview:-1\" \/>\n<link rel=\"canonical\" href=\"https:\/\/www.padreydecano.com\/cms\/tribuna\/festejos-de-los-120-anos-en-el-club-armonia\/\" \/>\n<meta property=\"og:locale\" content=\"es_ES\" \/>\n<meta property=\"og:type\" content=\"article\" \/>\n<meta property=\"og:title\" content=\"Festejos de los 120 a\u00f1os en el Club Armon\u00eda - Padre y Decano - El Sitio del Pueblo\" \/>\n<meta property=\"og:description\" content=\"Quedan pocos lugares para la comida del 28 de setiembre. La misma se realizar\u00e1 luego del partido festejo en el Estadio Centenario. En la cena podr\u00e1s compartir un grato momento con varias glorias y jugadores que estar\u00e1n presentes en el partido del 28. Del plantel principal estar\u00e1n presentes Gregorio Perez, Gustavo Barros Schelotto, Walter Lopez [&hellip;]\" \/>\n<meta property=\"og:url\" content=\"https:\/\/www.padreydecano.com\/cms\/tribuna\/festejos-de-los-120-anos-en-el-club-armonia\/\" \/>\n<meta property=\"og:site_name\" content=\"Padre y Decano - El Sitio del Pueblo\" \/>\n<meta property=\"article:published_time\" content=\"2011-09-21T14:44:57+00:00\" \/>\n<meta property=\"article:modified_time\" content=\"2011-09-21T14:53:19+00:00\" \/>\n<meta property=\"og:image\" content=\"https:\/\/www.padreydecano.com\/cms\/wp-content\/uploads\/2011\/09\/308747_289429687737636_117341681613105_1350873_1430952983_n.jpg\" \/>\n\t<meta property=\"og:image:width\" content=\"720\" \/>\n\t<meta property=\"og:image:height\" content=\"477\" \/>\n\t<meta property=\"og:image:type\" content=\"image\/jpeg\" \/>\n<meta name=\"author\" content=\"Gonzalo16\" \/>\n<meta name=\"twitter:card\" content=\"summary_large_image\" \/>\n<meta name=\"twitter:label1\" content=\"Escrito por\" \/>\n\t<meta name=\"twitter:data1\" content=\"Gonzalo16\" \/>\n\t<meta name=\"twitter:label2\" content=\"Tiempo de lectura\" \/>\n\t<meta name=\"twitter:data2\" content=\"1 minuto\" \/>\n<script type=\"application\/ld+json\" class=\"yoast-schema-graph\">{\"@context\":\"https:\/\/schema.org\",\"@graph\":[{\"@type\":\"Article\",\"@id\":\"https:\/\/www.padreydecano.com\/cms\/tribuna\/festejos-de-los-120-anos-en-el-club-armonia\/#article\",\"isPartOf\":{\"@id\":\"https:\/\/www.padreydecano.com\/cms\/tribuna\/festejos-de-los-120-anos-en-el-club-armonia\/\"},\"author\":{\"name\":\"Gonzalo16\",\"@id\":\"https:\/\/www.padreydecano.com\/cms\/#\/schema\/person\/7fe41e3e335700ebd387196df2f9a8d4\"},\"headline\":\"Festejos de los 120 a\u00f1os en el Club Armon\u00eda\",\"datePublished\":\"2011-09-21T14:44:57+00:00\",\"dateModified\":\"2011-09-21T14:53:19+00:00\",\"mainEntityOfPage\":{\"@id\":\"https:\/\/www.padreydecano.com\/cms\/tribuna\/festejos-de-los-120-anos-en-el-club-armonia\/\"},\"wordCount\":256,\"commentCount\":0,\"publisher\":{\"@id\":\"https:\/\/www.padreydecano.com\/cms\/#organization\"},\"image\":{\"@id\":\"https:\/\/www.padreydecano.com\/cms\/tribuna\/festejos-de-los-120-anos-en-el-club-armonia\/#primaryimage\"},\"thumbnailUrl\":\"https:\/\/www.padreydecano.com\/cms\/wp-content\/uploads\/2011\/09\/308747_289429687737636_117341681613105_1350873_1430952983_n.jpg\",\"articleSection\":[\"Tribuna\"],\"inLanguage\":\"es\",\"potentialAction\":[{\"@type\":\"CommentAction\",\"name\":\"Comment\",\"target\":[\"https:\/\/www.padreydecano.com\/cms\/tribuna\/festejos-de-los-120-anos-en-el-club-armonia\/#respond\"]}]},{\"@type\":\"WebPage\",\"@id\":\"https:\/\/www.padreydecano.com\/cms\/tribuna\/festejos-de-los-120-anos-en-el-club-armonia\/\",\"url\":\"https:\/\/www.padreydecano.com\/cms\/tribuna\/festejos-de-los-120-anos-en-el-club-armonia\/\",\"name\":\"Festejos de los 120 a\u00f1os en el Club Armon\u00eda - Padre y Decano - El Sitio del Pueblo\",\"isPartOf\":{\"@id\":\"https:\/\/www.padreydecano.com\/cms\/#website\"},\"primaryImageOfPage\":{\"@id\":\"https:\/\/www.padreydecano.com\/cms\/tribuna\/festejos-de-los-120-anos-en-el-club-armonia\/#primaryimage\"},\"image\":{\"@id\":\"https:\/\/www.padreydecano.com\/cms\/tribuna\/festejos-de-los-120-anos-en-el-club-armonia\/#primaryimage\"},\"thumbnailUrl\":\"https:\/\/www.padreydecano.com\/cms\/wp-content\/uploads\/2011\/09\/308747_289429687737636_117341681613105_1350873_1430952983_n.jpg\",\"datePublished\":\"2011-09-21T14:44:57+00:00\",\"dateModified\":\"2011-09-21T14:53:19+00:00\",\"breadcrumb\":{\"@id\":\"https:\/\/www.padreydecano.com\/cms\/tribuna\/festejos-de-los-120-anos-en-el-club-armonia\/#breadcrumb\"},\"inLanguage\":\"es\",\"potentialAction\":[{\"@type\":\"ReadAction\",\"target\":[\"https:\/\/www.padreydecano.com\/cms\/tribuna\/festejos-de-los-120-anos-en-el-club-armonia\/\"]}]},{\"@type\":\"ImageObject\",\"inLanguage\":\"es\",\"@id\":\"https:\/\/www.padreydecano.com\/cms\/tribuna\/festejos-de-los-120-anos-en-el-club-armonia\/#primaryimage\",\"url\":\"https:\/\/www.padreydecano.com\/cms\/wp-content\/uploads\/2011\/09\/308747_289429687737636_117341681613105_1350873_1430952983_n.jpg\",\"contentUrl\":\"https:\/\/www.padreydecano.com\/cms\/wp-content\/uploads\/2011\/09\/308747_289429687737636_117341681613105_1350873_1430952983_n.jpg\",\"width\":\"720\",\"height\":\"477\"},{\"@type\":\"BreadcrumbList\",\"@id\":\"https:\/\/www.padreydecano.com\/cms\/tribuna\/festejos-de-los-120-anos-en-el-club-armonia\/#breadcrumb\",\"itemListElement\":[{\"@type\":\"ListItem\",\"position\":1,\"name\":\"Portada\",\"item\":\"https:\/\/www.padreydecano.com\/cms\/\"},{\"@type\":\"ListItem\",\"position\":2,\"name\":\"Festejos de los 120 a\u00f1os en el Club Armon\u00eda\"}]},{\"@type\":\"WebSite\",\"@id\":\"https:\/\/www.padreydecano.com\/cms\/#website\",\"url\":\"https:\/\/www.padreydecano.com\/cms\/\",\"name\":\"Padre y Decano - El Sitio del Pueblo\",\"description\":\"Club Atl\u00e9tico Pe\u00f1arol\",\"publisher\":{\"@id\":\"https:\/\/www.padreydecano.com\/cms\/#organization\"},\"potentialAction\":[{\"@type\":\"SearchAction\",\"target\":{\"@type\":\"EntryPoint\",\"urlTemplate\":\"https:\/\/www.padreydecano.com\/cms\/?s={search_term_string}\"},\"query-input\":\"required name=search_term_string\"}],\"inLanguage\":\"es\"},{\"@type\":\"Organization\",\"@id\":\"https:\/\/www.padreydecano.com\/cms\/#organization\",\"name\":\"Padre y Decano\",\"url\":\"https:\/\/www.padreydecano.com\/cms\/\",\"logo\":{\"@type\":\"ImageObject\",\"inLanguage\":\"es\",\"@id\":\"https:\/\/www.padreydecano.com\/cms\/#\/schema\/logo\/image\/\",\"url\":\"https:\/\/www.padreydecano.com\/cms\/wp-content\/uploads\/2022\/01\/avatar-square.png\",\"contentUrl\":\"https:\/\/www.padreydecano.com\/cms\/wp-content\/uploads\/2022\/01\/avatar-square.png\",\"width\":1500,\"height\":1500,\"caption\":\"Padre y Decano\"},\"image\":{\"@id\":\"https:\/\/www.padreydecano.com\/cms\/#\/schema\/logo\/image\/\"}},{\"@type\":\"Person\",\"@id\":\"https:\/\/www.padreydecano.com\/cms\/#\/schema\/person\/7fe41e3e335700ebd387196df2f9a8d4\",\"name\":\"Gonzalo16\",\"image\":{\"@type\":\"ImageObject\",\"inLanguage\":\"es\",\"@id\":\"https:\/\/www.padreydecano.com\/cms\/#\/schema\/person\/image\/\",\"url\":\"https:\/\/secure.gravatar.com\/avatar\/4d5cdd49803a2313c01f77e3dfc05d81?s=96&d=https%3A%2F%2Fpadreydecano.com%2Fcms%2Fwp-content%2Fthemes%2Fpyd-theme%2Fimg%2Fdefault-avatar.png&r=g\",\"contentUrl\":\"https:\/\/secure.gravatar.com\/avatar\/4d5cdd49803a2313c01f77e3dfc05d81?s=96&d=https%3A%2F%2Fpadreydecano.com%2Fcms%2Fwp-content%2Fthemes%2Fpyd-theme%2Fimg%2Fdefault-avatar.png&r=g\",\"caption\":\"Gonzalo16\"}}]}<\/script>\n<!-- \/ Yoast SEO plugin. -->","yoast_head_json":{"title":"Festejos de los 120 a\u00f1os en el Club Armon\u00eda - Padre y Decano - El Sitio del Pueblo","robots":{"index":"index","follow":"follow","max-snippet":"max-snippet:-1","max-image-preview":"max-image-preview:large","max-video-preview":"max-video-preview:-1"},"canonical":"https:\/\/www.padreydecano.com\/cms\/tribuna\/festejos-de-los-120-anos-en-el-club-armonia\/","og_locale":"es_ES","og_type":"article","og_title":"Festejos de los 120 a\u00f1os en el Club Armon\u00eda - Padre y Decano - El Sitio del Pueblo","og_description":"Quedan pocos lugares para la comida del 28 de setiembre. La misma se realizar\u00e1 luego del partido festejo en el Estadio Centenario. En la cena podr\u00e1s compartir un grato momento con varias glorias y jugadores que estar\u00e1n presentes en el partido del 28. Del plantel principal estar\u00e1n presentes Gregorio Perez, Gustavo Barros Schelotto, Walter Lopez [&hellip;]","og_url":"https:\/\/www.padreydecano.com\/cms\/tribuna\/festejos-de-los-120-anos-en-el-club-armonia\/","og_site_name":"Padre y Decano - El Sitio del Pueblo","article_published_time":"2011-09-21T14:44:57+00:00","article_modified_time":"2011-09-21T14:53:19+00:00","og_image":[{"width":720,"height":477,"url":"https:\/\/www.padreydecano.com\/cms\/wp-content\/uploads\/2011\/09\/308747_289429687737636_117341681613105_1350873_1430952983_n.jpg","type":"image\/jpeg"}],"author":"Gonzalo16","twitter_card":"summary_large_image","twitter_misc":{"Escrito por":"Gonzalo16","Tiempo de lectura":"1 minuto"},"schema":{"@context":"https:\/\/schema.org","@graph":[{"@type":"Article","@id":"https:\/\/www.padreydecano.com\/cms\/tribuna\/festejos-de-los-120-anos-en-el-club-armonia\/#article","isPartOf":{"@id":"https:\/\/www.padreydecano.com\/cms\/tribuna\/festejos-de-los-120-anos-en-el-club-armonia\/"},"author":{"name":"Gonzalo16","@id":"https:\/\/www.padreydecano.com\/cms\/#\/schema\/person\/7fe41e3e335700ebd387196df2f9a8d4"},"headline":"Festejos de los 120 a\u00f1os en el Club Armon\u00eda","datePublished":"2011-09-21T14:44:57+00:00","dateModified":"2011-09-21T14:53:19+00:00","mainEntityOfPage":{"@id":"https:\/\/www.padreydecano.com\/cms\/tribuna\/festejos-de-los-120-anos-en-el-club-armonia\/"},"wordCount":256,"commentCount":0,"publisher":{"@id":"https:\/\/www.padreydecano.com\/cms\/#organization"},"image":{"@id":"https:\/\/www.padreydecano.com\/cms\/tribuna\/festejos-de-los-120-anos-en-el-club-armonia\/#primaryimage"},"thumbnailUrl":"https:\/\/www.padreydecano.com\/cms\/wp-content\/uploads\/2011\/09\/308747_289429687737636_117341681613105_1350873_1430952983_n.jpg","articleSection":["Tribuna"],"inLanguage":"es","potentialAction":[{"@type":"CommentAction","name":"Comment","target":["https:\/\/www.padreydecano.com\/cms\/tribuna\/festejos-de-los-120-anos-en-el-club-armonia\/#respond"]}]},{"@type":"WebPage","@id":"https:\/\/www.padreydecano.com\/cms\/tribuna\/festejos-de-los-120-anos-en-el-club-armonia\/","url":"https:\/\/www.padreydecano.com\/cms\/tribuna\/festejos-de-los-120-anos-en-el-club-armonia\/","name":"Festejos de los 120 a\u00f1os en el Club Armon\u00eda - Padre y Decano - El Sitio del Pueblo","isPartOf":{"@id":"https:\/\/www.padreydecano.com\/cms\/#website"},"primaryImageOfPage":{"@id":"https:\/\/www.padreydecano.com\/cms\/tribuna\/festejos-de-los-120-anos-en-el-club-armonia\/#primaryimage"},"image":{"@id":"https:\/\/www.padreydecano.com\/cms\/tribuna\/festejos-de-los-120-anos-en-el-club-armonia\/#primaryimage"},"thumbnailUrl":"https:\/\/www.padreydecano.com\/cms\/wp-content\/uploads\/2011\/09\/308747_289429687737636_117341681613105_1350873_1430952983_n.jpg","datePublished":"2011-09-21T14:44:57+00:00","dateModified":"2011-09-21T14:53:19+00:00","breadcrumb":{"@id":"https:\/\/www.padreydecano.com\/cms\/tribuna\/festejos-de-los-120-anos-en-el-club-armonia\/#breadcrumb"},"inLanguage":"es","potentialAction":[{"@type":"ReadAction","target":["https:\/\/www.padreydecano.com\/cms\/tribuna\/festejos-de-los-120-anos-en-el-club-armonia\/"]}]},{"@type":"ImageObject","inLanguage":"es","@id":"https:\/\/www.padreydecano.com\/cms\/tribuna\/festejos-de-los-120-anos-en-el-club-armonia\/#primaryimage","url":"https:\/\/www.padreydecano.com\/cms\/wp-content\/uploads\/2011\/09\/308747_289429687737636_117341681613105_1350873_1430952983_n.jpg","contentUrl":"https:\/\/www.padreydecano.com\/cms\/wp-content\/uploads\/2011\/09\/308747_289429687737636_117341681613105_1350873_1430952983_n.jpg","width":"720","height":"477"},{"@type":"BreadcrumbList","@id":"https:\/\/www.padreydecano.com\/cms\/tribuna\/festejos-de-los-120-anos-en-el-club-armonia\/#breadcrumb","itemListElement":[{"@type":"ListItem","position":1,"name":"Portada","item":"https:\/\/www.padreydecano.com\/cms\/"},{"@type":"ListItem","position":2,"name":"Festejos de los 120 a\u00f1os en el Club Armon\u00eda"}]},{"@type":"WebSite","@id":"https:\/\/www.padreydecano.com\/cms\/#website","url":"https:\/\/www.padreydecano.com\/cms\/","name":"Padre y Decano - El Sitio del Pueblo","description":"Club Atl\u00e9tico Pe\u00f1arol","publisher":{"@id":"https:\/\/www.padreydecano.com\/cms\/#organization"},"potentialAction":[{"@type":"SearchAction","target":{"@type":"EntryPoint","urlTemplate":"https:\/\/www.padreydecano.com\/cms\/?s={search_term_string}"},"query-input":"required name=search_term_string"}],"inLanguage":"es"},{"@type":"Organization","@id":"https:\/\/www.padreydecano.com\/cms\/#organization","name":"Padre y Decano","url":"https:\/\/www.padreydecano.com\/cms\/","logo":{"@type":"ImageObject","inLanguage":"es","@id":"https:\/\/www.padreydecano.com\/cms\/#\/schema\/logo\/image\/","url":"https:\/\/www.padreydecano.com\/cms\/wp-content\/uploads\/2022\/01\/avatar-square.png","contentUrl":"https:\/\/www.padreydecano.com\/cms\/wp-content\/uploads\/2022\/01\/avatar-square.png","width":1500,"height":1500,"caption":"Padre y Decano"},"image":{"@id":"https:\/\/www.padreydecano.com\/cms\/#\/schema\/logo\/image\/"}},{"@type":"Person","@id":"https:\/\/www.padreydecano.com\/cms\/#\/schema\/person\/7fe41e3e335700ebd387196df2f9a8d4","name":"Gonzalo16","image":{"@type":"ImageObject","inLanguage":"es","@id":"https:\/\/www.padreydecano.com\/cms\/#\/schema\/person\/image\/","url":"https:\/\/secure.gravatar.com\/avatar\/4d5cdd49803a2313c01f77e3dfc05d81?s=96&d=https%3A%2F%2Fpadreydecano.com%2Fcms%2Fwp-content%2Fthemes%2Fpyd-theme%2Fimg%2Fdefault-avatar.png&r=g","contentUrl":"https:\/\/secure.gravatar.com\/avatar\/4d5cdd49803a2313c01f77e3dfc05d81?s=96&d=https%3A%2F%2Fpadreydecano.com%2Fcms%2Fwp-content%2Fthemes%2Fpyd-theme%2Fimg%2Fdefault-avatar.png&r=g","caption":"Gonzalo16"}}]}},"_links":{"self":[{"href":"https:\/\/www.padreydecano.com\/cms\/wp-json\/wp\/v2\/posts\/1912"}],"collection":[{"href":"https:\/\/www.padreydecano.com\/cms\/wp-json\/wp\/v2\/posts"}],"about":[{"href":"https:\/\/www.padreydecano.com\/cms\/wp-json\/wp\/v2\/types\/post"}],"author":[{"embeddable":true,"href":"https:\/\/www.padreydecano.com\/cms\/wp-json\/wp\/v2\/users\/2"}],"replies":[{"embeddable":true,"href":"https:\/\/www.padreydecano.com\/cms\/wp-json\/wp\/v2\/comments?post=1912"}],"version-history":[{"count":0,"href":"https:\/\/www.padreydecano.com\/cms\/wp-json\/wp\/v2\/posts\/1912\/revisions"}],"wp:featuredmedia":[{"embeddable":true,"href":"https:\/\/www.padreydecano.com\/cms\/wp-json\/wp\/v2\/media\/1913"}],"wp:attachment":[{"href":"https:\/\/www.padreydecano.com\/cms\/wp-json\/wp\/v2\/media?parent=1912"}],"wp:term":[{"taxonomy":"category","embeddable":true,"href":"https:\/\/www.padreydecano.com\/cms\/wp-json\/wp\/v2\/categories?post=1912"},{"taxonomy":"post_tag","embeddable":true,"href":"https:\/\/www.padreydecano.com\/cms\/wp-json\/wp\/v2\/tags?post=1912"}],"curies":[{"name":"wp","href":"https:\/\/api.w.org\/{rel}","templated":true}]}}