{"id":1870,"date":"2011-09-20T02:04:32","date_gmt":"2011-09-20T02:04:32","guid":{"rendered":"http:\/\/www.padreydecano.com\/cms\/?p=1870"},"modified":"2011-11-23T23:17:28","modified_gmt":"2011-11-24T01:17:28","slug":"%c2%bfcompromiso-con-la-celeste","status":"publish","type":"post","link":"https:\/\/www.padreydecano.com\/cms\/columnas\/%c2%bfcompromiso-con-la-celeste\/","title":{"rendered":"\u00bfCompromiso con la celeste?"},"content":{"rendered":"<div style=\"text-align: justify;\">\n<p><img loading=\"lazy\" decoding=\"async\" class=\"alignleft size-medium wp-image-1871\" src=\"https:\/\/www.padreydecano.com\/cms\/wp-content\/uploads\/2011\/09\/los-pitufos-239x300.jpg\" alt=\"\" width=\"239\" height=\"300\" srcset=\"https:\/\/www.padreydecano.com\/cms\/wp-content\/uploads\/2011\/09\/los-pitufos-239x300.jpg 239w, https:\/\/www.padreydecano.com\/cms\/wp-content\/uploads\/2011\/09\/los-pitufos.jpg 575w\" sizes=\"(max-width: 239px) 100vw, 239px\" \/>En los \u00faltimos d\u00edas parece que se gener\u00f3 una revoluci\u00f3n con el uso de la camiseta celeste de nuestro tradicional rival tanto en la Copa Sudamericana como en el Apertura. El argumento utilizado es que en 1903 el primer equipo de nuestro tradicional rival represent\u00f3 a la selecci\u00f3n uruguaya, consiguiendo una victoria ante la selecci\u00f3n argentina por un partido <strong>amistoso<\/strong>, y ya de esa manera, sellaron lo que ellos definen como \u00abcompromiso\u00bb.<\/p>\n<\/div>\n<div style=\"text-align: justify;\">\n<p>Ahora, pensemos un poquito. \u00bfSe le puede decir compromiso a un equipo que en sus inicios no aceptaba negros en sus filas? Una de las etnias m\u00e1s fuertes e importantes de nuestro pa\u00eds no ten\u00eda lugar en ese club, y sin embargo ellos consideran que representan al Uruguay y tienen un compromiso asumido desde siempre.<\/p>\n<\/div>\n<div style=\"text-align: justify;\">\n<p>Avancemos en el tiempo y situ\u00e9mosnos en las eliminatorias para Corea y Jap\u00f3n 2002. Daniel Alberto Passarella tuvo conflictos con dicho club, ya que no quiso ceder a Vicente S\u00e1nchez cuando fue solicitado. <a href=\"http:\/\/edant.clarin.com\/diario\/2001\/02\/21\/d-04601.htm\">El 21 de de febrero del 2001, la versi\u00f3n digital del diario Clar\u00edn<\/a> titulaba lo siguiente: \u00ab<em>Passarella dijo basta y ya no es el DT de Uruguay<\/em>\u00bb En el copete, se puede leer \u00ab<em>Un nuevo conflicto con el club Nacional, que esta vez se neg\u00f3 a cederle al delantero S\u00e1nchez, fue el detonante\u00bb<\/em>.<\/p>\n<\/div>\n<div style=\"text-align: justify;\">Si uno avanza en la lectura de dicho art\u00edculo, se va a encontrar con frases como \u00ab<em>\u00c9l mismo aclar\u00f3 que estaba nervioso por la medida tomada pero que no hay marcha atr\u00e1s. Se refer\u00eda a las \u00abreiteradas faltas de apoyo del Club Nacional (&#8230;) el jugador Vicente S\u00e1nchez, convocado para presentarse ayer a los entrenamientos de la Selecci\u00f3n, no recibi\u00f3 la autorizaci\u00f3n de Nacional, su club<\/em>\u00ab. Tambi\u00e9n hay otras m\u00e1s jugosas como \u00ab<em>Las razones habr\u00e1 que buscarlas en la actitud hostil, evidente, de Nacional y del t\u00e9cnico Hugo de Le\u00f3n para con las convocatorias de Passarella para el seleccionado (&#8230;) Nacional tom\u00f3 la iniciativa a la hora de poner obst\u00e1culos a las convocatorias. Y el t\u00e9cnico Hugo de Le\u00f3n \u2014jug\u00f3 en River en los tiempos de Passarella\u2014 fue el abanderado de la resistencia<\/em>\u00ab<\/div>\n<div style=\"text-align: justify;\">\n<p>Pero la m\u00e1s clara es la que cierra el p\u00e1rrafo \u00ab<em>En una entrevista posterior con Canal 12, Passarella reiter\u00f3 que su dimisi\u00f3n no ten\u00eda retorno y record\u00f3 que esta era la sexta vez que ten\u00eda problemas, y siempre con Nacional<\/em>\u00ab.<\/p>\n<\/div>\n<div style=\"text-align: justify;\">\n<p><strong>\u00bfEso es compromiso con la selecci\u00f3n uruguaya?<\/strong> Compromiso es otra cosa. Compromiso es ser el \u00fanico equipo del f\u00fatbol uruguayo presente en todos los mundiales. <strong>Desde Uruguay 1930 hasta Sud\u00e1frica 2010, en todos los campeonatos del mundo donde particip\u00f3 la celeste, hubo por lo menos un jugador de Pe\u00f1arol<\/strong>. Adem\u00e1s, la victoria m\u00e1s importante en la historia de los mundiales fue conseguida en gran parte por los aportes de Roque M\u00e1spoli, Obdulio Varela, Alcides Ghiggia, \u00d3scar M\u00edguez y Juan Alberto Schiaffino, jugadores claves y fundamentales para el titulo. Tambi\u00e9n integraban el plantel Juan Carlos Gonz\u00e1lez, Vidal, Ortu\u00f1o y Britos.<\/p>\n<\/div>\n<div style=\"text-align: justify;\">Si quisieron homenajear a ese equipo de 1903 no tendr\u00edan que usar la camiseta toda celeste, ya que <a href=\"http:\/\/es.fifa.com\/worldfootball\/news\/newsid=1285500.html\">la camiseta celeste la impuso el viejo River Plate uruguayo en 1910<\/a>. Como bien dice Alfredo Etchandy en Memorias de la Pelota, \u00ab<em>el 15 de agosto qued\u00f3 en la historia como una fecha muy especial. Ese d\u00eda la selecci\u00f3n oriental se visti\u00f3 de celeste por primera vez y fue para siempre (&#8230;) Fue un homenaje al viejo River Plate y la idea surgi\u00f3 por iniciativa del dirigente de Montevideo Wanderers, Alfredo Le Bas<\/em>\u00ab.<\/div>\n<p><a href=\"https:\/\/www.padreydecano.com\/cms\/tag\/la-verdad-de-la-milanesa\/\"><img decoding=\"async\" class=\"alignright foto-sin-formato\" src=\"https:\/\/www.padreydecano.com\/cms\/wp-users-files\/autor-columna\/milanesa.jpg\" alt=\"\" \/><\/a><\/p>\n","protected":false},"excerpt":{"rendered":"<p>En los \u00faltimos d\u00edas parece que se gener\u00f3 una revoluci\u00f3n con el uso de la camiseta celeste de nuestro tradicional rival tanto en la Copa Sudamericana como en el Apertura. El argumento utilizado es que en 1903 el primer equipo de nuestro tradicional rival represent\u00f3 a la selecci\u00f3n uruguaya, consiguiendo una victoria ante la selecci\u00f3n [&hellip;]<\/p>\n","protected":false},"author":13,"featured_media":0,"comment_status":"open","ping_status":"closed","sticky":false,"template":"","format":"standard","meta":{"footnotes":""},"categories":[28],"tags":[48],"yoast_head":"<!-- This site is optimized with the Yoast SEO plugin v23.2 - https:\/\/yoast.com\/wordpress\/plugins\/seo\/ -->\n<title>\u00bfCompromiso con la celeste? - Padre y Decano - El Sitio del Pueblo<\/title>\n<meta name=\"robots\" content=\"index, follow, max-snippet:-1, max-image-preview:large, max-video-preview:-1\" \/>\n<link rel=\"canonical\" href=\"https:\/\/www.padreydecano.com\/cms\/columnas\/\u00bfcompromiso-con-la-celeste\/\" \/>\n<meta property=\"og:locale\" content=\"es_ES\" \/>\n<meta property=\"og:type\" content=\"article\" \/>\n<meta property=\"og:title\" content=\"\u00bfCompromiso con la celeste? - Padre y Decano - El Sitio del Pueblo\" \/>\n<meta property=\"og:description\" content=\"En los \u00faltimos d\u00edas parece que se gener\u00f3 una revoluci\u00f3n con el uso de la camiseta celeste de nuestro tradicional rival tanto en la Copa Sudamericana como en el Apertura. El argumento utilizado es que en 1903 el primer equipo de nuestro tradicional rival represent\u00f3 a la selecci\u00f3n uruguaya, consiguiendo una victoria ante la selecci\u00f3n [&hellip;]\" \/>\n<meta property=\"og:url\" content=\"https:\/\/www.padreydecano.com\/cms\/columnas\/\u00bfcompromiso-con-la-celeste\/\" \/>\n<meta property=\"og:site_name\" content=\"Padre y Decano - El Sitio del Pueblo\" \/>\n<meta property=\"article:published_time\" content=\"2011-09-20T02:04:32+00:00\" \/>\n<meta property=\"article:modified_time\" content=\"2011-11-24T01:17:28+00:00\" \/>\n<meta property=\"og:image\" content=\"http:\/\/www.padreydecano.com\/cms\/wp-content\/uploads\/2011\/09\/los-pitufos-239x300.jpg\" \/>\n<meta name=\"author\" content=\"Moderador\" \/>\n<meta name=\"twitter:card\" content=\"summary_large_image\" \/>\n<meta name=\"twitter:label1\" content=\"Escrito por\" \/>\n\t<meta name=\"twitter:data1\" content=\"Moderador\" \/>\n\t<meta name=\"twitter:label2\" content=\"Tiempo de lectura\" \/>\n\t<meta name=\"twitter:data2\" content=\"3 minutos\" \/>\n<script type=\"application\/ld+json\" class=\"yoast-schema-graph\">{\"@context\":\"https:\/\/schema.org\",\"@graph\":[{\"@type\":\"Article\",\"@id\":\"https:\/\/www.padreydecano.com\/cms\/columnas\/%c2%bfcompromiso-con-la-celeste\/#article\",\"isPartOf\":{\"@id\":\"https:\/\/www.padreydecano.com\/cms\/columnas\/%c2%bfcompromiso-con-la-celeste\/\"},\"author\":{\"name\":\"Moderador\",\"@id\":\"https:\/\/www.padreydecano.com\/cms\/#\/schema\/person\/d93e9e537230ae052c194251d9a1def2\"},\"headline\":\"\u00bfCompromiso con la celeste?\",\"datePublished\":\"2011-09-20T02:04:32+00:00\",\"dateModified\":\"2011-11-24T01:17:28+00:00\",\"mainEntityOfPage\":{\"@id\":\"https:\/\/www.padreydecano.com\/cms\/columnas\/%c2%bfcompromiso-con-la-celeste\/\"},\"wordCount\":612,\"commentCount\":3,\"publisher\":{\"@id\":\"https:\/\/www.padreydecano.com\/cms\/#organization\"},\"image\":{\"@id\":\"https:\/\/www.padreydecano.com\/cms\/columnas\/%c2%bfcompromiso-con-la-celeste\/#primaryimage\"},\"thumbnailUrl\":\"http:\/\/www.padreydecano.com\/cms\/wp-content\/uploads\/2011\/09\/los-pitufos-239x300.jpg\",\"keywords\":[\"La verdad de la milanesa\"],\"articleSection\":[\"Columnas\"],\"inLanguage\":\"es\",\"potentialAction\":[{\"@type\":\"CommentAction\",\"name\":\"Comment\",\"target\":[\"https:\/\/www.padreydecano.com\/cms\/columnas\/%c2%bfcompromiso-con-la-celeste\/#respond\"]}]},{\"@type\":\"WebPage\",\"@id\":\"https:\/\/www.padreydecano.com\/cms\/columnas\/%c2%bfcompromiso-con-la-celeste\/\",\"url\":\"https:\/\/www.padreydecano.com\/cms\/columnas\/%c2%bfcompromiso-con-la-celeste\/\",\"name\":\"\u00bfCompromiso con la celeste? - Padre y Decano - El Sitio del Pueblo\",\"isPartOf\":{\"@id\":\"https:\/\/www.padreydecano.com\/cms\/#website\"},\"primaryImageOfPage\":{\"@id\":\"https:\/\/www.padreydecano.com\/cms\/columnas\/%c2%bfcompromiso-con-la-celeste\/#primaryimage\"},\"image\":{\"@id\":\"https:\/\/www.padreydecano.com\/cms\/columnas\/%c2%bfcompromiso-con-la-celeste\/#primaryimage\"},\"thumbnailUrl\":\"http:\/\/www.padreydecano.com\/cms\/wp-content\/uploads\/2011\/09\/los-pitufos-239x300.jpg\",\"datePublished\":\"2011-09-20T02:04:32+00:00\",\"dateModified\":\"2011-11-24T01:17:28+00:00\",\"breadcrumb\":{\"@id\":\"https:\/\/www.padreydecano.com\/cms\/columnas\/%c2%bfcompromiso-con-la-celeste\/#breadcrumb\"},\"inLanguage\":\"es\",\"potentialAction\":[{\"@type\":\"ReadAction\",\"target\":[\"https:\/\/www.padreydecano.com\/cms\/columnas\/%c2%bfcompromiso-con-la-celeste\/\"]}]},{\"@type\":\"ImageObject\",\"inLanguage\":\"es\",\"@id\":\"https:\/\/www.padreydecano.com\/cms\/columnas\/%c2%bfcompromiso-con-la-celeste\/#primaryimage\",\"url\":\"http:\/\/www.padreydecano.com\/cms\/wp-content\/uploads\/2011\/09\/los-pitufos-239x300.jpg\",\"contentUrl\":\"http:\/\/www.padreydecano.com\/cms\/wp-content\/uploads\/2011\/09\/los-pitufos-239x300.jpg\"},{\"@type\":\"BreadcrumbList\",\"@id\":\"https:\/\/www.padreydecano.com\/cms\/columnas\/%c2%bfcompromiso-con-la-celeste\/#breadcrumb\",\"itemListElement\":[{\"@type\":\"ListItem\",\"position\":1,\"name\":\"Portada\",\"item\":\"https:\/\/www.padreydecano.com\/cms\/\"},{\"@type\":\"ListItem\",\"position\":2,\"name\":\"\u00bfCompromiso con la celeste?\"}]},{\"@type\":\"WebSite\",\"@id\":\"https:\/\/www.padreydecano.com\/cms\/#website\",\"url\":\"https:\/\/www.padreydecano.com\/cms\/\",\"name\":\"Padre y Decano - El Sitio del Pueblo\",\"description\":\"Club Atl\u00e9tico Pe\u00f1arol\",\"publisher\":{\"@id\":\"https:\/\/www.padreydecano.com\/cms\/#organization\"},\"potentialAction\":[{\"@type\":\"SearchAction\",\"target\":{\"@type\":\"EntryPoint\",\"urlTemplate\":\"https:\/\/www.padreydecano.com\/cms\/?s={search_term_string}\"},\"query-input\":\"required name=search_term_string\"}],\"inLanguage\":\"es\"},{\"@type\":\"Organization\",\"@id\":\"https:\/\/www.padreydecano.com\/cms\/#organization\",\"name\":\"Padre y Decano\",\"url\":\"https:\/\/www.padreydecano.com\/cms\/\",\"logo\":{\"@type\":\"ImageObject\",\"inLanguage\":\"es\",\"@id\":\"https:\/\/www.padreydecano.com\/cms\/#\/schema\/logo\/image\/\",\"url\":\"https:\/\/www.padreydecano.com\/cms\/wp-content\/uploads\/2022\/01\/avatar-square.png\",\"contentUrl\":\"https:\/\/www.padreydecano.com\/cms\/wp-content\/uploads\/2022\/01\/avatar-square.png\",\"width\":1500,\"height\":1500,\"caption\":\"Padre y Decano\"},\"image\":{\"@id\":\"https:\/\/www.padreydecano.com\/cms\/#\/schema\/logo\/image\/\"}},{\"@type\":\"Person\",\"@id\":\"https:\/\/www.padreydecano.com\/cms\/#\/schema\/person\/d93e9e537230ae052c194251d9a1def2\",\"name\":\"Moderador\",\"image\":{\"@type\":\"ImageObject\",\"inLanguage\":\"es\",\"@id\":\"https:\/\/www.padreydecano.com\/cms\/#\/schema\/person\/image\/\",\"url\":\"https:\/\/secure.gravatar.com\/avatar\/2587727bf8a53bd3da4ec49f01bea66e?s=96&d=https%3A%2F%2Fpadreydecano.com%2Fcms%2Fwp-content%2Fthemes%2Fpyd-theme%2Fimg%2Fdefault-avatar.png&r=g\",\"contentUrl\":\"https:\/\/secure.gravatar.com\/avatar\/2587727bf8a53bd3da4ec49f01bea66e?s=96&d=https%3A%2F%2Fpadreydecano.com%2Fcms%2Fwp-content%2Fthemes%2Fpyd-theme%2Fimg%2Fdefault-avatar.png&r=g\",\"caption\":\"Moderador\"}}]}<\/script>\n<!-- \/ Yoast SEO plugin. -->","yoast_head_json":{"title":"\u00bfCompromiso con la celeste? - Padre y Decano - El Sitio del Pueblo","robots":{"index":"index","follow":"follow","max-snippet":"max-snippet:-1","max-image-preview":"max-image-preview:large","max-video-preview":"max-video-preview:-1"},"canonical":"https:\/\/www.padreydecano.com\/cms\/columnas\/\u00bfcompromiso-con-la-celeste\/","og_locale":"es_ES","og_type":"article","og_title":"\u00bfCompromiso con la celeste? - Padre y Decano - El Sitio del Pueblo","og_description":"En los \u00faltimos d\u00edas parece que se gener\u00f3 una revoluci\u00f3n con el uso de la camiseta celeste de nuestro tradicional rival tanto en la Copa Sudamericana como en el Apertura. El argumento utilizado es que en 1903 el primer equipo de nuestro tradicional rival represent\u00f3 a la selecci\u00f3n uruguaya, consiguiendo una victoria ante la selecci\u00f3n [&hellip;]","og_url":"https:\/\/www.padreydecano.com\/cms\/columnas\/\u00bfcompromiso-con-la-celeste\/","og_site_name":"Padre y Decano - El Sitio del Pueblo","article_published_time":"2011-09-20T02:04:32+00:00","article_modified_time":"2011-11-24T01:17:28+00:00","og_image":[{"url":"http:\/\/www.padreydecano.com\/cms\/wp-content\/uploads\/2011\/09\/los-pitufos-239x300.jpg"}],"author":"Moderador","twitter_card":"summary_large_image","twitter_misc":{"Escrito por":"Moderador","Tiempo de lectura":"3 minutos"},"schema":{"@context":"https:\/\/schema.org","@graph":[{"@type":"Article","@id":"https:\/\/www.padreydecano.com\/cms\/columnas\/%c2%bfcompromiso-con-la-celeste\/#article","isPartOf":{"@id":"https:\/\/www.padreydecano.com\/cms\/columnas\/%c2%bfcompromiso-con-la-celeste\/"},"author":{"name":"Moderador","@id":"https:\/\/www.padreydecano.com\/cms\/#\/schema\/person\/d93e9e537230ae052c194251d9a1def2"},"headline":"\u00bfCompromiso con la celeste?","datePublished":"2011-09-20T02:04:32+00:00","dateModified":"2011-11-24T01:17:28+00:00","mainEntityOfPage":{"@id":"https:\/\/www.padreydecano.com\/cms\/columnas\/%c2%bfcompromiso-con-la-celeste\/"},"wordCount":612,"commentCount":3,"publisher":{"@id":"https:\/\/www.padreydecano.com\/cms\/#organization"},"image":{"@id":"https:\/\/www.padreydecano.com\/cms\/columnas\/%c2%bfcompromiso-con-la-celeste\/#primaryimage"},"thumbnailUrl":"http:\/\/www.padreydecano.com\/cms\/wp-content\/uploads\/2011\/09\/los-pitufos-239x300.jpg","keywords":["La verdad de la milanesa"],"articleSection":["Columnas"],"inLanguage":"es","potentialAction":[{"@type":"CommentAction","name":"Comment","target":["https:\/\/www.padreydecano.com\/cms\/columnas\/%c2%bfcompromiso-con-la-celeste\/#respond"]}]},{"@type":"WebPage","@id":"https:\/\/www.padreydecano.com\/cms\/columnas\/%c2%bfcompromiso-con-la-celeste\/","url":"https:\/\/www.padreydecano.com\/cms\/columnas\/%c2%bfcompromiso-con-la-celeste\/","name":"\u00bfCompromiso con la celeste? - Padre y Decano - El Sitio del Pueblo","isPartOf":{"@id":"https:\/\/www.padreydecano.com\/cms\/#website"},"primaryImageOfPage":{"@id":"https:\/\/www.padreydecano.com\/cms\/columnas\/%c2%bfcompromiso-con-la-celeste\/#primaryimage"},"image":{"@id":"https:\/\/www.padreydecano.com\/cms\/columnas\/%c2%bfcompromiso-con-la-celeste\/#primaryimage"},"thumbnailUrl":"http:\/\/www.padreydecano.com\/cms\/wp-content\/uploads\/2011\/09\/los-pitufos-239x300.jpg","datePublished":"2011-09-20T02:04:32+00:00","dateModified":"2011-11-24T01:17:28+00:00","breadcrumb":{"@id":"https:\/\/www.padreydecano.com\/cms\/columnas\/%c2%bfcompromiso-con-la-celeste\/#breadcrumb"},"inLanguage":"es","potentialAction":[{"@type":"ReadAction","target":["https:\/\/www.padreydecano.com\/cms\/columnas\/%c2%bfcompromiso-con-la-celeste\/"]}]},{"@type":"ImageObject","inLanguage":"es","@id":"https:\/\/www.padreydecano.com\/cms\/columnas\/%c2%bfcompromiso-con-la-celeste\/#primaryimage","url":"http:\/\/www.padreydecano.com\/cms\/wp-content\/uploads\/2011\/09\/los-pitufos-239x300.jpg","contentUrl":"http:\/\/www.padreydecano.com\/cms\/wp-content\/uploads\/2011\/09\/los-pitufos-239x300.jpg"},{"@type":"BreadcrumbList","@id":"https:\/\/www.padreydecano.com\/cms\/columnas\/%c2%bfcompromiso-con-la-celeste\/#breadcrumb","itemListElement":[{"@type":"ListItem","position":1,"name":"Portada","item":"https:\/\/www.padreydecano.com\/cms\/"},{"@type":"ListItem","position":2,"name":"\u00bfCompromiso con la celeste?"}]},{"@type":"WebSite","@id":"https:\/\/www.padreydecano.com\/cms\/#website","url":"https:\/\/www.padreydecano.com\/cms\/","name":"Padre y Decano - El Sitio del Pueblo","description":"Club Atl\u00e9tico Pe\u00f1arol","publisher":{"@id":"https:\/\/www.padreydecano.com\/cms\/#organization"},"potentialAction":[{"@type":"SearchAction","target":{"@type":"EntryPoint","urlTemplate":"https:\/\/www.padreydecano.com\/cms\/?s={search_term_string}"},"query-input":"required name=search_term_string"}],"inLanguage":"es"},{"@type":"Organization","@id":"https:\/\/www.padreydecano.com\/cms\/#organization","name":"Padre y Decano","url":"https:\/\/www.padreydecano.com\/cms\/","logo":{"@type":"ImageObject","inLanguage":"es","@id":"https:\/\/www.padreydecano.com\/cms\/#\/schema\/logo\/image\/","url":"https:\/\/www.padreydecano.com\/cms\/wp-content\/uploads\/2022\/01\/avatar-square.png","contentUrl":"https:\/\/www.padreydecano.com\/cms\/wp-content\/uploads\/2022\/01\/avatar-square.png","width":1500,"height":1500,"caption":"Padre y Decano"},"image":{"@id":"https:\/\/www.padreydecano.com\/cms\/#\/schema\/logo\/image\/"}},{"@type":"Person","@id":"https:\/\/www.padreydecano.com\/cms\/#\/schema\/person\/d93e9e537230ae052c194251d9a1def2","name":"Moderador","image":{"@type":"ImageObject","inLanguage":"es","@id":"https:\/\/www.padreydecano.com\/cms\/#\/schema\/person\/image\/","url":"https:\/\/secure.gravatar.com\/avatar\/2587727bf8a53bd3da4ec49f01bea66e?s=96&d=https%3A%2F%2Fpadreydecano.com%2Fcms%2Fwp-content%2Fthemes%2Fpyd-theme%2Fimg%2Fdefault-avatar.png&r=g","contentUrl":"https:\/\/secure.gravatar.com\/avatar\/2587727bf8a53bd3da4ec49f01bea66e?s=96&d=https%3A%2F%2Fpadreydecano.com%2Fcms%2Fwp-content%2Fthemes%2Fpyd-theme%2Fimg%2Fdefault-avatar.png&r=g","caption":"Moderador"}}]}},"_links":{"self":[{"href":"https:\/\/www.padreydecano.com\/cms\/wp-json\/wp\/v2\/posts\/1870"}],"collection":[{"href":"https:\/\/www.padreydecano.com\/cms\/wp-json\/wp\/v2\/posts"}],"about":[{"href":"https:\/\/www.padreydecano.com\/cms\/wp-json\/wp\/v2\/types\/post"}],"author":[{"embeddable":true,"href":"https:\/\/www.padreydecano.com\/cms\/wp-json\/wp\/v2\/users\/13"}],"replies":[{"embeddable":true,"href":"https:\/\/www.padreydecano.com\/cms\/wp-json\/wp\/v2\/comments?post=1870"}],"version-history":[{"count":0,"href":"https:\/\/www.padreydecano.com\/cms\/wp-json\/wp\/v2\/posts\/1870\/revisions"}],"wp:attachment":[{"href":"https:\/\/www.padreydecano.com\/cms\/wp-json\/wp\/v2\/media?parent=1870"}],"wp:term":[{"taxonomy":"category","embeddable":true,"href":"https:\/\/www.padreydecano.com\/cms\/wp-json\/wp\/v2\/categories?post=1870"},{"taxonomy":"post_tag","embeddable":true,"href":"https:\/\/www.padreydecano.com\/cms\/wp-json\/wp\/v2\/tags?post=1870"}],"curies":[{"name":"wp","href":"https:\/\/api.w.org\/{rel}","templated":true}]}}