{"id":16327,"date":"2012-02-12T22:09:10","date_gmt":"2012-02-13T00:09:10","guid":{"rendered":"http:\/\/www.padreydecano.com\/cms\/?p=16327"},"modified":"2012-06-08T00:46:34","modified_gmt":"2012-06-08T03:46:34","slug":"los-pibes-dejaron-la-vida","status":"publish","type":"post","link":"https:\/\/www.padreydecano.com\/cms\/partidos\/los-pibes-dejaron-la-vida\/","title":{"rendered":"Los pibes dejaron la vida"},"content":{"rendered":"<p style=\"text-align: justify;\"><img loading=\"lazy\" decoding=\"async\" class=\"alignright  wp-image-14997\" src=\"https:\/\/www.padreydecano.com\/cms\/wp-content\/uploads\/2012\/01\/rentistas84-300x225.jpg\" alt=\"\" width=\"210\" height=\"158\" srcset=\"https:\/\/www.padreydecano.com\/cms\/wp-content\/uploads\/2012\/01\/rentistas84-300x225.jpg 300w, https:\/\/www.padreydecano.com\/cms\/wp-content\/uploads\/2012\/01\/rentistas84.jpg 800w\" sizes=\"(max-width: 210px) 100vw, 210px\" \/>Se perdi\u00f3 el partido decisivo por el Torneo Preparaci\u00f3n pero no hay nada para reprochar, estos j\u00f3venes que tuvieron la responsabilidad de ponerse la amarilla y negra y defender al Pe\u00f1arol lo hicieron a muerte, dejando todo, y peleando contra equipos de primera divisi\u00f3n. El escenario nuevamente fue Rivera, como en el debut ante Rentistas. En la lista del plantel para esta competencia, hab\u00eda varios jugadores del primer equipo, pero se decidi\u00f3 que quienes llegaron a esta instancia deb\u00edan jugar la final, y as\u00ed, Jos\u00e9 Enrique De Los Santos us\u00f3 los mismos jugadores.<\/p>\n<p style=\"text-align: justify;\">Cay\u00f3 r\u00e1pidamente el invicto de Gelpi. Tras un pelotazo, el 3 carbonero no se afirma bien y le da la posibilidad a Maureen Franco de que se acomode, enganche y la ponga al segundo palo. De esta forma, por primera vez en el campeonato, los aurinegros ten\u00edan que revertir un resultado. El primer intento carbonero lleg\u00f3 a los 11 minutos con un remate de Siles que se fue por encima del travesa\u00f1o. A los 24 minutos, una pelota sucia y trabada que pelea primero Siles, y luego se lleva Guich\u00f3n, que queda cerca de la l\u00ednea de fondo, desborda, centro atr\u00e1s y encuentra nuevamente a Siles, quien la asegura con remate fuerte y marca el empate.<\/p>\n<p style=\"text-align: justify;\">En este partido se notaron las diferencias entre los juveniles y los de primera y nuestros pibes recurrieron a muchas faltas para \u00a0frenar a los de River. A la media hora remate de River que se estrella en el travesa\u00f1o, era el segundo y un golazo. Sobre el final una nueva de River, un centro y apaerce solo Maureen Franco pero cabecea por encima del travesa\u00f1o. Tuvo otra, y ahora s\u00ed, el delantero marc\u00f3 el segundo, tras un primer cabezazo y una muy buena tapada de Gelpi, el rebote es aprovechado por el jugador darsenero.<\/p>\n<p style=\"text-align: justify;\">Nos fuimos al descanso abajo en el marcador, y con toda la expectativa de lo que pod\u00eda pasar en el segundo tiempo. Los pibes llegaron hasta la final, y los pibes la quer\u00edan ganar. Se realiz\u00f3 una variante y sali\u00f3 Pereyra por un corte, lo cual exig\u00eda que le dieran puntos.<\/p>\n<p style=\"text-align: justify;\">A los 12 llega una jugada clara de gol para los dirigidos por De Los Santos. Gran pase de Silva para Guich\u00f3n, que llega por izquierda, desborda, tira el centro al borde del \u00e1rea chica y los delanteros carboneros no la pueden puntear, despejando uno de River. El partido sigui\u00f3 su curso, con un Pe\u00f1arol que intentaba y buscaba el empate, y un River que quer\u00eda asegurar el encuentro. Montelongo casi empata luego de un gran remate que mand\u00f3 al corner el portero Laforia. La imagen final es la de Pe\u00f1arol metiendo y metiendo en busca del empate, mientras que el rival se dedic\u00f3 a hacer tiempo.<\/p>\n<p style=\"text-align: justify;\">Lleg\u00f3 el final con un 2 a 1 que le da el t\u00edtulo a los darseneros, pero que m\u00e1s all\u00e1 de eso, lo importante para nosotros es saber que tenemos una cantera fuerte, con jugadores que pueden dar una gran mano en primera. Algunos pensar\u00e1n que hab\u00eda que poner a los jugadores de primera que estaban inscriptos en el torneo, otros pensar\u00e1n que si los pibes llegaba, los pibes defin\u00edan, pero de todas formas, creemos que nadie le puede reprochar nada a este plantel que demostr\u00f3 estar a la altura. Vamo vamo los pibes!<\/p>\n<p style=\"text-align: justify;\"><span style=\"color: #ffcc02;\"><strong>Ficha del partido<\/strong><\/span><\/p>\n<p style=\"text-align: justify;\">PE\u00d1AROL 1:2 RIVER PLATE<\/p>\n<p style=\"text-align: justify;\">Cancha: Estadio Atilio Paiva Olivera de Rivera. Jueces: Fernando Cabrera, Robert Muniz y Andr\u00e9s Polero.<\/p>\n<p style=\"text-align: justify;\">PE\u00d1AROL: Leandro Gelpi; Mauricio G\u00f3mez, Germ\u00e1n Ferreira, Joaqu\u00edn Aguirre, Nicol\u00e1s Raguso; Bruno Montelongo, Andr\u00e9s Pereira (45&#8242; Mart\u00edn Silva), Jim Varela, Facundo Guich\u00f3n; Gast\u00f3n Poncet (76&#8242; Nicol\u00e1s Mezquida) y Jonathan Siles. Director T\u00e9cnico: Enrique De Los Santos.<\/p>\n<p style=\"text-align: justify;\">RIVER PLATE: Fernando Laforia, Claudio Herrera, Cristian Gonz\u00e1lez, Mauricio Prieto, Lucas Olaza, Mario Rizotto, Nicol\u00e1s Pereira, Jhon Varela (45&#8242; Gabriel Leyes), Mart\u00edn Icart (74&#8242; Math\u00edas Sosa), Maureen Franco (84&#8242; Felipe Avenatti) y Pablo Olivera (45&#8242; Janderson Pereira). Director T\u00e9cnico: Guillermo Almada.<\/p>\n<p style=\"text-align: justify;\">Goles: 7&#8242; y 44&#8242; Maureen Franco (RP) y 24&#8242; Jonathan Siles (P).<\/p>\n<p style=\"text-align: justify;\">Tarjetas amarillas: 34&#8242; Facundo Guich\u00f3n (RP), 47&#8242; Claudio Herrera (RP), 58&#8242; Mart\u00edn Icart (RP), 75&#8242; Mauricio Prieto (RP), Nicol\u00e1s Raguso (P), 90&#8242; Gabriel Leyes (RP).<\/p>\n","protected":false},"excerpt":{"rendered":"<p>Se perdi\u00f3 el partido decisivo por el Torneo Preparaci\u00f3n pero no hay nada para reprochar, estos j\u00f3venes que tuvieron la responsabilidad de ponerse la amarilla y negra y defender al Pe\u00f1arol lo hicieron a muerte, dejando todo, y peleando contra equipos de primera divisi\u00f3n. El escenario nuevamente fue Rivera, como en el debut ante Rentistas. [&hellip;]<\/p>\n","protected":false},"author":13,"featured_media":15018,"comment_status":"open","ping_status":"closed","sticky":false,"template":"","format":"standard","meta":{"footnotes":""},"categories":[13],"tags":[],"yoast_head":"<!-- This site is optimized with the Yoast SEO plugin v23.2 - https:\/\/yoast.com\/wordpress\/plugins\/seo\/ -->\n<title>Los pibes dejaron la vida - Padre y Decano - El Sitio del Pueblo<\/title>\n<meta name=\"robots\" content=\"index, follow, max-snippet:-1, max-image-preview:large, max-video-preview:-1\" \/>\n<link rel=\"canonical\" href=\"https:\/\/www.padreydecano.com\/cms\/partidos\/los-pibes-dejaron-la-vida\/\" \/>\n<meta property=\"og:locale\" content=\"es_ES\" \/>\n<meta property=\"og:type\" content=\"article\" \/>\n<meta property=\"og:title\" content=\"Los pibes dejaron la vida - Padre y Decano - El Sitio del Pueblo\" \/>\n<meta property=\"og:description\" content=\"Se perdi\u00f3 el partido decisivo por el Torneo Preparaci\u00f3n pero no hay nada para reprochar, estos j\u00f3venes que tuvieron la responsabilidad de ponerse la amarilla y negra y defender al Pe\u00f1arol lo hicieron a muerte, dejando todo, y peleando contra equipos de primera divisi\u00f3n. El escenario nuevamente fue Rivera, como en el debut ante Rentistas. [&hellip;]\" \/>\n<meta property=\"og:url\" content=\"https:\/\/www.padreydecano.com\/cms\/partidos\/los-pibes-dejaron-la-vida\/\" \/>\n<meta property=\"og:site_name\" content=\"Padre y Decano - El Sitio del Pueblo\" \/>\n<meta property=\"article:published_time\" content=\"2012-02-13T00:09:10+00:00\" \/>\n<meta property=\"article:modified_time\" content=\"2012-06-08T03:46:34+00:00\" \/>\n<meta property=\"og:image\" content=\"https:\/\/www.padreydecano.com\/cms\/wp-content\/uploads\/2012\/01\/rentistas105.jpg\" \/>\n\t<meta property=\"og:image:width\" content=\"800\" \/>\n\t<meta property=\"og:image:height\" content=\"600\" \/>\n\t<meta property=\"og:image:type\" content=\"image\/jpeg\" \/>\n<meta name=\"author\" content=\"Moderador\" \/>\n<meta name=\"twitter:card\" content=\"summary_large_image\" \/>\n<meta name=\"twitter:label1\" content=\"Escrito por\" \/>\n\t<meta name=\"twitter:data1\" content=\"Moderador\" \/>\n\t<meta name=\"twitter:label2\" content=\"Tiempo de lectura\" \/>\n\t<meta name=\"twitter:data2\" content=\"4 minutos\" \/>\n<script type=\"application\/ld+json\" class=\"yoast-schema-graph\">{\"@context\":\"https:\/\/schema.org\",\"@graph\":[{\"@type\":\"Article\",\"@id\":\"https:\/\/www.padreydecano.com\/cms\/partidos\/los-pibes-dejaron-la-vida\/#article\",\"isPartOf\":{\"@id\":\"https:\/\/www.padreydecano.com\/cms\/partidos\/los-pibes-dejaron-la-vida\/\"},\"author\":{\"name\":\"Moderador\",\"@id\":\"https:\/\/www.padreydecano.com\/cms\/#\/schema\/person\/d93e9e537230ae052c194251d9a1def2\"},\"headline\":\"Los pibes dejaron la vida\",\"datePublished\":\"2012-02-13T00:09:10+00:00\",\"dateModified\":\"2012-06-08T03:46:34+00:00\",\"mainEntityOfPage\":{\"@id\":\"https:\/\/www.padreydecano.com\/cms\/partidos\/los-pibes-dejaron-la-vida\/\"},\"wordCount\":724,\"commentCount\":9,\"publisher\":{\"@id\":\"https:\/\/www.padreydecano.com\/cms\/#organization\"},\"image\":{\"@id\":\"https:\/\/www.padreydecano.com\/cms\/partidos\/los-pibes-dejaron-la-vida\/#primaryimage\"},\"thumbnailUrl\":\"https:\/\/www.padreydecano.com\/cms\/wp-content\/uploads\/2012\/01\/rentistas105.jpg\",\"articleSection\":[\"Partidos\"],\"inLanguage\":\"es\",\"potentialAction\":[{\"@type\":\"CommentAction\",\"name\":\"Comment\",\"target\":[\"https:\/\/www.padreydecano.com\/cms\/partidos\/los-pibes-dejaron-la-vida\/#respond\"]}]},{\"@type\":\"WebPage\",\"@id\":\"https:\/\/www.padreydecano.com\/cms\/partidos\/los-pibes-dejaron-la-vida\/\",\"url\":\"https:\/\/www.padreydecano.com\/cms\/partidos\/los-pibes-dejaron-la-vida\/\",\"name\":\"Los pibes dejaron la vida - Padre y Decano - El Sitio del Pueblo\",\"isPartOf\":{\"@id\":\"https:\/\/www.padreydecano.com\/cms\/#website\"},\"primaryImageOfPage\":{\"@id\":\"https:\/\/www.padreydecano.com\/cms\/partidos\/los-pibes-dejaron-la-vida\/#primaryimage\"},\"image\":{\"@id\":\"https:\/\/www.padreydecano.com\/cms\/partidos\/los-pibes-dejaron-la-vida\/#primaryimage\"},\"thumbnailUrl\":\"https:\/\/www.padreydecano.com\/cms\/wp-content\/uploads\/2012\/01\/rentistas105.jpg\",\"datePublished\":\"2012-02-13T00:09:10+00:00\",\"dateModified\":\"2012-06-08T03:46:34+00:00\",\"breadcrumb\":{\"@id\":\"https:\/\/www.padreydecano.com\/cms\/partidos\/los-pibes-dejaron-la-vida\/#breadcrumb\"},\"inLanguage\":\"es\",\"potentialAction\":[{\"@type\":\"ReadAction\",\"target\":[\"https:\/\/www.padreydecano.com\/cms\/partidos\/los-pibes-dejaron-la-vida\/\"]}]},{\"@type\":\"ImageObject\",\"inLanguage\":\"es\",\"@id\":\"https:\/\/www.padreydecano.com\/cms\/partidos\/los-pibes-dejaron-la-vida\/#primaryimage\",\"url\":\"https:\/\/www.padreydecano.com\/cms\/wp-content\/uploads\/2012\/01\/rentistas105.jpg\",\"contentUrl\":\"https:\/\/www.padreydecano.com\/cms\/wp-content\/uploads\/2012\/01\/rentistas105.jpg\",\"width\":\"800\",\"height\":\"600\"},{\"@type\":\"BreadcrumbList\",\"@id\":\"https:\/\/www.padreydecano.com\/cms\/partidos\/los-pibes-dejaron-la-vida\/#breadcrumb\",\"itemListElement\":[{\"@type\":\"ListItem\",\"position\":1,\"name\":\"Portada\",\"item\":\"https:\/\/www.padreydecano.com\/cms\/\"},{\"@type\":\"ListItem\",\"position\":2,\"name\":\"Los pibes dejaron la vida\"}]},{\"@type\":\"WebSite\",\"@id\":\"https:\/\/www.padreydecano.com\/cms\/#website\",\"url\":\"https:\/\/www.padreydecano.com\/cms\/\",\"name\":\"Padre y Decano - El Sitio del Pueblo\",\"description\":\"Club Atl\u00e9tico Pe\u00f1arol\",\"publisher\":{\"@id\":\"https:\/\/www.padreydecano.com\/cms\/#organization\"},\"potentialAction\":[{\"@type\":\"SearchAction\",\"target\":{\"@type\":\"EntryPoint\",\"urlTemplate\":\"https:\/\/www.padreydecano.com\/cms\/?s={search_term_string}\"},\"query-input\":\"required name=search_term_string\"}],\"inLanguage\":\"es\"},{\"@type\":\"Organization\",\"@id\":\"https:\/\/www.padreydecano.com\/cms\/#organization\",\"name\":\"Padre y Decano\",\"url\":\"https:\/\/www.padreydecano.com\/cms\/\",\"logo\":{\"@type\":\"ImageObject\",\"inLanguage\":\"es\",\"@id\":\"https:\/\/www.padreydecano.com\/cms\/#\/schema\/logo\/image\/\",\"url\":\"https:\/\/www.padreydecano.com\/cms\/wp-content\/uploads\/2022\/01\/avatar-square.png\",\"contentUrl\":\"https:\/\/www.padreydecano.com\/cms\/wp-content\/uploads\/2022\/01\/avatar-square.png\",\"width\":1500,\"height\":1500,\"caption\":\"Padre y Decano\"},\"image\":{\"@id\":\"https:\/\/www.padreydecano.com\/cms\/#\/schema\/logo\/image\/\"}},{\"@type\":\"Person\",\"@id\":\"https:\/\/www.padreydecano.com\/cms\/#\/schema\/person\/d93e9e537230ae052c194251d9a1def2\",\"name\":\"Moderador\",\"image\":{\"@type\":\"ImageObject\",\"inLanguage\":\"es\",\"@id\":\"https:\/\/www.padreydecano.com\/cms\/#\/schema\/person\/image\/\",\"url\":\"https:\/\/secure.gravatar.com\/avatar\/2587727bf8a53bd3da4ec49f01bea66e?s=96&d=https%3A%2F%2Fpadreydecano.com%2Fcms%2Fwp-content%2Fthemes%2Fpyd-theme%2Fimg%2Fdefault-avatar.png&r=g\",\"contentUrl\":\"https:\/\/secure.gravatar.com\/avatar\/2587727bf8a53bd3da4ec49f01bea66e?s=96&d=https%3A%2F%2Fpadreydecano.com%2Fcms%2Fwp-content%2Fthemes%2Fpyd-theme%2Fimg%2Fdefault-avatar.png&r=g\",\"caption\":\"Moderador\"}}]}<\/script>\n<!-- \/ Yoast SEO plugin. -->","yoast_head_json":{"title":"Los pibes dejaron la vida - Padre y Decano - El Sitio del Pueblo","robots":{"index":"index","follow":"follow","max-snippet":"max-snippet:-1","max-image-preview":"max-image-preview:large","max-video-preview":"max-video-preview:-1"},"canonical":"https:\/\/www.padreydecano.com\/cms\/partidos\/los-pibes-dejaron-la-vida\/","og_locale":"es_ES","og_type":"article","og_title":"Los pibes dejaron la vida - Padre y Decano - El Sitio del Pueblo","og_description":"Se perdi\u00f3 el partido decisivo por el Torneo Preparaci\u00f3n pero no hay nada para reprochar, estos j\u00f3venes que tuvieron la responsabilidad de ponerse la amarilla y negra y defender al Pe\u00f1arol lo hicieron a muerte, dejando todo, y peleando contra equipos de primera divisi\u00f3n. El escenario nuevamente fue Rivera, como en el debut ante Rentistas. [&hellip;]","og_url":"https:\/\/www.padreydecano.com\/cms\/partidos\/los-pibes-dejaron-la-vida\/","og_site_name":"Padre y Decano - El Sitio del Pueblo","article_published_time":"2012-02-13T00:09:10+00:00","article_modified_time":"2012-06-08T03:46:34+00:00","og_image":[{"width":800,"height":600,"url":"https:\/\/www.padreydecano.com\/cms\/wp-content\/uploads\/2012\/01\/rentistas105.jpg","type":"image\/jpeg"}],"author":"Moderador","twitter_card":"summary_large_image","twitter_misc":{"Escrito por":"Moderador","Tiempo de lectura":"4 minutos"},"schema":{"@context":"https:\/\/schema.org","@graph":[{"@type":"Article","@id":"https:\/\/www.padreydecano.com\/cms\/partidos\/los-pibes-dejaron-la-vida\/#article","isPartOf":{"@id":"https:\/\/www.padreydecano.com\/cms\/partidos\/los-pibes-dejaron-la-vida\/"},"author":{"name":"Moderador","@id":"https:\/\/www.padreydecano.com\/cms\/#\/schema\/person\/d93e9e537230ae052c194251d9a1def2"},"headline":"Los pibes dejaron la vida","datePublished":"2012-02-13T00:09:10+00:00","dateModified":"2012-06-08T03:46:34+00:00","mainEntityOfPage":{"@id":"https:\/\/www.padreydecano.com\/cms\/partidos\/los-pibes-dejaron-la-vida\/"},"wordCount":724,"commentCount":9,"publisher":{"@id":"https:\/\/www.padreydecano.com\/cms\/#organization"},"image":{"@id":"https:\/\/www.padreydecano.com\/cms\/partidos\/los-pibes-dejaron-la-vida\/#primaryimage"},"thumbnailUrl":"https:\/\/www.padreydecano.com\/cms\/wp-content\/uploads\/2012\/01\/rentistas105.jpg","articleSection":["Partidos"],"inLanguage":"es","potentialAction":[{"@type":"CommentAction","name":"Comment","target":["https:\/\/www.padreydecano.com\/cms\/partidos\/los-pibes-dejaron-la-vida\/#respond"]}]},{"@type":"WebPage","@id":"https:\/\/www.padreydecano.com\/cms\/partidos\/los-pibes-dejaron-la-vida\/","url":"https:\/\/www.padreydecano.com\/cms\/partidos\/los-pibes-dejaron-la-vida\/","name":"Los pibes dejaron la vida - Padre y Decano - El Sitio del Pueblo","isPartOf":{"@id":"https:\/\/www.padreydecano.com\/cms\/#website"},"primaryImageOfPage":{"@id":"https:\/\/www.padreydecano.com\/cms\/partidos\/los-pibes-dejaron-la-vida\/#primaryimage"},"image":{"@id":"https:\/\/www.padreydecano.com\/cms\/partidos\/los-pibes-dejaron-la-vida\/#primaryimage"},"thumbnailUrl":"https:\/\/www.padreydecano.com\/cms\/wp-content\/uploads\/2012\/01\/rentistas105.jpg","datePublished":"2012-02-13T00:09:10+00:00","dateModified":"2012-06-08T03:46:34+00:00","breadcrumb":{"@id":"https:\/\/www.padreydecano.com\/cms\/partidos\/los-pibes-dejaron-la-vida\/#breadcrumb"},"inLanguage":"es","potentialAction":[{"@type":"ReadAction","target":["https:\/\/www.padreydecano.com\/cms\/partidos\/los-pibes-dejaron-la-vida\/"]}]},{"@type":"ImageObject","inLanguage":"es","@id":"https:\/\/www.padreydecano.com\/cms\/partidos\/los-pibes-dejaron-la-vida\/#primaryimage","url":"https:\/\/www.padreydecano.com\/cms\/wp-content\/uploads\/2012\/01\/rentistas105.jpg","contentUrl":"https:\/\/www.padreydecano.com\/cms\/wp-content\/uploads\/2012\/01\/rentistas105.jpg","width":"800","height":"600"},{"@type":"BreadcrumbList","@id":"https:\/\/www.padreydecano.com\/cms\/partidos\/los-pibes-dejaron-la-vida\/#breadcrumb","itemListElement":[{"@type":"ListItem","position":1,"name":"Portada","item":"https:\/\/www.padreydecano.com\/cms\/"},{"@type":"ListItem","position":2,"name":"Los pibes dejaron la vida"}]},{"@type":"WebSite","@id":"https:\/\/www.padreydecano.com\/cms\/#website","url":"https:\/\/www.padreydecano.com\/cms\/","name":"Padre y Decano - El Sitio del Pueblo","description":"Club Atl\u00e9tico Pe\u00f1arol","publisher":{"@id":"https:\/\/www.padreydecano.com\/cms\/#organization"},"potentialAction":[{"@type":"SearchAction","target":{"@type":"EntryPoint","urlTemplate":"https:\/\/www.padreydecano.com\/cms\/?s={search_term_string}"},"query-input":"required name=search_term_string"}],"inLanguage":"es"},{"@type":"Organization","@id":"https:\/\/www.padreydecano.com\/cms\/#organization","name":"Padre y Decano","url":"https:\/\/www.padreydecano.com\/cms\/","logo":{"@type":"ImageObject","inLanguage":"es","@id":"https:\/\/www.padreydecano.com\/cms\/#\/schema\/logo\/image\/","url":"https:\/\/www.padreydecano.com\/cms\/wp-content\/uploads\/2022\/01\/avatar-square.png","contentUrl":"https:\/\/www.padreydecano.com\/cms\/wp-content\/uploads\/2022\/01\/avatar-square.png","width":1500,"height":1500,"caption":"Padre y Decano"},"image":{"@id":"https:\/\/www.padreydecano.com\/cms\/#\/schema\/logo\/image\/"}},{"@type":"Person","@id":"https:\/\/www.padreydecano.com\/cms\/#\/schema\/person\/d93e9e537230ae052c194251d9a1def2","name":"Moderador","image":{"@type":"ImageObject","inLanguage":"es","@id":"https:\/\/www.padreydecano.com\/cms\/#\/schema\/person\/image\/","url":"https:\/\/secure.gravatar.com\/avatar\/2587727bf8a53bd3da4ec49f01bea66e?s=96&d=https%3A%2F%2Fpadreydecano.com%2Fcms%2Fwp-content%2Fthemes%2Fpyd-theme%2Fimg%2Fdefault-avatar.png&r=g","contentUrl":"https:\/\/secure.gravatar.com\/avatar\/2587727bf8a53bd3da4ec49f01bea66e?s=96&d=https%3A%2F%2Fpadreydecano.com%2Fcms%2Fwp-content%2Fthemes%2Fpyd-theme%2Fimg%2Fdefault-avatar.png&r=g","caption":"Moderador"}}]}},"_links":{"self":[{"href":"https:\/\/www.padreydecano.com\/cms\/wp-json\/wp\/v2\/posts\/16327"}],"collection":[{"href":"https:\/\/www.padreydecano.com\/cms\/wp-json\/wp\/v2\/posts"}],"about":[{"href":"https:\/\/www.padreydecano.com\/cms\/wp-json\/wp\/v2\/types\/post"}],"author":[{"embeddable":true,"href":"https:\/\/www.padreydecano.com\/cms\/wp-json\/wp\/v2\/users\/13"}],"replies":[{"embeddable":true,"href":"https:\/\/www.padreydecano.com\/cms\/wp-json\/wp\/v2\/comments?post=16327"}],"version-history":[{"count":0,"href":"https:\/\/www.padreydecano.com\/cms\/wp-json\/wp\/v2\/posts\/16327\/revisions"}],"wp:featuredmedia":[{"embeddable":true,"href":"https:\/\/www.padreydecano.com\/cms\/wp-json\/wp\/v2\/media\/15018"}],"wp:attachment":[{"href":"https:\/\/www.padreydecano.com\/cms\/wp-json\/wp\/v2\/media?parent=16327"}],"wp:term":[{"taxonomy":"category","embeddable":true,"href":"https:\/\/www.padreydecano.com\/cms\/wp-json\/wp\/v2\/categories?post=16327"},{"taxonomy":"post_tag","embeddable":true,"href":"https:\/\/www.padreydecano.com\/cms\/wp-json\/wp\/v2\/tags?post=16327"}],"curies":[{"name":"wp","href":"https:\/\/api.w.org\/{rel}","templated":true}]}}