{"id":15486,"date":"2012-02-03T13:54:52","date_gmt":"2012-02-03T15:54:52","guid":{"rendered":"http:\/\/www.padreydecano.com\/cms\/?p=15486"},"modified":"2012-02-04T18:39:34","modified_gmt":"2012-02-04T20:39:34","slug":"cronica-de-viaje-venezuela-v","status":"publish","type":"post","link":"https:\/\/www.padreydecano.com\/cms\/noticias\/cronica-de-viaje-venezuela-v\/","title":{"rendered":"Cr\u00f3nica de viaje: Venezuela (V)"},"content":{"rendered":"<p style=\"text-align: justify;\"><span style=\"color: #ffcc02;\"><strong>D\u00eda 7 &#8211; El Partido:<\/strong><\/span> El d\u00eda de ayer fue el de mayor excitaci\u00f3n, el partido estaba cada vez m\u00e1s cerca y quer\u00edamos ganarlo a pesar de que la llave ya estaba pr\u00e1cticamente cerrada. Estuvimos todo el d\u00eda en el hotel de Pe\u00f1arol, salvo alg\u00fan ratito donde salimos a comer al shopping que est\u00e1 pegado, alquilamos un bus y a eso de las 17 hs arrancamos para el estadio.<\/p>\n<p style=\"text-align: justify;\"><a href=\"https:\/\/www.padreydecano.com\/cms\/wp-content\/uploads\/2012\/02\/Pe\u00f1arol-vs-Caracas-6.jpg\" rel=\"shadowbox[sbpost-15486];player=img;\"><img loading=\"lazy\" decoding=\"async\" class=\"alignright size-thumbnail wp-image-15487\" title=\"\" src=\"https:\/\/www.padreydecano.com\/cms\/wp-content\/uploads\/2012\/02\/Pe\u00f1arol-vs-Caracas-6-150x150.jpg\" alt=\"\" width=\"150\" height=\"150\" srcset=\"https:\/\/www.padreydecano.com\/cms\/wp-content\/uploads\/2012\/02\/Pe\u00f1arol-vs-Caracas-6-150x150.jpg 150w, https:\/\/www.padreydecano.com\/cms\/wp-content\/uploads\/2012\/02\/Pe\u00f1arol-vs-Caracas-6-36x36.jpg 36w, https:\/\/www.padreydecano.com\/cms\/wp-content\/uploads\/2012\/02\/Pe\u00f1arol-vs-Caracas-6-115x115.jpg 115w\" sizes=\"(max-width: 150px) 100vw, 150px\" \/><\/a>Llegamos, colgamos todas las banderas y como siempre nos pusimos a cantar; tanto los guardias como la gente que estaba en la cancha nos miraba sorprendida. <strong>Llenamos el alambrado de banderas: Los Pibes de los Trapos X 2, Siempre voy a estar contigo, La Banda del Le\u00f3n, El Chapa, Barrileros, Pando, Capurro, Pueblo Victoria \u2013 La Teja, Satan\u00e1s Manya, Pe\u00f1as de New York, Abu, Brazo Oriental, La Uni\u00f3n y alguna bandera m\u00e1s hab\u00eda, como tambi\u00e9n la infaltable bandera de nuestro pa\u00eds.<\/strong><\/p>\n<p style=\"text-align: justify;\">El partido lo vivimos con una mezcla de ansiedad y tranquilidad, sobre todo despu\u00e9s del golazo del \u00abLolo\u00bb.\u00a0Nos quedamos con bronca por no ganar porque siempre sirve ganar y sumar de a 3 para las estad\u00edsticas.<\/p>\n<p style=\"text-align: justify;\"><a href=\"https:\/\/www.padreydecano.com\/cms\/wp-content\/uploads\/2012\/02\/Pe\u00f1arol-vs-Caracas-1.jpg\" rel=\"shadowbox[sbpost-15486];player=img;\"><img loading=\"lazy\" decoding=\"async\" class=\"alignleft size-thumbnail wp-image-15488\" title=\"\" src=\"https:\/\/www.padreydecano.com\/cms\/wp-content\/uploads\/2012\/02\/Pe\u00f1arol-vs-Caracas-1-150x150.jpg\" alt=\"\" width=\"150\" height=\"150\" srcset=\"https:\/\/www.padreydecano.com\/cms\/wp-content\/uploads\/2012\/02\/Pe\u00f1arol-vs-Caracas-1-150x150.jpg 150w, https:\/\/www.padreydecano.com\/cms\/wp-content\/uploads\/2012\/02\/Pe\u00f1arol-vs-Caracas-1-36x36.jpg 36w, https:\/\/www.padreydecano.com\/cms\/wp-content\/uploads\/2012\/02\/Pe\u00f1arol-vs-Caracas-1-115x115.jpg 115w\" sizes=\"(max-width: 150px) 100vw, 150px\" \/><\/a>Como siempre alentamos todo el partido, sin embargo debo reconocer que los venezolanos cantaron todo el partido y hac\u00edan dif\u00edcil que nos pudi\u00e9ramos hacer sentir, obviamente por la diferencia de gente.<\/p>\n<p style=\"text-align: justify;\">El gol del Caracas casi que no lo vimos, ya que est\u00e1bamos discutiendo con la seguridad del estadio que quer\u00eda que nos fu\u00e9ramos antes de que termine el partido, 12 minutos antes para ser m\u00e1s precisos, para evitar incidentes y que si nos qued\u00e1bamos, los riesgos que corr\u00edamos iban por nuestra cuenta. Les dijimos que no nos \u00edbamos a ir hasta que termine y eso fue lo que sucedi\u00f3.<\/p>\n<p style=\"text-align: justify;\">El regreso fue muy tranquilo tambi\u00e9n y retornamos al hotel de Pe\u00f1arol. Recibimos a los jugadores con las cl\u00e1sicas palabras de aliento y nos quedamos por ah\u00ed charlando con algunos.\u00a0Luego nos vinimos a nuestro hotel a festejar entre nosotros. El festejo fue tranquilo sin salir del hotel porque esta ciudad es complicada y no se puede andar por la calle as\u00ed nom\u00e1s. Para que se hagan una idea en la madrugada de ayer en la puerta de nuestro hotel hubo un tiroteo, que est\u00e1 en una zona roja a 1 cuadra y media del 5 estrellas de Pe\u00f1arol.<\/p>\n<p style=\"text-align: justify;\">Hoy 7 de los 9 emprendemos retorno para Montevideo casualmente junto a la delegaci\u00f3n de Pe\u00f1arol. Tenemos 5 horas de escala en San Pablo y estaremos tocando tierra firme el s\u00e1bado al mediod\u00eda en Montevideo con la tranquilidad y el deber cumplido de llevarnos la clasificaci\u00f3n.<\/p>\n<p style=\"text-align: justify;\">Un saludo para todos los que siguieron las cr\u00f3nicas y esperamos que las hayan disfrutado tanto como nosotros.<\/p>\n<p style=\"text-align: justify;\">Abrazo de los 9: Danielito, Chapa, Mauro, Paulo, Mosqui, Seba, Wey, Gordo Nico y Agust\u00edn.<br \/>\n\n\t\t<style type=\"text\/css\">\n\t\t\t#gallery-1 {\n\t\t\t\tmargin: auto;\n\t\t\t}\n\t\t\t#gallery-1 .gallery-item {\n\t\t\t\tfloat: left;\n\t\t\t\tmargin-top: 10px;\n\t\t\t\ttext-align: center;\n\t\t\t\twidth: 33%;\n\t\t\t}\n\t\t\t#gallery-1 img {\n\t\t\t\tborder: 2px solid #cfcfcf;\n\t\t\t}\n\t\t\t#gallery-1 .gallery-caption {\n\t\t\t\tmargin-left: 0;\n\t\t\t}\n\t\t\t\/* see gallery_shortcode() in wp-includes\/media.php *\/\n\t\t<\/style>\n\t\t<div id='gallery-1' class='gallery galleryid-15486 gallery-columns-3 gallery-size-thumbnail'><dl class='gallery-item'>\n\t\t\t<dt class='gallery-icon landscape'>\n\t\t\t\t<a href='https:\/\/www.padreydecano.com\/cms\/wp-content\/uploads\/2012\/02\/Pe\u00f1arol-vs-Caracas-6.jpg' rel='shadowbox[sbalbum-15486];player=img;'><img loading=\"lazy\" decoding=\"async\" width=\"150\" height=\"150\" src=\"https:\/\/www.padreydecano.com\/cms\/wp-content\/uploads\/2012\/02\/Pe\u00f1arol-vs-Caracas-6-150x150.jpg\" class=\"attachment-thumbnail size-thumbnail\" alt=\"\" srcset=\"https:\/\/www.padreydecano.com\/cms\/wp-content\/uploads\/2012\/02\/Pe\u00f1arol-vs-Caracas-6-150x150.jpg 150w, https:\/\/www.padreydecano.com\/cms\/wp-content\/uploads\/2012\/02\/Pe\u00f1arol-vs-Caracas-6-36x36.jpg 36w, https:\/\/www.padreydecano.com\/cms\/wp-content\/uploads\/2012\/02\/Pe\u00f1arol-vs-Caracas-6-115x115.jpg 115w\" sizes=\"(max-width: 150px) 100vw, 150px\" \/><\/a>\n\t\t\t<\/dt><\/dl><dl class='gallery-item'>\n\t\t\t<dt class='gallery-icon landscape'>\n\t\t\t\t<a href='https:\/\/www.padreydecano.com\/cms\/wp-content\/uploads\/2012\/02\/Pe\u00f1arol-vs-Caracas-1.jpg' rel='shadowbox[sbalbum-15486];player=img;'><img loading=\"lazy\" decoding=\"async\" width=\"150\" height=\"150\" src=\"https:\/\/www.padreydecano.com\/cms\/wp-content\/uploads\/2012\/02\/Pe\u00f1arol-vs-Caracas-1-150x150.jpg\" class=\"attachment-thumbnail size-thumbnail\" alt=\"\" srcset=\"https:\/\/www.padreydecano.com\/cms\/wp-content\/uploads\/2012\/02\/Pe\u00f1arol-vs-Caracas-1-150x150.jpg 150w, https:\/\/www.padreydecano.com\/cms\/wp-content\/uploads\/2012\/02\/Pe\u00f1arol-vs-Caracas-1-36x36.jpg 36w, https:\/\/www.padreydecano.com\/cms\/wp-content\/uploads\/2012\/02\/Pe\u00f1arol-vs-Caracas-1-115x115.jpg 115w\" sizes=\"(max-width: 150px) 100vw, 150px\" \/><\/a>\n\t\t\t<\/dt><\/dl><dl class='gallery-item'>\n\t\t\t<dt class='gallery-icon landscape'>\n\t\t\t\t<a href='https:\/\/www.padreydecano.com\/cms\/wp-content\/uploads\/2012\/02\/Pe\u00f1arol-vs-Caracas-2.jpg' rel='shadowbox[sbalbum-15486];player=img;'><img loading=\"lazy\" decoding=\"async\" width=\"150\" height=\"150\" src=\"https:\/\/www.padreydecano.com\/cms\/wp-content\/uploads\/2012\/02\/Pe\u00f1arol-vs-Caracas-2-150x150.jpg\" class=\"attachment-thumbnail size-thumbnail\" alt=\"\" srcset=\"https:\/\/www.padreydecano.com\/cms\/wp-content\/uploads\/2012\/02\/Pe\u00f1arol-vs-Caracas-2-150x150.jpg 150w, https:\/\/www.padreydecano.com\/cms\/wp-content\/uploads\/2012\/02\/Pe\u00f1arol-vs-Caracas-2-36x36.jpg 36w, https:\/\/www.padreydecano.com\/cms\/wp-content\/uploads\/2012\/02\/Pe\u00f1arol-vs-Caracas-2-115x115.jpg 115w\" sizes=\"(max-width: 150px) 100vw, 150px\" \/><\/a>\n\t\t\t<\/dt><\/dl><br style=\"clear: both\" \/><dl class='gallery-item'>\n\t\t\t<dt class='gallery-icon landscape'>\n\t\t\t\t<a href='https:\/\/www.padreydecano.com\/cms\/wp-content\/uploads\/2012\/02\/Pe\u00f1arol-vs-Caracas-3.jpg' rel='shadowbox[sbalbum-15486];player=img;'><img loading=\"lazy\" decoding=\"async\" width=\"150\" height=\"150\" src=\"https:\/\/www.padreydecano.com\/cms\/wp-content\/uploads\/2012\/02\/Pe\u00f1arol-vs-Caracas-3-150x150.jpg\" class=\"attachment-thumbnail size-thumbnail\" alt=\"\" srcset=\"https:\/\/www.padreydecano.com\/cms\/wp-content\/uploads\/2012\/02\/Pe\u00f1arol-vs-Caracas-3-150x150.jpg 150w, https:\/\/www.padreydecano.com\/cms\/wp-content\/uploads\/2012\/02\/Pe\u00f1arol-vs-Caracas-3-36x36.jpg 36w, https:\/\/www.padreydecano.com\/cms\/wp-content\/uploads\/2012\/02\/Pe\u00f1arol-vs-Caracas-3-115x115.jpg 115w\" sizes=\"(max-width: 150px) 100vw, 150px\" \/><\/a>\n\t\t\t<\/dt><\/dl><dl class='gallery-item'>\n\t\t\t<dt class='gallery-icon landscape'>\n\t\t\t\t<a href='https:\/\/www.padreydecano.com\/cms\/wp-content\/uploads\/2012\/02\/Pe\u00f1arol-vs-Caracas-4.jpg' rel='shadowbox[sbalbum-15486];player=img;'><img loading=\"lazy\" decoding=\"async\" width=\"150\" height=\"150\" src=\"https:\/\/www.padreydecano.com\/cms\/wp-content\/uploads\/2012\/02\/Pe\u00f1arol-vs-Caracas-4-150x150.jpg\" class=\"attachment-thumbnail size-thumbnail\" alt=\"\" srcset=\"https:\/\/www.padreydecano.com\/cms\/wp-content\/uploads\/2012\/02\/Pe\u00f1arol-vs-Caracas-4-150x150.jpg 150w, https:\/\/www.padreydecano.com\/cms\/wp-content\/uploads\/2012\/02\/Pe\u00f1arol-vs-Caracas-4-36x36.jpg 36w, https:\/\/www.padreydecano.com\/cms\/wp-content\/uploads\/2012\/02\/Pe\u00f1arol-vs-Caracas-4-115x115.jpg 115w\" sizes=\"(max-width: 150px) 100vw, 150px\" \/><\/a>\n\t\t\t<\/dt><\/dl><dl class='gallery-item'>\n\t\t\t<dt class='gallery-icon landscape'>\n\t\t\t\t<a href='https:\/\/www.padreydecano.com\/cms\/wp-content\/uploads\/2012\/02\/Pe\u00f1arol-vs-Caracas-5.jpg' rel='shadowbox[sbalbum-15486];player=img;'><img loading=\"lazy\" decoding=\"async\" width=\"150\" height=\"150\" src=\"https:\/\/www.padreydecano.com\/cms\/wp-content\/uploads\/2012\/02\/Pe\u00f1arol-vs-Caracas-5-150x150.jpg\" class=\"attachment-thumbnail size-thumbnail\" alt=\"\" srcset=\"https:\/\/www.padreydecano.com\/cms\/wp-content\/uploads\/2012\/02\/Pe\u00f1arol-vs-Caracas-5-150x150.jpg 150w, https:\/\/www.padreydecano.com\/cms\/wp-content\/uploads\/2012\/02\/Pe\u00f1arol-vs-Caracas-5-36x36.jpg 36w, https:\/\/www.padreydecano.com\/cms\/wp-content\/uploads\/2012\/02\/Pe\u00f1arol-vs-Caracas-5-115x115.jpg 115w\" sizes=\"(max-width: 150px) 100vw, 150px\" \/><\/a>\n\t\t\t<\/dt><\/dl><br style=\"clear: both\" \/>\n\t\t<\/div>\n<\/p>\n","protected":false},"excerpt":{"rendered":"<p>D\u00eda 7 &#8211; El Partido: El d\u00eda de ayer fue el de mayor excitaci\u00f3n, el partido estaba cada vez m\u00e1s cerca y quer\u00edamos ganarlo a pesar de que la llave ya estaba pr\u00e1cticamente cerrada. Estuvimos todo el d\u00eda en el hotel de Pe\u00f1arol, salvo alg\u00fan ratito donde salimos a comer al shopping que est\u00e1 pegado, [&hellip;]<\/p>\n","protected":false},"author":2,"featured_media":15489,"comment_status":"open","ping_status":"closed","sticky":false,"template":"","format":"standard","meta":{"footnotes":""},"categories":[1],"tags":[63,72],"yoast_head":"<!-- This site is optimized with the Yoast SEO plugin v23.2 - https:\/\/yoast.com\/wordpress\/plugins\/seo\/ -->\n<title>Cr\u00f3nica de viaje: Venezuela (V) - Padre y Decano - El Sitio del Pueblo<\/title>\n<meta name=\"robots\" content=\"index, follow, max-snippet:-1, max-image-preview:large, max-video-preview:-1\" \/>\n<link rel=\"canonical\" href=\"https:\/\/www.padreydecano.com\/cms\/noticias\/cronica-de-viaje-venezuela-v\/\" \/>\n<meta property=\"og:locale\" content=\"es_ES\" \/>\n<meta property=\"og:type\" content=\"article\" \/>\n<meta property=\"og:title\" content=\"Cr\u00f3nica de viaje: Venezuela (V) - Padre y Decano - El Sitio del Pueblo\" \/>\n<meta property=\"og:description\" content=\"D\u00eda 7 &#8211; El Partido: El d\u00eda de ayer fue el de mayor excitaci\u00f3n, el partido estaba cada vez m\u00e1s cerca y quer\u00edamos ganarlo a pesar de que la llave ya estaba pr\u00e1cticamente cerrada. Estuvimos todo el d\u00eda en el hotel de Pe\u00f1arol, salvo alg\u00fan ratito donde salimos a comer al shopping que est\u00e1 pegado, [&hellip;]\" \/>\n<meta property=\"og:url\" content=\"https:\/\/www.padreydecano.com\/cms\/noticias\/cronica-de-viaje-venezuela-v\/\" \/>\n<meta property=\"og:site_name\" content=\"Padre y Decano - El Sitio del Pueblo\" \/>\n<meta property=\"article:published_time\" content=\"2012-02-03T15:54:52+00:00\" \/>\n<meta property=\"article:modified_time\" content=\"2012-02-04T20:39:34+00:00\" \/>\n<meta property=\"og:image\" content=\"https:\/\/www.padreydecano.com\/cms\/wp-content\/uploads\/2012\/02\/Pe\u00f1arol-vs-Caracas-2.jpg\" \/>\n\t<meta property=\"og:image:width\" content=\"600\" \/>\n\t<meta property=\"og:image:height\" content=\"450\" \/>\n\t<meta property=\"og:image:type\" content=\"image\/jpeg\" \/>\n<meta name=\"author\" content=\"Gonzalo16\" \/>\n<meta name=\"twitter:card\" content=\"summary_large_image\" \/>\n<meta name=\"twitter:label1\" content=\"Escrito por\" \/>\n\t<meta name=\"twitter:data1\" content=\"Gonzalo16\" \/>\n\t<meta name=\"twitter:label2\" content=\"Tiempo de lectura\" \/>\n\t<meta name=\"twitter:data2\" content=\"2 minutos\" \/>\n<script type=\"application\/ld+json\" class=\"yoast-schema-graph\">{\"@context\":\"https:\/\/schema.org\",\"@graph\":[{\"@type\":\"Article\",\"@id\":\"https:\/\/www.padreydecano.com\/cms\/noticias\/cronica-de-viaje-venezuela-v\/#article\",\"isPartOf\":{\"@id\":\"https:\/\/www.padreydecano.com\/cms\/noticias\/cronica-de-viaje-venezuela-v\/\"},\"author\":{\"name\":\"Gonzalo16\",\"@id\":\"https:\/\/www.padreydecano.com\/cms\/#\/schema\/person\/7fe41e3e335700ebd387196df2f9a8d4\"},\"headline\":\"Cr\u00f3nica de viaje: Venezuela (V)\",\"datePublished\":\"2012-02-03T15:54:52+00:00\",\"dateModified\":\"2012-02-04T20:39:34+00:00\",\"mainEntityOfPage\":{\"@id\":\"https:\/\/www.padreydecano.com\/cms\/noticias\/cronica-de-viaje-venezuela-v\/\"},\"wordCount\":500,\"commentCount\":16,\"publisher\":{\"@id\":\"https:\/\/www.padreydecano.com\/cms\/#organization\"},\"image\":{\"@id\":\"https:\/\/www.padreydecano.com\/cms\/noticias\/cronica-de-viaje-venezuela-v\/#primaryimage\"},\"thumbnailUrl\":\"https:\/\/www.padreydecano.com\/cms\/wp-content\/uploads\/2012\/02\/Pe\u00f1arol-vs-Caracas-2.jpg\",\"keywords\":[\"Copa Libertadores 2012\",\"Cr\u00f3nicas de viaje\"],\"articleSection\":[\"Noticias\"],\"inLanguage\":\"es\",\"potentialAction\":[{\"@type\":\"CommentAction\",\"name\":\"Comment\",\"target\":[\"https:\/\/www.padreydecano.com\/cms\/noticias\/cronica-de-viaje-venezuela-v\/#respond\"]}]},{\"@type\":\"WebPage\",\"@id\":\"https:\/\/www.padreydecano.com\/cms\/noticias\/cronica-de-viaje-venezuela-v\/\",\"url\":\"https:\/\/www.padreydecano.com\/cms\/noticias\/cronica-de-viaje-venezuela-v\/\",\"name\":\"Cr\u00f3nica de viaje: Venezuela (V) - Padre y Decano - El Sitio del Pueblo\",\"isPartOf\":{\"@id\":\"https:\/\/www.padreydecano.com\/cms\/#website\"},\"primaryImageOfPage\":{\"@id\":\"https:\/\/www.padreydecano.com\/cms\/noticias\/cronica-de-viaje-venezuela-v\/#primaryimage\"},\"image\":{\"@id\":\"https:\/\/www.padreydecano.com\/cms\/noticias\/cronica-de-viaje-venezuela-v\/#primaryimage\"},\"thumbnailUrl\":\"https:\/\/www.padreydecano.com\/cms\/wp-content\/uploads\/2012\/02\/Pe\u00f1arol-vs-Caracas-2.jpg\",\"datePublished\":\"2012-02-03T15:54:52+00:00\",\"dateModified\":\"2012-02-04T20:39:34+00:00\",\"breadcrumb\":{\"@id\":\"https:\/\/www.padreydecano.com\/cms\/noticias\/cronica-de-viaje-venezuela-v\/#breadcrumb\"},\"inLanguage\":\"es\",\"potentialAction\":[{\"@type\":\"ReadAction\",\"target\":[\"https:\/\/www.padreydecano.com\/cms\/noticias\/cronica-de-viaje-venezuela-v\/\"]}]},{\"@type\":\"ImageObject\",\"inLanguage\":\"es\",\"@id\":\"https:\/\/www.padreydecano.com\/cms\/noticias\/cronica-de-viaje-venezuela-v\/#primaryimage\",\"url\":\"https:\/\/www.padreydecano.com\/cms\/wp-content\/uploads\/2012\/02\/Pe\u00f1arol-vs-Caracas-2.jpg\",\"contentUrl\":\"https:\/\/www.padreydecano.com\/cms\/wp-content\/uploads\/2012\/02\/Pe\u00f1arol-vs-Caracas-2.jpg\",\"width\":\"600\",\"height\":\"450\"},{\"@type\":\"BreadcrumbList\",\"@id\":\"https:\/\/www.padreydecano.com\/cms\/noticias\/cronica-de-viaje-venezuela-v\/#breadcrumb\",\"itemListElement\":[{\"@type\":\"ListItem\",\"position\":1,\"name\":\"Portada\",\"item\":\"https:\/\/www.padreydecano.com\/cms\/\"},{\"@type\":\"ListItem\",\"position\":2,\"name\":\"Cr\u00f3nica de viaje: Venezuela (V)\"}]},{\"@type\":\"WebSite\",\"@id\":\"https:\/\/www.padreydecano.com\/cms\/#website\",\"url\":\"https:\/\/www.padreydecano.com\/cms\/\",\"name\":\"Padre y Decano - El Sitio del Pueblo\",\"description\":\"Club Atl\u00e9tico Pe\u00f1arol\",\"publisher\":{\"@id\":\"https:\/\/www.padreydecano.com\/cms\/#organization\"},\"potentialAction\":[{\"@type\":\"SearchAction\",\"target\":{\"@type\":\"EntryPoint\",\"urlTemplate\":\"https:\/\/www.padreydecano.com\/cms\/?s={search_term_string}\"},\"query-input\":\"required name=search_term_string\"}],\"inLanguage\":\"es\"},{\"@type\":\"Organization\",\"@id\":\"https:\/\/www.padreydecano.com\/cms\/#organization\",\"name\":\"Padre y Decano\",\"url\":\"https:\/\/www.padreydecano.com\/cms\/\",\"logo\":{\"@type\":\"ImageObject\",\"inLanguage\":\"es\",\"@id\":\"https:\/\/www.padreydecano.com\/cms\/#\/schema\/logo\/image\/\",\"url\":\"https:\/\/www.padreydecano.com\/cms\/wp-content\/uploads\/2022\/01\/avatar-square.png\",\"contentUrl\":\"https:\/\/www.padreydecano.com\/cms\/wp-content\/uploads\/2022\/01\/avatar-square.png\",\"width\":1500,\"height\":1500,\"caption\":\"Padre y Decano\"},\"image\":{\"@id\":\"https:\/\/www.padreydecano.com\/cms\/#\/schema\/logo\/image\/\"}},{\"@type\":\"Person\",\"@id\":\"https:\/\/www.padreydecano.com\/cms\/#\/schema\/person\/7fe41e3e335700ebd387196df2f9a8d4\",\"name\":\"Gonzalo16\",\"image\":{\"@type\":\"ImageObject\",\"inLanguage\":\"es\",\"@id\":\"https:\/\/www.padreydecano.com\/cms\/#\/schema\/person\/image\/\",\"url\":\"https:\/\/secure.gravatar.com\/avatar\/4d5cdd49803a2313c01f77e3dfc05d81?s=96&d=https%3A%2F%2Fpadreydecano.com%2Fcms%2Fwp-content%2Fthemes%2Fpyd-theme%2Fimg%2Fdefault-avatar.png&r=g\",\"contentUrl\":\"https:\/\/secure.gravatar.com\/avatar\/4d5cdd49803a2313c01f77e3dfc05d81?s=96&d=https%3A%2F%2Fpadreydecano.com%2Fcms%2Fwp-content%2Fthemes%2Fpyd-theme%2Fimg%2Fdefault-avatar.png&r=g\",\"caption\":\"Gonzalo16\"}}]}<\/script>\n<!-- \/ Yoast SEO plugin. -->","yoast_head_json":{"title":"Cr\u00f3nica de viaje: Venezuela (V) - Padre y Decano - El Sitio del Pueblo","robots":{"index":"index","follow":"follow","max-snippet":"max-snippet:-1","max-image-preview":"max-image-preview:large","max-video-preview":"max-video-preview:-1"},"canonical":"https:\/\/www.padreydecano.com\/cms\/noticias\/cronica-de-viaje-venezuela-v\/","og_locale":"es_ES","og_type":"article","og_title":"Cr\u00f3nica de viaje: Venezuela (V) - Padre y Decano - El Sitio del Pueblo","og_description":"D\u00eda 7 &#8211; El Partido: El d\u00eda de ayer fue el de mayor excitaci\u00f3n, el partido estaba cada vez m\u00e1s cerca y quer\u00edamos ganarlo a pesar de que la llave ya estaba pr\u00e1cticamente cerrada. Estuvimos todo el d\u00eda en el hotel de Pe\u00f1arol, salvo alg\u00fan ratito donde salimos a comer al shopping que est\u00e1 pegado, [&hellip;]","og_url":"https:\/\/www.padreydecano.com\/cms\/noticias\/cronica-de-viaje-venezuela-v\/","og_site_name":"Padre y Decano - El Sitio del Pueblo","article_published_time":"2012-02-03T15:54:52+00:00","article_modified_time":"2012-02-04T20:39:34+00:00","og_image":[{"width":600,"height":450,"url":"https:\/\/www.padreydecano.com\/cms\/wp-content\/uploads\/2012\/02\/Pe\u00f1arol-vs-Caracas-2.jpg","type":"image\/jpeg"}],"author":"Gonzalo16","twitter_card":"summary_large_image","twitter_misc":{"Escrito por":"Gonzalo16","Tiempo de lectura":"2 minutos"},"schema":{"@context":"https:\/\/schema.org","@graph":[{"@type":"Article","@id":"https:\/\/www.padreydecano.com\/cms\/noticias\/cronica-de-viaje-venezuela-v\/#article","isPartOf":{"@id":"https:\/\/www.padreydecano.com\/cms\/noticias\/cronica-de-viaje-venezuela-v\/"},"author":{"name":"Gonzalo16","@id":"https:\/\/www.padreydecano.com\/cms\/#\/schema\/person\/7fe41e3e335700ebd387196df2f9a8d4"},"headline":"Cr\u00f3nica de viaje: Venezuela (V)","datePublished":"2012-02-03T15:54:52+00:00","dateModified":"2012-02-04T20:39:34+00:00","mainEntityOfPage":{"@id":"https:\/\/www.padreydecano.com\/cms\/noticias\/cronica-de-viaje-venezuela-v\/"},"wordCount":500,"commentCount":16,"publisher":{"@id":"https:\/\/www.padreydecano.com\/cms\/#organization"},"image":{"@id":"https:\/\/www.padreydecano.com\/cms\/noticias\/cronica-de-viaje-venezuela-v\/#primaryimage"},"thumbnailUrl":"https:\/\/www.padreydecano.com\/cms\/wp-content\/uploads\/2012\/02\/Pe\u00f1arol-vs-Caracas-2.jpg","keywords":["Copa Libertadores 2012","Cr\u00f3nicas de viaje"],"articleSection":["Noticias"],"inLanguage":"es","potentialAction":[{"@type":"CommentAction","name":"Comment","target":["https:\/\/www.padreydecano.com\/cms\/noticias\/cronica-de-viaje-venezuela-v\/#respond"]}]},{"@type":"WebPage","@id":"https:\/\/www.padreydecano.com\/cms\/noticias\/cronica-de-viaje-venezuela-v\/","url":"https:\/\/www.padreydecano.com\/cms\/noticias\/cronica-de-viaje-venezuela-v\/","name":"Cr\u00f3nica de viaje: Venezuela (V) - Padre y Decano - El Sitio del Pueblo","isPartOf":{"@id":"https:\/\/www.padreydecano.com\/cms\/#website"},"primaryImageOfPage":{"@id":"https:\/\/www.padreydecano.com\/cms\/noticias\/cronica-de-viaje-venezuela-v\/#primaryimage"},"image":{"@id":"https:\/\/www.padreydecano.com\/cms\/noticias\/cronica-de-viaje-venezuela-v\/#primaryimage"},"thumbnailUrl":"https:\/\/www.padreydecano.com\/cms\/wp-content\/uploads\/2012\/02\/Pe\u00f1arol-vs-Caracas-2.jpg","datePublished":"2012-02-03T15:54:52+00:00","dateModified":"2012-02-04T20:39:34+00:00","breadcrumb":{"@id":"https:\/\/www.padreydecano.com\/cms\/noticias\/cronica-de-viaje-venezuela-v\/#breadcrumb"},"inLanguage":"es","potentialAction":[{"@type":"ReadAction","target":["https:\/\/www.padreydecano.com\/cms\/noticias\/cronica-de-viaje-venezuela-v\/"]}]},{"@type":"ImageObject","inLanguage":"es","@id":"https:\/\/www.padreydecano.com\/cms\/noticias\/cronica-de-viaje-venezuela-v\/#primaryimage","url":"https:\/\/www.padreydecano.com\/cms\/wp-content\/uploads\/2012\/02\/Pe\u00f1arol-vs-Caracas-2.jpg","contentUrl":"https:\/\/www.padreydecano.com\/cms\/wp-content\/uploads\/2012\/02\/Pe\u00f1arol-vs-Caracas-2.jpg","width":"600","height":"450"},{"@type":"BreadcrumbList","@id":"https:\/\/www.padreydecano.com\/cms\/noticias\/cronica-de-viaje-venezuela-v\/#breadcrumb","itemListElement":[{"@type":"ListItem","position":1,"name":"Portada","item":"https:\/\/www.padreydecano.com\/cms\/"},{"@type":"ListItem","position":2,"name":"Cr\u00f3nica de viaje: Venezuela (V)"}]},{"@type":"WebSite","@id":"https:\/\/www.padreydecano.com\/cms\/#website","url":"https:\/\/www.padreydecano.com\/cms\/","name":"Padre y Decano - El Sitio del Pueblo","description":"Club Atl\u00e9tico Pe\u00f1arol","publisher":{"@id":"https:\/\/www.padreydecano.com\/cms\/#organization"},"potentialAction":[{"@type":"SearchAction","target":{"@type":"EntryPoint","urlTemplate":"https:\/\/www.padreydecano.com\/cms\/?s={search_term_string}"},"query-input":"required name=search_term_string"}],"inLanguage":"es"},{"@type":"Organization","@id":"https:\/\/www.padreydecano.com\/cms\/#organization","name":"Padre y Decano","url":"https:\/\/www.padreydecano.com\/cms\/","logo":{"@type":"ImageObject","inLanguage":"es","@id":"https:\/\/www.padreydecano.com\/cms\/#\/schema\/logo\/image\/","url":"https:\/\/www.padreydecano.com\/cms\/wp-content\/uploads\/2022\/01\/avatar-square.png","contentUrl":"https:\/\/www.padreydecano.com\/cms\/wp-content\/uploads\/2022\/01\/avatar-square.png","width":1500,"height":1500,"caption":"Padre y Decano"},"image":{"@id":"https:\/\/www.padreydecano.com\/cms\/#\/schema\/logo\/image\/"}},{"@type":"Person","@id":"https:\/\/www.padreydecano.com\/cms\/#\/schema\/person\/7fe41e3e335700ebd387196df2f9a8d4","name":"Gonzalo16","image":{"@type":"ImageObject","inLanguage":"es","@id":"https:\/\/www.padreydecano.com\/cms\/#\/schema\/person\/image\/","url":"https:\/\/secure.gravatar.com\/avatar\/4d5cdd49803a2313c01f77e3dfc05d81?s=96&d=https%3A%2F%2Fpadreydecano.com%2Fcms%2Fwp-content%2Fthemes%2Fpyd-theme%2Fimg%2Fdefault-avatar.png&r=g","contentUrl":"https:\/\/secure.gravatar.com\/avatar\/4d5cdd49803a2313c01f77e3dfc05d81?s=96&d=https%3A%2F%2Fpadreydecano.com%2Fcms%2Fwp-content%2Fthemes%2Fpyd-theme%2Fimg%2Fdefault-avatar.png&r=g","caption":"Gonzalo16"}}]}},"_links":{"self":[{"href":"https:\/\/www.padreydecano.com\/cms\/wp-json\/wp\/v2\/posts\/15486"}],"collection":[{"href":"https:\/\/www.padreydecano.com\/cms\/wp-json\/wp\/v2\/posts"}],"about":[{"href":"https:\/\/www.padreydecano.com\/cms\/wp-json\/wp\/v2\/types\/post"}],"author":[{"embeddable":true,"href":"https:\/\/www.padreydecano.com\/cms\/wp-json\/wp\/v2\/users\/2"}],"replies":[{"embeddable":true,"href":"https:\/\/www.padreydecano.com\/cms\/wp-json\/wp\/v2\/comments?post=15486"}],"version-history":[{"count":0,"href":"https:\/\/www.padreydecano.com\/cms\/wp-json\/wp\/v2\/posts\/15486\/revisions"}],"wp:featuredmedia":[{"embeddable":true,"href":"https:\/\/www.padreydecano.com\/cms\/wp-json\/wp\/v2\/media\/15489"}],"wp:attachment":[{"href":"https:\/\/www.padreydecano.com\/cms\/wp-json\/wp\/v2\/media?parent=15486"}],"wp:term":[{"taxonomy":"category","embeddable":true,"href":"https:\/\/www.padreydecano.com\/cms\/wp-json\/wp\/v2\/categories?post=15486"},{"taxonomy":"post_tag","embeddable":true,"href":"https:\/\/www.padreydecano.com\/cms\/wp-json\/wp\/v2\/tags?post=15486"}],"curies":[{"name":"wp","href":"https:\/\/api.w.org\/{rel}","templated":true}]}}