{"id":15057,"date":"2012-01-31T16:58:13","date_gmt":"2012-01-31T18:58:13","guid":{"rendered":"http:\/\/www.padreydecano.com\/cms\/?p=15057"},"modified":"2012-02-01T23:11:51","modified_gmt":"2012-02-02T01:11:51","slug":"los-juveniles-contra-racing-por-seguir-avanzando","status":"publish","type":"post","link":"https:\/\/www.padreydecano.com\/cms\/los-aromos\/los-juveniles-contra-racing-por-seguir-avanzando\/","title":{"rendered":"Los juveniles contra Racing por seguir avanzando"},"content":{"rendered":"<p style=\"text-align: justify;\"><a href=\"https:\/\/www.padreydecano.com\/cms\/wp-content\/uploads\/2012\/01\/101_0219-Copy1.jpg\" rel=\"shadowbox[sbpost-15057];player=img;\"><img loading=\"lazy\" decoding=\"async\" class=\"alignleft size-medium wp-image-15060\" title=\"Los juveniles quieren la copa\" src=\"https:\/\/www.padreydecano.com\/cms\/wp-content\/uploads\/2012\/01\/101_0219-Copy1-300x199.jpg\" alt=\"\" width=\"300\" height=\"199\" srcset=\"https:\/\/www.padreydecano.com\/cms\/wp-content\/uploads\/2012\/01\/101_0219-Copy1-300x199.jpg 300w, https:\/\/www.padreydecano.com\/cms\/wp-content\/uploads\/2012\/01\/101_0219-Copy1.jpg 800w\" sizes=\"(max-width: 300px) 100vw, 300px\" \/><\/a>Pe\u00f1arol enfrentar\u00e1 ma\u00f1ana al conjunto de Racing en la ciudad de San Jos\u00e9, por los cuartos de final del Torneo Preparaci\u00f3n 2012.<\/p>\n<p style=\"text-align: justify;\">Los juveniles carboneros que golearon y gustaron contra<a href=\"https:\/\/www.padreydecano.com\/cms\/partidos\/los-pibes-golearon-a-rentistas\/\" target=\"_blank\"> Rentistas por 3 a 0<\/a>, jugar\u00e1n \u00a0nuevamente en el interior del pa\u00eds y se espera que sea ante un estadio repleto, ya que han generado mucha expectativa por el buen juego \u00a0que tienen.<\/p>\n<p style=\"text-align: justify;\">El conjunto dirigido por <strong>Jos\u00e9 Enrique De Los Santos<\/strong> jugar\u00e1 con la misma alineaci\u00f3n que venci\u00f3 a Rentistas el pasado domingo, jugando as\u00ed con <strong>Leandro Gelpi<\/strong> en el arco, <strong>Mauricio G\u00f3mez<\/strong> en el lateral derecho, <strong>Germ\u00e1n Ferreira<\/strong> y <strong>Joaqu\u00edn Aguirre<\/strong> en la zona central de la defensa y <strong>Nicol\u00e1s Raguso<\/strong> en el lateral izquierdo. En la mitad de la cancha jugar\u00e1n <strong>Andr\u00e9s Pereira<\/strong> y <strong>Jim Morrison Varela<\/strong> como doble cinco, <strong>Bruno Montelongo<\/strong> por derecha, <strong>Facundo Guich\u00f3n<\/strong> por izquierda; y arriba jugar\u00e1n <strong>Jonathan Siles<\/strong> y <strong>Juan San Mart\u00edn<\/strong>.<\/p>\n<p style=\"text-align: justify;\">Mientras tanto, en el banco de suplentes estar\u00e1n <strong>Mart\u00edn Silva<\/strong> (mediocampista central), <strong>Elbio \u00c1lvarez<\/strong> (enganche), <strong>Mart\u00edn Correa<\/strong> (delantero), <strong>Gast\u00f3n Poncet<\/strong> (delantero), <strong>Alejandro Furia<\/strong> (lateral derecho), <strong>Nicol\u00e1s Pastorini<\/strong> (golero), <strong>Bruno Olivera<\/strong> (defensa) y <strong>Nicol\u00e1s Mezquida<\/strong> (delantero).<\/p>\n<p>Racing viene de ganarle a Defensor Sporting, luego de empatar 1 a 1 definieron por penales el pasaje a cuartos.<\/p>\n<p style=\"text-align: justify;\">La venta de entradas comenzar\u00e1 a las 18:00 hs en el mism\u00edsimo estadio donde se jugar\u00e1 el encuentro, y <a title=\"Entradas vs Racing (Preparaci\u00f3n 2012)\" href=\"https:\/\/www.padreydecano.com\/cms\/tribuna\/entradas-vs-racing-preparacion-2012\/\">aqu\u00ed el resto de informaci\u00f3n con respeto a la venta de entrada.<\/a><\/p>\n","protected":false},"excerpt":{"rendered":"<p>Pe\u00f1arol enfrentar\u00e1 ma\u00f1ana al conjunto de Racing en la ciudad de San Jos\u00e9, por los cuartos de final del Torneo Preparaci\u00f3n 2012. Los juveniles carboneros que golearon y gustaron contra Rentistas por 3 a 0, jugar\u00e1n \u00a0nuevamente en el interior del pa\u00eds y se espera que sea ante un estadio repleto, ya que han generado [&hellip;]<\/p>\n","protected":false},"author":5,"featured_media":15012,"comment_status":"open","ping_status":"closed","sticky":false,"template":"","format":"standard","meta":{"footnotes":""},"categories":[7],"tags":[],"yoast_head":"<!-- This site is optimized with the Yoast SEO plugin v23.2 - https:\/\/yoast.com\/wordpress\/plugins\/seo\/ -->\n<title>Los juveniles contra Racing por seguir avanzando - Padre y Decano - El Sitio del Pueblo<\/title>\n<meta name=\"robots\" content=\"index, follow, max-snippet:-1, max-image-preview:large, max-video-preview:-1\" \/>\n<link rel=\"canonical\" href=\"https:\/\/www.padreydecano.com\/cms\/los-aromos\/los-juveniles-contra-racing-por-seguir-avanzando\/\" \/>\n<meta property=\"og:locale\" content=\"es_ES\" \/>\n<meta property=\"og:type\" content=\"article\" \/>\n<meta property=\"og:title\" content=\"Los juveniles contra Racing por seguir avanzando - Padre y Decano - El Sitio del Pueblo\" \/>\n<meta property=\"og:description\" content=\"Pe\u00f1arol enfrentar\u00e1 ma\u00f1ana al conjunto de Racing en la ciudad de San Jos\u00e9, por los cuartos de final del Torneo Preparaci\u00f3n 2012. Los juveniles carboneros que golearon y gustaron contra Rentistas por 3 a 0, jugar\u00e1n \u00a0nuevamente en el interior del pa\u00eds y se espera que sea ante un estadio repleto, ya que han generado [&hellip;]\" \/>\n<meta property=\"og:url\" content=\"https:\/\/www.padreydecano.com\/cms\/los-aromos\/los-juveniles-contra-racing-por-seguir-avanzando\/\" \/>\n<meta property=\"og:site_name\" content=\"Padre y Decano - El Sitio del Pueblo\" \/>\n<meta property=\"article:published_time\" content=\"2012-01-31T18:58:13+00:00\" \/>\n<meta property=\"article:modified_time\" content=\"2012-02-02T01:11:51+00:00\" \/>\n<meta property=\"og:image\" content=\"https:\/\/www.padreydecano.com\/cms\/wp-content\/uploads\/2012\/01\/rentistas99.jpg\" \/>\n\t<meta property=\"og:image:width\" content=\"800\" \/>\n\t<meta property=\"og:image:height\" content=\"600\" \/>\n\t<meta property=\"og:image:type\" content=\"image\/jpeg\" \/>\n<meta name=\"author\" content=\"Emirona07\" \/>\n<meta name=\"twitter:card\" content=\"summary_large_image\" \/>\n<meta name=\"twitter:label1\" content=\"Escrito por\" \/>\n\t<meta name=\"twitter:data1\" content=\"Emirona07\" \/>\n\t<meta name=\"twitter:label2\" content=\"Tiempo de lectura\" \/>\n\t<meta name=\"twitter:data2\" content=\"1 minuto\" \/>\n<script type=\"application\/ld+json\" class=\"yoast-schema-graph\">{\"@context\":\"https:\/\/schema.org\",\"@graph\":[{\"@type\":\"Article\",\"@id\":\"https:\/\/www.padreydecano.com\/cms\/los-aromos\/los-juveniles-contra-racing-por-seguir-avanzando\/#article\",\"isPartOf\":{\"@id\":\"https:\/\/www.padreydecano.com\/cms\/los-aromos\/los-juveniles-contra-racing-por-seguir-avanzando\/\"},\"author\":{\"name\":\"Emirona07\",\"@id\":\"https:\/\/www.padreydecano.com\/cms\/#\/schema\/person\/51e0214db654d9624824b37c2838bb65\"},\"headline\":\"Los juveniles contra Racing por seguir avanzando\",\"datePublished\":\"2012-01-31T18:58:13+00:00\",\"dateModified\":\"2012-02-02T01:11:51+00:00\",\"mainEntityOfPage\":{\"@id\":\"https:\/\/www.padreydecano.com\/cms\/los-aromos\/los-juveniles-contra-racing-por-seguir-avanzando\/\"},\"wordCount\":260,\"commentCount\":6,\"publisher\":{\"@id\":\"https:\/\/www.padreydecano.com\/cms\/#organization\"},\"image\":{\"@id\":\"https:\/\/www.padreydecano.com\/cms\/los-aromos\/los-juveniles-contra-racing-por-seguir-avanzando\/#primaryimage\"},\"thumbnailUrl\":\"https:\/\/www.padreydecano.com\/cms\/wp-content\/uploads\/2012\/01\/rentistas99.jpg\",\"articleSection\":[\"Los Aromos\"],\"inLanguage\":\"es\",\"potentialAction\":[{\"@type\":\"CommentAction\",\"name\":\"Comment\",\"target\":[\"https:\/\/www.padreydecano.com\/cms\/los-aromos\/los-juveniles-contra-racing-por-seguir-avanzando\/#respond\"]}]},{\"@type\":\"WebPage\",\"@id\":\"https:\/\/www.padreydecano.com\/cms\/los-aromos\/los-juveniles-contra-racing-por-seguir-avanzando\/\",\"url\":\"https:\/\/www.padreydecano.com\/cms\/los-aromos\/los-juveniles-contra-racing-por-seguir-avanzando\/\",\"name\":\"Los juveniles contra Racing por seguir avanzando - Padre y Decano - El Sitio del Pueblo\",\"isPartOf\":{\"@id\":\"https:\/\/www.padreydecano.com\/cms\/#website\"},\"primaryImageOfPage\":{\"@id\":\"https:\/\/www.padreydecano.com\/cms\/los-aromos\/los-juveniles-contra-racing-por-seguir-avanzando\/#primaryimage\"},\"image\":{\"@id\":\"https:\/\/www.padreydecano.com\/cms\/los-aromos\/los-juveniles-contra-racing-por-seguir-avanzando\/#primaryimage\"},\"thumbnailUrl\":\"https:\/\/www.padreydecano.com\/cms\/wp-content\/uploads\/2012\/01\/rentistas99.jpg\",\"datePublished\":\"2012-01-31T18:58:13+00:00\",\"dateModified\":\"2012-02-02T01:11:51+00:00\",\"breadcrumb\":{\"@id\":\"https:\/\/www.padreydecano.com\/cms\/los-aromos\/los-juveniles-contra-racing-por-seguir-avanzando\/#breadcrumb\"},\"inLanguage\":\"es\",\"potentialAction\":[{\"@type\":\"ReadAction\",\"target\":[\"https:\/\/www.padreydecano.com\/cms\/los-aromos\/los-juveniles-contra-racing-por-seguir-avanzando\/\"]}]},{\"@type\":\"ImageObject\",\"inLanguage\":\"es\",\"@id\":\"https:\/\/www.padreydecano.com\/cms\/los-aromos\/los-juveniles-contra-racing-por-seguir-avanzando\/#primaryimage\",\"url\":\"https:\/\/www.padreydecano.com\/cms\/wp-content\/uploads\/2012\/01\/rentistas99.jpg\",\"contentUrl\":\"https:\/\/www.padreydecano.com\/cms\/wp-content\/uploads\/2012\/01\/rentistas99.jpg\",\"width\":\"800\",\"height\":\"600\"},{\"@type\":\"BreadcrumbList\",\"@id\":\"https:\/\/www.padreydecano.com\/cms\/los-aromos\/los-juveniles-contra-racing-por-seguir-avanzando\/#breadcrumb\",\"itemListElement\":[{\"@type\":\"ListItem\",\"position\":1,\"name\":\"Portada\",\"item\":\"https:\/\/www.padreydecano.com\/cms\/\"},{\"@type\":\"ListItem\",\"position\":2,\"name\":\"Los juveniles contra Racing por seguir avanzando\"}]},{\"@type\":\"WebSite\",\"@id\":\"https:\/\/www.padreydecano.com\/cms\/#website\",\"url\":\"https:\/\/www.padreydecano.com\/cms\/\",\"name\":\"Padre y Decano - El Sitio del Pueblo\",\"description\":\"Club Atl\u00e9tico Pe\u00f1arol\",\"publisher\":{\"@id\":\"https:\/\/www.padreydecano.com\/cms\/#organization\"},\"potentialAction\":[{\"@type\":\"SearchAction\",\"target\":{\"@type\":\"EntryPoint\",\"urlTemplate\":\"https:\/\/www.padreydecano.com\/cms\/?s={search_term_string}\"},\"query-input\":\"required name=search_term_string\"}],\"inLanguage\":\"es\"},{\"@type\":\"Organization\",\"@id\":\"https:\/\/www.padreydecano.com\/cms\/#organization\",\"name\":\"Padre y Decano\",\"url\":\"https:\/\/www.padreydecano.com\/cms\/\",\"logo\":{\"@type\":\"ImageObject\",\"inLanguage\":\"es\",\"@id\":\"https:\/\/www.padreydecano.com\/cms\/#\/schema\/logo\/image\/\",\"url\":\"https:\/\/www.padreydecano.com\/cms\/wp-content\/uploads\/2022\/01\/avatar-square.png\",\"contentUrl\":\"https:\/\/www.padreydecano.com\/cms\/wp-content\/uploads\/2022\/01\/avatar-square.png\",\"width\":1500,\"height\":1500,\"caption\":\"Padre y Decano\"},\"image\":{\"@id\":\"https:\/\/www.padreydecano.com\/cms\/#\/schema\/logo\/image\/\"}},{\"@type\":\"Person\",\"@id\":\"https:\/\/www.padreydecano.com\/cms\/#\/schema\/person\/51e0214db654d9624824b37c2838bb65\",\"name\":\"Emirona07\",\"image\":{\"@type\":\"ImageObject\",\"inLanguage\":\"es\",\"@id\":\"https:\/\/www.padreydecano.com\/cms\/#\/schema\/person\/image\/\",\"url\":\"https:\/\/secure.gravatar.com\/avatar\/93c9118dbd5373a8a065bb5cdddde6bf?s=96&d=https%3A%2F%2Fpadreydecano.com%2Fcms%2Fwp-content%2Fthemes%2Fpyd-theme%2Fimg%2Fdefault-avatar.png&r=g\",\"contentUrl\":\"https:\/\/secure.gravatar.com\/avatar\/93c9118dbd5373a8a065bb5cdddde6bf?s=96&d=https%3A%2F%2Fpadreydecano.com%2Fcms%2Fwp-content%2Fthemes%2Fpyd-theme%2Fimg%2Fdefault-avatar.png&r=g\",\"caption\":\"Emirona07\"}}]}<\/script>\n<!-- \/ Yoast SEO plugin. -->","yoast_head_json":{"title":"Los juveniles contra Racing por seguir avanzando - Padre y Decano - El Sitio del Pueblo","robots":{"index":"index","follow":"follow","max-snippet":"max-snippet:-1","max-image-preview":"max-image-preview:large","max-video-preview":"max-video-preview:-1"},"canonical":"https:\/\/www.padreydecano.com\/cms\/los-aromos\/los-juveniles-contra-racing-por-seguir-avanzando\/","og_locale":"es_ES","og_type":"article","og_title":"Los juveniles contra Racing por seguir avanzando - Padre y Decano - El Sitio del Pueblo","og_description":"Pe\u00f1arol enfrentar\u00e1 ma\u00f1ana al conjunto de Racing en la ciudad de San Jos\u00e9, por los cuartos de final del Torneo Preparaci\u00f3n 2012. Los juveniles carboneros que golearon y gustaron contra Rentistas por 3 a 0, jugar\u00e1n \u00a0nuevamente en el interior del pa\u00eds y se espera que sea ante un estadio repleto, ya que han generado [&hellip;]","og_url":"https:\/\/www.padreydecano.com\/cms\/los-aromos\/los-juveniles-contra-racing-por-seguir-avanzando\/","og_site_name":"Padre y Decano - El Sitio del Pueblo","article_published_time":"2012-01-31T18:58:13+00:00","article_modified_time":"2012-02-02T01:11:51+00:00","og_image":[{"width":800,"height":600,"url":"https:\/\/www.padreydecano.com\/cms\/wp-content\/uploads\/2012\/01\/rentistas99.jpg","type":"image\/jpeg"}],"author":"Emirona07","twitter_card":"summary_large_image","twitter_misc":{"Escrito por":"Emirona07","Tiempo de lectura":"1 minuto"},"schema":{"@context":"https:\/\/schema.org","@graph":[{"@type":"Article","@id":"https:\/\/www.padreydecano.com\/cms\/los-aromos\/los-juveniles-contra-racing-por-seguir-avanzando\/#article","isPartOf":{"@id":"https:\/\/www.padreydecano.com\/cms\/los-aromos\/los-juveniles-contra-racing-por-seguir-avanzando\/"},"author":{"name":"Emirona07","@id":"https:\/\/www.padreydecano.com\/cms\/#\/schema\/person\/51e0214db654d9624824b37c2838bb65"},"headline":"Los juveniles contra Racing por seguir avanzando","datePublished":"2012-01-31T18:58:13+00:00","dateModified":"2012-02-02T01:11:51+00:00","mainEntityOfPage":{"@id":"https:\/\/www.padreydecano.com\/cms\/los-aromos\/los-juveniles-contra-racing-por-seguir-avanzando\/"},"wordCount":260,"commentCount":6,"publisher":{"@id":"https:\/\/www.padreydecano.com\/cms\/#organization"},"image":{"@id":"https:\/\/www.padreydecano.com\/cms\/los-aromos\/los-juveniles-contra-racing-por-seguir-avanzando\/#primaryimage"},"thumbnailUrl":"https:\/\/www.padreydecano.com\/cms\/wp-content\/uploads\/2012\/01\/rentistas99.jpg","articleSection":["Los Aromos"],"inLanguage":"es","potentialAction":[{"@type":"CommentAction","name":"Comment","target":["https:\/\/www.padreydecano.com\/cms\/los-aromos\/los-juveniles-contra-racing-por-seguir-avanzando\/#respond"]}]},{"@type":"WebPage","@id":"https:\/\/www.padreydecano.com\/cms\/los-aromos\/los-juveniles-contra-racing-por-seguir-avanzando\/","url":"https:\/\/www.padreydecano.com\/cms\/los-aromos\/los-juveniles-contra-racing-por-seguir-avanzando\/","name":"Los juveniles contra Racing por seguir avanzando - Padre y Decano - El Sitio del Pueblo","isPartOf":{"@id":"https:\/\/www.padreydecano.com\/cms\/#website"},"primaryImageOfPage":{"@id":"https:\/\/www.padreydecano.com\/cms\/los-aromos\/los-juveniles-contra-racing-por-seguir-avanzando\/#primaryimage"},"image":{"@id":"https:\/\/www.padreydecano.com\/cms\/los-aromos\/los-juveniles-contra-racing-por-seguir-avanzando\/#primaryimage"},"thumbnailUrl":"https:\/\/www.padreydecano.com\/cms\/wp-content\/uploads\/2012\/01\/rentistas99.jpg","datePublished":"2012-01-31T18:58:13+00:00","dateModified":"2012-02-02T01:11:51+00:00","breadcrumb":{"@id":"https:\/\/www.padreydecano.com\/cms\/los-aromos\/los-juveniles-contra-racing-por-seguir-avanzando\/#breadcrumb"},"inLanguage":"es","potentialAction":[{"@type":"ReadAction","target":["https:\/\/www.padreydecano.com\/cms\/los-aromos\/los-juveniles-contra-racing-por-seguir-avanzando\/"]}]},{"@type":"ImageObject","inLanguage":"es","@id":"https:\/\/www.padreydecano.com\/cms\/los-aromos\/los-juveniles-contra-racing-por-seguir-avanzando\/#primaryimage","url":"https:\/\/www.padreydecano.com\/cms\/wp-content\/uploads\/2012\/01\/rentistas99.jpg","contentUrl":"https:\/\/www.padreydecano.com\/cms\/wp-content\/uploads\/2012\/01\/rentistas99.jpg","width":"800","height":"600"},{"@type":"BreadcrumbList","@id":"https:\/\/www.padreydecano.com\/cms\/los-aromos\/los-juveniles-contra-racing-por-seguir-avanzando\/#breadcrumb","itemListElement":[{"@type":"ListItem","position":1,"name":"Portada","item":"https:\/\/www.padreydecano.com\/cms\/"},{"@type":"ListItem","position":2,"name":"Los juveniles contra Racing por seguir avanzando"}]},{"@type":"WebSite","@id":"https:\/\/www.padreydecano.com\/cms\/#website","url":"https:\/\/www.padreydecano.com\/cms\/","name":"Padre y Decano - El Sitio del Pueblo","description":"Club Atl\u00e9tico Pe\u00f1arol","publisher":{"@id":"https:\/\/www.padreydecano.com\/cms\/#organization"},"potentialAction":[{"@type":"SearchAction","target":{"@type":"EntryPoint","urlTemplate":"https:\/\/www.padreydecano.com\/cms\/?s={search_term_string}"},"query-input":"required name=search_term_string"}],"inLanguage":"es"},{"@type":"Organization","@id":"https:\/\/www.padreydecano.com\/cms\/#organization","name":"Padre y Decano","url":"https:\/\/www.padreydecano.com\/cms\/","logo":{"@type":"ImageObject","inLanguage":"es","@id":"https:\/\/www.padreydecano.com\/cms\/#\/schema\/logo\/image\/","url":"https:\/\/www.padreydecano.com\/cms\/wp-content\/uploads\/2022\/01\/avatar-square.png","contentUrl":"https:\/\/www.padreydecano.com\/cms\/wp-content\/uploads\/2022\/01\/avatar-square.png","width":1500,"height":1500,"caption":"Padre y Decano"},"image":{"@id":"https:\/\/www.padreydecano.com\/cms\/#\/schema\/logo\/image\/"}},{"@type":"Person","@id":"https:\/\/www.padreydecano.com\/cms\/#\/schema\/person\/51e0214db654d9624824b37c2838bb65","name":"Emirona07","image":{"@type":"ImageObject","inLanguage":"es","@id":"https:\/\/www.padreydecano.com\/cms\/#\/schema\/person\/image\/","url":"https:\/\/secure.gravatar.com\/avatar\/93c9118dbd5373a8a065bb5cdddde6bf?s=96&d=https%3A%2F%2Fpadreydecano.com%2Fcms%2Fwp-content%2Fthemes%2Fpyd-theme%2Fimg%2Fdefault-avatar.png&r=g","contentUrl":"https:\/\/secure.gravatar.com\/avatar\/93c9118dbd5373a8a065bb5cdddde6bf?s=96&d=https%3A%2F%2Fpadreydecano.com%2Fcms%2Fwp-content%2Fthemes%2Fpyd-theme%2Fimg%2Fdefault-avatar.png&r=g","caption":"Emirona07"}}]}},"_links":{"self":[{"href":"https:\/\/www.padreydecano.com\/cms\/wp-json\/wp\/v2\/posts\/15057"}],"collection":[{"href":"https:\/\/www.padreydecano.com\/cms\/wp-json\/wp\/v2\/posts"}],"about":[{"href":"https:\/\/www.padreydecano.com\/cms\/wp-json\/wp\/v2\/types\/post"}],"author":[{"embeddable":true,"href":"https:\/\/www.padreydecano.com\/cms\/wp-json\/wp\/v2\/users\/5"}],"replies":[{"embeddable":true,"href":"https:\/\/www.padreydecano.com\/cms\/wp-json\/wp\/v2\/comments?post=15057"}],"version-history":[{"count":0,"href":"https:\/\/www.padreydecano.com\/cms\/wp-json\/wp\/v2\/posts\/15057\/revisions"}],"wp:featuredmedia":[{"embeddable":true,"href":"https:\/\/www.padreydecano.com\/cms\/wp-json\/wp\/v2\/media\/15012"}],"wp:attachment":[{"href":"https:\/\/www.padreydecano.com\/cms\/wp-json\/wp\/v2\/media?parent=15057"}],"wp:term":[{"taxonomy":"category","embeddable":true,"href":"https:\/\/www.padreydecano.com\/cms\/wp-json\/wp\/v2\/categories?post=15057"},{"taxonomy":"post_tag","embeddable":true,"href":"https:\/\/www.padreydecano.com\/cms\/wp-json\/wp\/v2\/tags?post=15057"}],"curies":[{"name":"wp","href":"https:\/\/api.w.org\/{rel}","templated":true}]}}