{"id":14706,"date":"2012-01-30T00:24:16","date_gmt":"2012-01-30T02:24:16","guid":{"rendered":"http:\/\/www.padreydecano.com\/cms\/?p=14706"},"modified":"2012-06-08T00:47:31","modified_gmt":"2012-06-08T03:47:31","slug":"los-pibes-golearon-a-rentistas","status":"publish","type":"post","link":"https:\/\/www.padreydecano.com\/cms\/partidos\/los-pibes-golearon-a-rentistas\/","title":{"rendered":"Los pibes golearon a Rentistas"},"content":{"rendered":"<p style=\"text-align: justify;\"><a href=\"https:\/\/www.padreydecano.com\/cms\/wp-content\/uploads\/2012\/01\/vs.-Rentistas-Torneo-Preparaci\u00f3n-2-Copiar.jpg\" rel=\"shadowbox[sbpost-14706];player=img;\"><img loading=\"lazy\" decoding=\"async\" class=\"alignleft size-medium wp-image-14732\" title=\"\" src=\"https:\/\/www.padreydecano.com\/cms\/wp-content\/uploads\/2012\/01\/vs.-Rentistas-Torneo-Preparaci\u00f3n-2-Copiar-300x199.jpg\" alt=\"\" width=\"300\" height=\"199\" srcset=\"https:\/\/www.padreydecano.com\/cms\/wp-content\/uploads\/2012\/01\/vs.-Rentistas-Torneo-Preparaci\u00f3n-2-Copiar-300x199.jpg 300w, https:\/\/www.padreydecano.com\/cms\/wp-content\/uploads\/2012\/01\/vs.-Rentistas-Torneo-Preparaci\u00f3n-2-Copiar.jpg 600w\" sizes=\"(max-width: 300px) 100vw, 300px\" \/><\/a>En el debut carbonero por el Torneo Preparaci\u00f3n,<strong> derrotamos 3 a 0 a Rentistas en el Atilio Paiva de Rivera<\/strong>, siendo este un resultado contundente y muy alentador para nuestros pibes. Dos equipos totalmente distintos en la cancha. Por el lado de Pe\u00f1arol, el equipo dirigido por De Los Santos era netamente juvenil con algunos refuerzos como Bruno Montelongo, y jugadores como Siles y Guich\u00f3n que ya han tenido experiencia en primera divisi\u00f3n. Rentistas, un equipo diezmado ya que ten\u00eda varios jugadores en sanidad. La juventud de Pe\u00f1arol permiti\u00f3 intentar el juego r\u00e1pido y el contragolpe con Siles y San Mart\u00edn como puntas. Adem\u00e1s, se vio a un Guich\u00f3n muy participativo, y un Jim Morrison Varela como se dio a conocer en el mundial sub 17.<\/p>\n<p style=\"text-align: justify;\">Los primeros minutos transcurrieron con normalidad, hasta que a eso de los 12 minutos el partido se meti\u00f3 en una \u201czona de confusi\u00f3n\u201d. Se da una plancha terrible de un jugador de Rentistas a Facundo Guich\u00f3n. Afortunadamente no lo agarr\u00f3 bien, sino podr\u00edamos estar lamentando una lesi\u00f3n seria. Apenas fue amonestado. Unos minutos despu\u00e9s, ins\u00f3litamente, el mismo jugador de Rentistas cometi\u00f3 otra falta grave y recibi\u00f3 la segunda tarjeta amarilla, pero inexplicablemente no fue expulsado. El juez se confundi\u00f3 y anot\u00f3 una de las amarillas para otro jugador, o vaya a saber qu\u00e9 pas\u00f3. El hecho es que Rentistas sigui\u00f3 con 11 jugadores.<\/p>\n<p style=\"text-align: justify;\"><strong>A los 30 minutos lleg\u00f3 el golazo de Guich\u00f3n para abrir el marcador en el Atilio Paiva Olivera<\/strong>. Raguso roba la pelota en la mitad de la cancha, Siles realiza una diagonal y Guich\u00f3n que ven\u00eda en carrera recibe la pelota y define con clase pateando el bal\u00f3n por encima del portero Guillermo Reyes. Minutos m\u00e1s tarde Pe\u00f1arol genera una nueva chance de gol tras una buena combinaci\u00f3n de Siles y San Martin. Este segundo remata y Guillermo Reyes la manda al corner. Lo mejor para Pe\u00f1arol hasta ese momento.<\/p>\n<p style=\"text-align: justify;\">Rentistas tambi\u00e9n tuvo oportunidades, pero Leandro Gelpi demostr\u00f3 que tiene condiciones y futuro y sell\u00f3 el arco carbonero. La primera fue un remate de larga distancia de Fern\u00e1ndez y la segunda un cabezazo de Planch\u00f3n. Ambas situaciones fueron resueltas correctamente por el joven portero.<\/p>\n<p style=\"text-align: justify;\">En el segundo tiempo, de arranque tuvimos una jugada clara, tras una buena maniobra personal de Siles. El jugador pudo darle la pelota a Montelongo que estaba mejor posicionado, pero prefiri\u00f3 definir \u00e9l y se perdi\u00f3 la oportunidad de ampliar el marcador.<\/p>\n<p style=\"text-align: justify;\">Sobre la mitad del\u00a0tiempo complementario lleg\u00f3 el penal para Pe\u00f1arol luego de que el portero de los bichos colorados derribara a Siles. <strong>Lo ejecut\u00f3 Bruno Montelongo que marc\u00f3 el segundo y de esa manera asegur\u00f3 el resultado<\/strong>.<\/p>\n<p style=\"text-align: justify;\">Ya sobre el final, Jim Morrison Varela hace un cambio de frente para Montelongo, quien remata pero no puede marcar el tanto, el portero desv\u00eda el bal\u00f3n y <strong>aparece el pibe Nicol\u00e1s Mezquida para asegurar el tercero<\/strong>. Una victoria muy importante, teniendo en cuenta que no nos presentamos en este torneo con todo nuestro poder\u00edo. Es una importante oportunidad para los pibes que vienen trabajando duramente en inferiores, y que les da confianza para saber que peuden.<\/p>\n<p style=\"text-align: justify;\"><strong>El pr\u00f3ximo mi\u00e9rcoles estaremos jugando ante Racing en San Jos\u00e9.<\/strong> \u00a0\u00a1Vamo vamo los pibes!<\/p>\n<p style=\"text-align: justify;\"><strong><span style=\"color: #ffcc02;\">Ficha del partido<\/span><\/strong><\/p>\n<p style=\"text-align: justify;\"><span><strong>PE\u00d1AROL 3:0 RENTISTAS<\/strong><br \/>\n<strong>Cancha:<\/strong>\u00a0Estadio Atilio Paiva de Olivera (Rivera).\u00a0<strong>Jueces:\u00a0<\/strong>Jos\u00e9 Carlos Otaiza, Federico Menaes y Angel Furtado (Terna de Florida).<\/span><\/p>\n<p><strong>PE\u00d1AROL:<\/strong>\u00a0Leandro Gelpi, Mauricio G\u00f3mez (75&#8242; Alejandro Furia), Germ\u00e1n Ferreira, Joaqu\u00edn Aguirre, Nicol\u00e1s Raguso, Bruno Montelongo, Andr\u00e9s Pereira, Jim Varela, Facundo Guich\u00f3n, Jonathan Siles (80&#8242; Mart\u00edn Silva) y Juan San Mart\u00edn (Nicol\u00e1s Mezquida).\u00a0\u00a0<strong>Director T\u00e9cnico:\u00a0<\/strong>Enrique De Los Santos.<\/p>\n<p><strong>RENTISTAS:\u00a0<\/strong>Guillermo Reyes, Diego Bonilla, Ruben Planch\u00f3n, Luis Faccio, Selmar Pintos, Bruno Lentenelli, Marcelo Fern\u00e1ndez, Valent\u00edn\u00a0 Villaz\u00e1n (59&#8242; Paulo Salas), Santiago L\u00f3pez, Wanderson Silveira (13&#8242; Ram\u00f3n Gambiassi) y Gonzalo Mal\u00e1n.\u00a0<strong>Director T\u00e9cnico:\u00a0<\/strong>Edgardo Arias.<\/p>\n<p><strong>Goles:\u00a0<\/strong>30 Facundo Guich\u00f3n (P) y 79&#8242; Bruno Montelongo, de penal (P) y 87&#8242; Nicol\u00e1s Mezquida (P).<\/p>\n<p style=\"text-align: justify;\"><span><strong>Tarjetas amarillas:<\/strong>\u00a013&#8242; Selmar Pintos (R), 20&#8242; Guillermo Reyes (R), 48&#8242; Jonathan Siles (P), 56&#8242; Juan San Mart\u00edn (P), 70&#8242; Andr\u00e9s Pereira (P).<\/span><\/p>\n","protected":false},"excerpt":{"rendered":"<p>En el debut carbonero por el Torneo Preparaci\u00f3n, derrotamos 3 a 0 a Rentistas en el Atilio Paiva de Rivera, siendo este un resultado contundente y muy alentador para nuestros pibes. Dos equipos totalmente distintos en la cancha. Por el lado de Pe\u00f1arol, el equipo dirigido por De Los Santos era netamente juvenil con algunos [&hellip;]<\/p>\n","protected":false},"author":13,"featured_media":14733,"comment_status":"open","ping_status":"closed","sticky":false,"template":"","format":"standard","meta":{"footnotes":""},"categories":[13],"tags":[],"yoast_head":"<!-- This site is optimized with the Yoast SEO plugin v23.2 - https:\/\/yoast.com\/wordpress\/plugins\/seo\/ -->\n<title>Los pibes golearon a Rentistas - Padre y Decano - El Sitio del Pueblo<\/title>\n<meta name=\"robots\" content=\"index, follow, max-snippet:-1, max-image-preview:large, max-video-preview:-1\" \/>\n<link rel=\"canonical\" href=\"https:\/\/www.padreydecano.com\/cms\/partidos\/los-pibes-golearon-a-rentistas\/\" \/>\n<meta property=\"og:locale\" content=\"es_ES\" \/>\n<meta property=\"og:type\" content=\"article\" \/>\n<meta property=\"og:title\" content=\"Los pibes golearon a Rentistas - Padre y Decano - El Sitio del Pueblo\" \/>\n<meta property=\"og:description\" content=\"En el debut carbonero por el Torneo Preparaci\u00f3n, derrotamos 3 a 0 a Rentistas en el Atilio Paiva de Rivera, siendo este un resultado contundente y muy alentador para nuestros pibes. Dos equipos totalmente distintos en la cancha. Por el lado de Pe\u00f1arol, el equipo dirigido por De Los Santos era netamente juvenil con algunos [&hellip;]\" \/>\n<meta property=\"og:url\" content=\"https:\/\/www.padreydecano.com\/cms\/partidos\/los-pibes-golearon-a-rentistas\/\" \/>\n<meta property=\"og:site_name\" content=\"Padre y Decano - El Sitio del Pueblo\" \/>\n<meta property=\"article:published_time\" content=\"2012-01-30T02:24:16+00:00\" \/>\n<meta property=\"article:modified_time\" content=\"2012-06-08T03:47:31+00:00\" \/>\n<meta property=\"og:image\" content=\"https:\/\/www.padreydecano.com\/cms\/wp-content\/uploads\/2012\/01\/vs.-Rentistas-Torneo-Preparaci\u00f3n-1-Copiar.jpg\" \/>\n\t<meta property=\"og:image:width\" content=\"600\" \/>\n\t<meta property=\"og:image:height\" content=\"399\" \/>\n\t<meta property=\"og:image:type\" content=\"image\/jpeg\" \/>\n<meta name=\"author\" content=\"Moderador\" \/>\n<meta name=\"twitter:card\" content=\"summary_large_image\" \/>\n<meta name=\"twitter:label1\" content=\"Escrito por\" \/>\n\t<meta name=\"twitter:data1\" content=\"Moderador\" \/>\n\t<meta name=\"twitter:label2\" content=\"Tiempo de lectura\" \/>\n\t<meta name=\"twitter:data2\" content=\"4 minutos\" \/>\n<script type=\"application\/ld+json\" class=\"yoast-schema-graph\">{\"@context\":\"https:\/\/schema.org\",\"@graph\":[{\"@type\":\"Article\",\"@id\":\"https:\/\/www.padreydecano.com\/cms\/partidos\/los-pibes-golearon-a-rentistas\/#article\",\"isPartOf\":{\"@id\":\"https:\/\/www.padreydecano.com\/cms\/partidos\/los-pibes-golearon-a-rentistas\/\"},\"author\":{\"name\":\"Moderador\",\"@id\":\"https:\/\/www.padreydecano.com\/cms\/#\/schema\/person\/d93e9e537230ae052c194251d9a1def2\"},\"headline\":\"Los pibes golearon a Rentistas\",\"datePublished\":\"2012-01-30T02:24:16+00:00\",\"dateModified\":\"2012-06-08T03:47:31+00:00\",\"mainEntityOfPage\":{\"@id\":\"https:\/\/www.padreydecano.com\/cms\/partidos\/los-pibes-golearon-a-rentistas\/\"},\"wordCount\":716,\"commentCount\":10,\"publisher\":{\"@id\":\"https:\/\/www.padreydecano.com\/cms\/#organization\"},\"image\":{\"@id\":\"https:\/\/www.padreydecano.com\/cms\/partidos\/los-pibes-golearon-a-rentistas\/#primaryimage\"},\"thumbnailUrl\":\"https:\/\/www.padreydecano.com\/cms\/wp-content\/uploads\/2012\/01\/vs.-Rentistas-Torneo-Preparaci\u00f3n-1-Copiar.jpg\",\"articleSection\":[\"Partidos\"],\"inLanguage\":\"es\",\"potentialAction\":[{\"@type\":\"CommentAction\",\"name\":\"Comment\",\"target\":[\"https:\/\/www.padreydecano.com\/cms\/partidos\/los-pibes-golearon-a-rentistas\/#respond\"]}]},{\"@type\":\"WebPage\",\"@id\":\"https:\/\/www.padreydecano.com\/cms\/partidos\/los-pibes-golearon-a-rentistas\/\",\"url\":\"https:\/\/www.padreydecano.com\/cms\/partidos\/los-pibes-golearon-a-rentistas\/\",\"name\":\"Los pibes golearon a Rentistas - Padre y Decano - El Sitio del Pueblo\",\"isPartOf\":{\"@id\":\"https:\/\/www.padreydecano.com\/cms\/#website\"},\"primaryImageOfPage\":{\"@id\":\"https:\/\/www.padreydecano.com\/cms\/partidos\/los-pibes-golearon-a-rentistas\/#primaryimage\"},\"image\":{\"@id\":\"https:\/\/www.padreydecano.com\/cms\/partidos\/los-pibes-golearon-a-rentistas\/#primaryimage\"},\"thumbnailUrl\":\"https:\/\/www.padreydecano.com\/cms\/wp-content\/uploads\/2012\/01\/vs.-Rentistas-Torneo-Preparaci\u00f3n-1-Copiar.jpg\",\"datePublished\":\"2012-01-30T02:24:16+00:00\",\"dateModified\":\"2012-06-08T03:47:31+00:00\",\"breadcrumb\":{\"@id\":\"https:\/\/www.padreydecano.com\/cms\/partidos\/los-pibes-golearon-a-rentistas\/#breadcrumb\"},\"inLanguage\":\"es\",\"potentialAction\":[{\"@type\":\"ReadAction\",\"target\":[\"https:\/\/www.padreydecano.com\/cms\/partidos\/los-pibes-golearon-a-rentistas\/\"]}]},{\"@type\":\"ImageObject\",\"inLanguage\":\"es\",\"@id\":\"https:\/\/www.padreydecano.com\/cms\/partidos\/los-pibes-golearon-a-rentistas\/#primaryimage\",\"url\":\"https:\/\/www.padreydecano.com\/cms\/wp-content\/uploads\/2012\/01\/vs.-Rentistas-Torneo-Preparaci\u00f3n-1-Copiar.jpg\",\"contentUrl\":\"https:\/\/www.padreydecano.com\/cms\/wp-content\/uploads\/2012\/01\/vs.-Rentistas-Torneo-Preparaci\u00f3n-1-Copiar.jpg\",\"width\":\"600\",\"height\":\"399\"},{\"@type\":\"BreadcrumbList\",\"@id\":\"https:\/\/www.padreydecano.com\/cms\/partidos\/los-pibes-golearon-a-rentistas\/#breadcrumb\",\"itemListElement\":[{\"@type\":\"ListItem\",\"position\":1,\"name\":\"Portada\",\"item\":\"https:\/\/www.padreydecano.com\/cms\/\"},{\"@type\":\"ListItem\",\"position\":2,\"name\":\"Los pibes golearon a Rentistas\"}]},{\"@type\":\"WebSite\",\"@id\":\"https:\/\/www.padreydecano.com\/cms\/#website\",\"url\":\"https:\/\/www.padreydecano.com\/cms\/\",\"name\":\"Padre y Decano - El Sitio del Pueblo\",\"description\":\"Club Atl\u00e9tico Pe\u00f1arol\",\"publisher\":{\"@id\":\"https:\/\/www.padreydecano.com\/cms\/#organization\"},\"potentialAction\":[{\"@type\":\"SearchAction\",\"target\":{\"@type\":\"EntryPoint\",\"urlTemplate\":\"https:\/\/www.padreydecano.com\/cms\/?s={search_term_string}\"},\"query-input\":\"required name=search_term_string\"}],\"inLanguage\":\"es\"},{\"@type\":\"Organization\",\"@id\":\"https:\/\/www.padreydecano.com\/cms\/#organization\",\"name\":\"Padre y Decano\",\"url\":\"https:\/\/www.padreydecano.com\/cms\/\",\"logo\":{\"@type\":\"ImageObject\",\"inLanguage\":\"es\",\"@id\":\"https:\/\/www.padreydecano.com\/cms\/#\/schema\/logo\/image\/\",\"url\":\"https:\/\/www.padreydecano.com\/cms\/wp-content\/uploads\/2022\/01\/avatar-square.png\",\"contentUrl\":\"https:\/\/www.padreydecano.com\/cms\/wp-content\/uploads\/2022\/01\/avatar-square.png\",\"width\":1500,\"height\":1500,\"caption\":\"Padre y Decano\"},\"image\":{\"@id\":\"https:\/\/www.padreydecano.com\/cms\/#\/schema\/logo\/image\/\"}},{\"@type\":\"Person\",\"@id\":\"https:\/\/www.padreydecano.com\/cms\/#\/schema\/person\/d93e9e537230ae052c194251d9a1def2\",\"name\":\"Moderador\",\"image\":{\"@type\":\"ImageObject\",\"inLanguage\":\"es\",\"@id\":\"https:\/\/www.padreydecano.com\/cms\/#\/schema\/person\/image\/\",\"url\":\"https:\/\/secure.gravatar.com\/avatar\/2587727bf8a53bd3da4ec49f01bea66e?s=96&d=https%3A%2F%2Fpadreydecano.com%2Fcms%2Fwp-content%2Fthemes%2Fpyd-theme%2Fimg%2Fdefault-avatar.png&r=g\",\"contentUrl\":\"https:\/\/secure.gravatar.com\/avatar\/2587727bf8a53bd3da4ec49f01bea66e?s=96&d=https%3A%2F%2Fpadreydecano.com%2Fcms%2Fwp-content%2Fthemes%2Fpyd-theme%2Fimg%2Fdefault-avatar.png&r=g\",\"caption\":\"Moderador\"}}]}<\/script>\n<!-- \/ Yoast SEO plugin. -->","yoast_head_json":{"title":"Los pibes golearon a Rentistas - Padre y Decano - El Sitio del Pueblo","robots":{"index":"index","follow":"follow","max-snippet":"max-snippet:-1","max-image-preview":"max-image-preview:large","max-video-preview":"max-video-preview:-1"},"canonical":"https:\/\/www.padreydecano.com\/cms\/partidos\/los-pibes-golearon-a-rentistas\/","og_locale":"es_ES","og_type":"article","og_title":"Los pibes golearon a Rentistas - Padre y Decano - El Sitio del Pueblo","og_description":"En el debut carbonero por el Torneo Preparaci\u00f3n, derrotamos 3 a 0 a Rentistas en el Atilio Paiva de Rivera, siendo este un resultado contundente y muy alentador para nuestros pibes. Dos equipos totalmente distintos en la cancha. Por el lado de Pe\u00f1arol, el equipo dirigido por De Los Santos era netamente juvenil con algunos [&hellip;]","og_url":"https:\/\/www.padreydecano.com\/cms\/partidos\/los-pibes-golearon-a-rentistas\/","og_site_name":"Padre y Decano - El Sitio del Pueblo","article_published_time":"2012-01-30T02:24:16+00:00","article_modified_time":"2012-06-08T03:47:31+00:00","og_image":[{"width":600,"height":399,"url":"https:\/\/www.padreydecano.com\/cms\/wp-content\/uploads\/2012\/01\/vs.-Rentistas-Torneo-Preparaci\u00f3n-1-Copiar.jpg","type":"image\/jpeg"}],"author":"Moderador","twitter_card":"summary_large_image","twitter_misc":{"Escrito por":"Moderador","Tiempo de lectura":"4 minutos"},"schema":{"@context":"https:\/\/schema.org","@graph":[{"@type":"Article","@id":"https:\/\/www.padreydecano.com\/cms\/partidos\/los-pibes-golearon-a-rentistas\/#article","isPartOf":{"@id":"https:\/\/www.padreydecano.com\/cms\/partidos\/los-pibes-golearon-a-rentistas\/"},"author":{"name":"Moderador","@id":"https:\/\/www.padreydecano.com\/cms\/#\/schema\/person\/d93e9e537230ae052c194251d9a1def2"},"headline":"Los pibes golearon a Rentistas","datePublished":"2012-01-30T02:24:16+00:00","dateModified":"2012-06-08T03:47:31+00:00","mainEntityOfPage":{"@id":"https:\/\/www.padreydecano.com\/cms\/partidos\/los-pibes-golearon-a-rentistas\/"},"wordCount":716,"commentCount":10,"publisher":{"@id":"https:\/\/www.padreydecano.com\/cms\/#organization"},"image":{"@id":"https:\/\/www.padreydecano.com\/cms\/partidos\/los-pibes-golearon-a-rentistas\/#primaryimage"},"thumbnailUrl":"https:\/\/www.padreydecano.com\/cms\/wp-content\/uploads\/2012\/01\/vs.-Rentistas-Torneo-Preparaci\u00f3n-1-Copiar.jpg","articleSection":["Partidos"],"inLanguage":"es","potentialAction":[{"@type":"CommentAction","name":"Comment","target":["https:\/\/www.padreydecano.com\/cms\/partidos\/los-pibes-golearon-a-rentistas\/#respond"]}]},{"@type":"WebPage","@id":"https:\/\/www.padreydecano.com\/cms\/partidos\/los-pibes-golearon-a-rentistas\/","url":"https:\/\/www.padreydecano.com\/cms\/partidos\/los-pibes-golearon-a-rentistas\/","name":"Los pibes golearon a Rentistas - Padre y Decano - El Sitio del Pueblo","isPartOf":{"@id":"https:\/\/www.padreydecano.com\/cms\/#website"},"primaryImageOfPage":{"@id":"https:\/\/www.padreydecano.com\/cms\/partidos\/los-pibes-golearon-a-rentistas\/#primaryimage"},"image":{"@id":"https:\/\/www.padreydecano.com\/cms\/partidos\/los-pibes-golearon-a-rentistas\/#primaryimage"},"thumbnailUrl":"https:\/\/www.padreydecano.com\/cms\/wp-content\/uploads\/2012\/01\/vs.-Rentistas-Torneo-Preparaci\u00f3n-1-Copiar.jpg","datePublished":"2012-01-30T02:24:16+00:00","dateModified":"2012-06-08T03:47:31+00:00","breadcrumb":{"@id":"https:\/\/www.padreydecano.com\/cms\/partidos\/los-pibes-golearon-a-rentistas\/#breadcrumb"},"inLanguage":"es","potentialAction":[{"@type":"ReadAction","target":["https:\/\/www.padreydecano.com\/cms\/partidos\/los-pibes-golearon-a-rentistas\/"]}]},{"@type":"ImageObject","inLanguage":"es","@id":"https:\/\/www.padreydecano.com\/cms\/partidos\/los-pibes-golearon-a-rentistas\/#primaryimage","url":"https:\/\/www.padreydecano.com\/cms\/wp-content\/uploads\/2012\/01\/vs.-Rentistas-Torneo-Preparaci\u00f3n-1-Copiar.jpg","contentUrl":"https:\/\/www.padreydecano.com\/cms\/wp-content\/uploads\/2012\/01\/vs.-Rentistas-Torneo-Preparaci\u00f3n-1-Copiar.jpg","width":"600","height":"399"},{"@type":"BreadcrumbList","@id":"https:\/\/www.padreydecano.com\/cms\/partidos\/los-pibes-golearon-a-rentistas\/#breadcrumb","itemListElement":[{"@type":"ListItem","position":1,"name":"Portada","item":"https:\/\/www.padreydecano.com\/cms\/"},{"@type":"ListItem","position":2,"name":"Los pibes golearon a Rentistas"}]},{"@type":"WebSite","@id":"https:\/\/www.padreydecano.com\/cms\/#website","url":"https:\/\/www.padreydecano.com\/cms\/","name":"Padre y Decano - El Sitio del Pueblo","description":"Club Atl\u00e9tico Pe\u00f1arol","publisher":{"@id":"https:\/\/www.padreydecano.com\/cms\/#organization"},"potentialAction":[{"@type":"SearchAction","target":{"@type":"EntryPoint","urlTemplate":"https:\/\/www.padreydecano.com\/cms\/?s={search_term_string}"},"query-input":"required name=search_term_string"}],"inLanguage":"es"},{"@type":"Organization","@id":"https:\/\/www.padreydecano.com\/cms\/#organization","name":"Padre y Decano","url":"https:\/\/www.padreydecano.com\/cms\/","logo":{"@type":"ImageObject","inLanguage":"es","@id":"https:\/\/www.padreydecano.com\/cms\/#\/schema\/logo\/image\/","url":"https:\/\/www.padreydecano.com\/cms\/wp-content\/uploads\/2022\/01\/avatar-square.png","contentUrl":"https:\/\/www.padreydecano.com\/cms\/wp-content\/uploads\/2022\/01\/avatar-square.png","width":1500,"height":1500,"caption":"Padre y Decano"},"image":{"@id":"https:\/\/www.padreydecano.com\/cms\/#\/schema\/logo\/image\/"}},{"@type":"Person","@id":"https:\/\/www.padreydecano.com\/cms\/#\/schema\/person\/d93e9e537230ae052c194251d9a1def2","name":"Moderador","image":{"@type":"ImageObject","inLanguage":"es","@id":"https:\/\/www.padreydecano.com\/cms\/#\/schema\/person\/image\/","url":"https:\/\/secure.gravatar.com\/avatar\/2587727bf8a53bd3da4ec49f01bea66e?s=96&d=https%3A%2F%2Fpadreydecano.com%2Fcms%2Fwp-content%2Fthemes%2Fpyd-theme%2Fimg%2Fdefault-avatar.png&r=g","contentUrl":"https:\/\/secure.gravatar.com\/avatar\/2587727bf8a53bd3da4ec49f01bea66e?s=96&d=https%3A%2F%2Fpadreydecano.com%2Fcms%2Fwp-content%2Fthemes%2Fpyd-theme%2Fimg%2Fdefault-avatar.png&r=g","caption":"Moderador"}}]}},"_links":{"self":[{"href":"https:\/\/www.padreydecano.com\/cms\/wp-json\/wp\/v2\/posts\/14706"}],"collection":[{"href":"https:\/\/www.padreydecano.com\/cms\/wp-json\/wp\/v2\/posts"}],"about":[{"href":"https:\/\/www.padreydecano.com\/cms\/wp-json\/wp\/v2\/types\/post"}],"author":[{"embeddable":true,"href":"https:\/\/www.padreydecano.com\/cms\/wp-json\/wp\/v2\/users\/13"}],"replies":[{"embeddable":true,"href":"https:\/\/www.padreydecano.com\/cms\/wp-json\/wp\/v2\/comments?post=14706"}],"version-history":[{"count":0,"href":"https:\/\/www.padreydecano.com\/cms\/wp-json\/wp\/v2\/posts\/14706\/revisions"}],"wp:featuredmedia":[{"embeddable":true,"href":"https:\/\/www.padreydecano.com\/cms\/wp-json\/wp\/v2\/media\/14733"}],"wp:attachment":[{"href":"https:\/\/www.padreydecano.com\/cms\/wp-json\/wp\/v2\/media?parent=14706"}],"wp:term":[{"taxonomy":"category","embeddable":true,"href":"https:\/\/www.padreydecano.com\/cms\/wp-json\/wp\/v2\/categories?post=14706"},{"taxonomy":"post_tag","embeddable":true,"href":"https:\/\/www.padreydecano.com\/cms\/wp-json\/wp\/v2\/tags?post=14706"}],"curies":[{"name":"wp","href":"https:\/\/api.w.org\/{rel}","templated":true}]}}