{"id":12352,"date":"2012-01-18T15:00:31","date_gmt":"2012-01-18T17:00:31","guid":{"rendered":"http:\/\/www.padreydecano.com\/cms\/?p=12352"},"modified":"2016-05-02T07:47:15","modified_gmt":"2016-05-02T10:47:15","slug":"banderas-manya-a-muerte-y-los-enfermos","status":"publish","type":"post","link":"https:\/\/www.padreydecano.com\/cms\/entrevistas\/banderas-manya-a-muerte-y-los-enfermos\/","title":{"rendered":"Banderas: Manya a Muerte y Los Enfermos"},"content":{"rendered":"<p><span style=\"color: #ffcc02;\"><strong><a href=\"https:\/\/www.padreydecano.com\/cms\/wp-content\/uploads\/2012\/01\/Manya-a-muerte-Ol\u00edmpica.jpg\" rel=\"shadowbox[sbpost-12352];player=img;\"><img loading=\"lazy\" decoding=\"async\" class=\"alignleft size-medium wp-image-58628\" src=\"https:\/\/www.padreydecano.com\/cms\/wp-content\/uploads\/2012\/01\/Manya-a-muerte-Ol\u00edmpica-300x179.jpg\" alt=\"Manya-a-muerte-Ol\u00edmpica\" width=\"300\" height=\"179\" srcset=\"https:\/\/www.padreydecano.com\/cms\/wp-content\/uploads\/2012\/01\/Manya-a-muerte-Ol\u00edmpica-300x179.jpg 300w, https:\/\/www.padreydecano.com\/cms\/wp-content\/uploads\/2012\/01\/Manya-a-muerte-Ol\u00edmpica-768x459.jpg 768w, https:\/\/www.padreydecano.com\/cms\/wp-content\/uploads\/2012\/01\/Manya-a-muerte-Ol\u00edmpica.jpg 800w\" sizes=\"(max-width: 300px) 100vw, 300px\" \/><\/a>\u00bfEn qu\u00e9 a\u00f1o arrancaste a ir a la cancha?, \u00bfqui\u00e9n te llevaba?<br \/>\n<\/strong><\/span><\/p>\n<p style=\"text-align: justify;\"><strong>N\u00e9stor:<\/strong> Empec\u00e9 como la mayor\u00eda, a ir de la mano de mi padre y de mi abuelo desde chiquitito, hablamos del 82 y capaz antes pero no recuerdo. Con mi abuelo fui a muchas canchas chicas en una \u00e9poca que Pe\u00f1arol sal\u00eda m\u00e1s del estadio y tengo recuerdos imborrables.<\/p>\n<p style=\"text-align: justify;\"><span style=\"color: #ffcc02;\"><strong>\u00bfCu\u00e1ndo te nace la idea de hacer una bandera?<\/strong><\/span><\/p>\n<p style=\"text-align: justify;\"><strong>N\u00e9stor:<\/strong> All\u00e1 por 1989\/1990 arranqu\u00e9 con la bandera inglesa en amarillo y negro. \u00a0Seguro m\u00e1s de uno la recuerda, la idea muy sencilla para un pibe en aquel momento era reivindicar nuestros or\u00edgenes. Luego vendr\u00eda \u201cManya o Muerte\u201d que hoy es \u201cManya a Muerte\u201d.<\/p>\n<p><span style=\"color: #ffcc02;\"><strong>\u00bfPor qu\u00e9 cambi\u00f3 el nombre?<\/strong><\/span><\/p>\n<p style=\"text-align: justify;\"><strong>N\u00e9stor:<\/strong>\u00a0Hubo que renovarla a la fuerza. Luego de a\u00f1os de llevar \u201cManya o Muerte\u201d un buen d\u00eda no me la quisieron dejar entrar m\u00e1s porque incitaba a la violencia, entonces cambio la letra \u201co\u201d por una \u201ca\u201d y la frase ya hace unos a\u00f1os queda \u201cManya a Muerte\u201d, despu\u00e9s no se le hizo nada m\u00e1s. Cuando la estren\u00e9 en el a\u00f1o 1993 hubo varios debates acerca de esa frase, recuerdo llegar a casa y mi madre me comenta que Kesman la hab\u00eda nombrado hablando de la incitaci\u00f3n a la violencia y dem\u00e1s. Ultimas Noticias public\u00f3 un art\u00edculo sobre la bandera. Seguramente lo tengo guardado en alg\u00fan lado, jam\u00e1s entendieron la idea, si para el artiguismo la \u201cLibertad\u201d era el bien supremo por el que dejar todo para nosotros esto es Pe\u00f1arol.<\/p>\n<p style=\"text-align: justify;\"><span style=\"color: #ffcc02;\"><strong>\u00bfQui\u00e9n la dise\u00f1\u00f3?, \u00bfa qui\u00e9n se le ocurri\u00f3 la frase?, \u00bfqui\u00e9n la hizo?<\/strong><\/span><\/p>\n<p style=\"text-align: justify;\"><strong>N\u00e9stor:<\/strong> Se me ocurri\u00f3 mirando la frase de la bandera Artiguista. \u00abLibertad o muerte\u00bb fue pe\u00f1arolizado y qued\u00f3 \u201cManya o Muerte\u201d.<\/p>\n<p style=\"text-align: justify;\"><strong style=\"color: #ffcc02;\">\u00bfTe acord\u00e1s cu\u00e1nto te sali\u00f3?<\/strong><\/p>\n<p style=\"text-align: justify;\"><strong>N\u00e9stor<\/strong>: S\u00ed, me acuerdo!, en el a\u00f1o 1993 yo empezaba a trabajar, con 18 a\u00f1os, el sueldo que empec\u00e9 a cobrar era algo as\u00ed como N$ 330, fui la Casa de las Telas y me gast\u00e9 300.<\/p>\n<p style=\"text-align: justify;\"><strong style=\"color: #ffcc02;\">\u00bfEn qu\u00e9 partido inauguraste la bandera?, \u00bfcu\u00e1ntos a\u00f1os tiene el trapo?<\/strong><\/p>\n<p style=\"text-align: justify;\"><strong>N\u00e9stor:<\/strong> La bandera se inaugura en el talud \u00c1msterdam (en donde fue todo el segundo Quinquenio) en el primer partido de lo que ser\u00eda el segundo Quinquenio, 0 a 0 con Defensor, a\u00f1o 1993.\u00a0El trapo cumple este a\u00f1o 19 a\u00f1os.<\/p>\n<p style=\"text-align: justify;\"><span style=\"color: #ffcc02;\"><strong>\u00bfC\u00f3mo nace y qui\u00e9nes componen el grupo de Los Enfermos de la Ol\u00edmpica?<\/strong><\/span><\/p>\n<p style=\"text-align: justify;\"><strong><a href=\"https:\/\/www.padreydecano.com\/cms\/wp-content\/uploads\/2012\/01\/Los-Enfermos-de-la-Ol\u00edmpica.jpg\" rel=\"shadowbox[sbpost-12352];player=img;\"><img loading=\"lazy\" decoding=\"async\" class=\"alignleft size-medium wp-image-58612\" src=\"https:\/\/www.padreydecano.com\/cms\/wp-content\/uploads\/2012\/01\/Los-Enfermos-de-la-Ol\u00edmpica-300x200.jpg\" alt=\"Los-Enfermos-de-la-Ol\u00edmpica\" width=\"300\" height=\"200\" srcset=\"https:\/\/www.padreydecano.com\/cms\/wp-content\/uploads\/2012\/01\/Los-Enfermos-de-la-Ol\u00edmpica-300x200.jpg 300w, https:\/\/www.padreydecano.com\/cms\/wp-content\/uploads\/2012\/01\/Los-Enfermos-de-la-Ol\u00edmpica-768x512.jpg 768w, https:\/\/www.padreydecano.com\/cms\/wp-content\/uploads\/2012\/01\/Los-Enfermos-de-la-Ol\u00edmpica.jpg 900w\" sizes=\"(max-width: 300px) 100vw, 300px\" \/><\/a>Mat\u00edas y N\u00e9stor:\u00a0<\/strong>Los Enfermos son distinguidos por su calavera con el gorro de Pe\u00f1arol. El gorro puesto en la calavera significa la eternidad de esta pasi\u00f3n que no muere,\u00a0 y las letras elegidas son de Iron Maiden (grupo ingl\u00e9s de heavy metal).<\/p>\n<p style=\"text-align: justify;\">Nos ubicamos en la tribuna Ol\u00edmpica, contra la Amsterdam; comenz\u00f3 como un grupo de amigos de cancha, el cual se fue haciendo m\u00e1s grande y m\u00e1s unido, con gente nueva que se va sumando al correr los diferentes campeonatos. Todo esto llev\u00f3 a realizar comidas, ir juntos a los partidos, movidas entre nosotros para darle color a la tribuna y organizar la misma para los distintos recibimientos que se coordinan con los distintos grupos que integran la Barra Amsterdam.<\/p>\n<p style=\"text-align: justify;\">As\u00ed es que nos encargamos de los globos, fuegos artificiales, papel o todo lo que se prepara en los distintos recibimientos con un orgullo inmenso.<\/p>\n<p style=\"text-align: justify;\">Una caracter\u00edstica del grupo es que lo compone gente de las m\u00e1s diversas edades, desde \u201cAngel, el Loco Vinagre\u201d fallecido este a\u00f1o que pas\u00f3 con sus cerca de 70 a\u00f1os, hasta el Juandie con sus 12, tambi\u00e9n varias mujeres y muchos \u201cEnfermos\u201d para nuestro orgullo particular.<\/p>\n<p style=\"text-align: justify;\">Los integrantes desde el inicio fueron: N\u00e9stor, Carlos, Agust\u00edn, Mat\u00edas, Mariana, Nicol\u00e1s, Bonfi, Angel, Gonzalo, Mauricio, Andr\u00e9s, Walter, Camilo, Emiliano que dio la idea del nombre, Claudia e hijo (Nico), Juan Diego \u201cEl fachero de la O\u201d, y muchos m\u00e1s que se suman, aportan, se arriman agrandando esta familia. Una de las caracter\u00edsticas importantes del grupo es que todos somos socios del Club.<\/p>\n<p style=\"text-align: justify;\"><strong><a href=\"https:\/\/www.padreydecano.com\/cms\/wp-content\/uploads\/2012\/01\/Banderas-Los-Enfermos.jpg\" rel=\"shadowbox[sbpost-12352];player=img;\"><img loading=\"lazy\" decoding=\"async\" class=\"alignleft size-medium wp-image-58609\" src=\"https:\/\/www.padreydecano.com\/cms\/wp-content\/uploads\/2012\/01\/Banderas-Los-Enfermos-300x200.jpg\" alt=\"Banderas-Los-Enfermos\" width=\"300\" height=\"200\" srcset=\"https:\/\/www.padreydecano.com\/cms\/wp-content\/uploads\/2012\/01\/Banderas-Los-Enfermos-300x200.jpg 300w, https:\/\/www.padreydecano.com\/cms\/wp-content\/uploads\/2012\/01\/Banderas-Los-Enfermos-768x512.jpg 768w, https:\/\/www.padreydecano.com\/cms\/wp-content\/uploads\/2012\/01\/Banderas-Los-Enfermos.jpg 900w\" sizes=\"(max-width: 300px) 100vw, 300px\" \/><\/a>Mat\u00edas:<\/strong> Los Enfermos cuentan con diferentes trapos, algunos del grupo como otros de cada uno de sus integrantes: verticales: \u00abLos Enfermos\u00bb, \u00ab9-10-1949\u00bb, \u00a0\u00abCampe\u00f3n del Siglo XX\u00bb (la vertical de 60 metros por 2 que se hizo gracias a la compra de rifas y confianza de la gente), trapos: la bandera de las caras (un estandarte para nuestra gloriosa instituci\u00f3n y en mi opini\u00f3n uno de los m\u00e1s representativos), \u00abCampe\u00f3n del siglo XX\u00bb (trapo original colgado por primera vez por el a\u00f1o 1999 por Carlos), \u00abSomos todos menos algunos\u00bb, \u00abManya a Muerte\u00bb (a\u00f1o 1993), \u00abRompiendo el silencio\u00bb, \u00abA la historia le falta lo mejor\u00bb, \u00abInevitablemente manya\u00bb, \u00abEl Bonfi y el Cana\u00bb, \u00abCoetc es manya\u00bb, \u201cRitual\u201d, \u201cEn Col\u00f3n manda el manya\u201d y gente amiga como \u00abEn durazno mando yo\u00bb, \u00abVos me das alegr\u00eda yo te doy mi amor\u00bb, \u00abSiempre juntos\u00bb, \u00abPe\u00f1arol de los milagros\u00bb,\u00a0 \u201cVos no viv\u00eds de la historia, la historia vive de vos\u201d, \u201cManicomio carbonero, una locura sin cura\u201d, entre otros.<\/p>\n<p style=\"text-align: justify;\"><strong style=\"color: #ffcc02;\">\u00bfCu\u00e1ndo hicieron la primer bandera del grupo? \u00bfQui\u00e9n la hizo?<\/strong><\/p>\n<p style=\"text-align: justify;\"><strong><a href=\"https:\/\/www.padreydecano.com\/cms\/wp-content\/uploads\/2012\/01\/Grupo-Enfermos-Ol\u00edmpica.jpg\" rel=\"shadowbox[sbpost-12352];player=img;\"><img loading=\"lazy\" decoding=\"async\" class=\"alignleft size-medium wp-image-58624\" src=\"https:\/\/www.padreydecano.com\/cms\/wp-content\/uploads\/2012\/01\/Grupo-Enfermos-Ol\u00edmpica-300x200.jpg\" alt=\"Grupo-Enfermos-Ol\u00edmpica\" width=\"300\" height=\"200\" srcset=\"https:\/\/www.padreydecano.com\/cms\/wp-content\/uploads\/2012\/01\/Grupo-Enfermos-Ol\u00edmpica-300x200.jpg 300w, https:\/\/www.padreydecano.com\/cms\/wp-content\/uploads\/2012\/01\/Grupo-Enfermos-Ol\u00edmpica-768x512.jpg 768w, https:\/\/www.padreydecano.com\/cms\/wp-content\/uploads\/2012\/01\/Grupo-Enfermos-Ol\u00edmpica.jpg 900w\" sizes=\"(max-width: 300px) 100vw, 300px\" \/><\/a>N\u00e9stor:<\/strong> Luego que el grupo se comenz\u00f3 a armar surgi\u00f3 la idea del nombre, as\u00ed sali\u00f3 \u201cLos Enfermos\u201d y el paso siguiente obviamente era hacer el trapo que represente al grupo. Las letras con el estilo Iron Maiden y el dise\u00f1o de la calavera con el gorrito las cre\u00e9 yo. Armamos las letras y Walter se encarg\u00f3 de pintar las calaveras y coser toda la bandera, estamos hablando del a\u00f1o 2008.<\/p>\n<p style=\"text-align: justify;\"><span style=\"color: #ffcc02;\"><strong>\u00bfQu\u00e9 sentis por tus banderas?, \u00bfQu\u00e9 representa el trapo para el grupo?<\/strong><\/span><\/p>\n<p style=\"text-align: justify;\"><strong>N\u00e9stor:<\/strong> el sentimiento por los trapos fue variando a medida que pas\u00f3 el tiempo y nuestra forma de ver las cosas. El trapo es un orgullo y una responsabilidad, eso hay que tenerlo claro. Esto se mama de la gente que tiene muchos a\u00f1os de tribuna. Hacer un trapo de Pe\u00f1arol no es cualquier cosa, conlleva una responsabilidad que no todos tienen. Hay que saber que cuando nos hacemos cargo de un trapo lo tenemos que defender con la vida. Luego cada trapo tiene su historia y sus recuerdos especiales que solo puede entender un trapero, como bien lo explic\u00f3 en <a title=\"Banderas: Los Pibes de los Trapos\" href=\"https:\/\/www.padreydecano.com\/cms\/entrevistas\/banderas-los-pibes-de-los-trapos\/\" target=\"_blank\">otra nota El Chapa<\/a>, o<a title=\"Banderas: Un Sentimiento Inexplicable\" href=\"https:\/\/www.padreydecano.com\/cms\/entrevistas\/banderas-un-sentimiento-inexplicable\/\" target=\"_blank\"> los muchachos de \u201cUn Sentimiento Inexplicable\u201d<\/a>, para los gurises que empiezan arr\u00edmense a esa gente, a los referentes y escuchen y as\u00ed valorar\u00e1n lo que realmente implica tener un trapo de Pe\u00f1arol.<\/p>\n<p style=\"text-align: justify;\"><strong><a href=\"https:\/\/www.padreydecano.com\/cms\/wp-content\/uploads\/2012\/01\/Verticales-banderas-Enfermos.jpg\" rel=\"shadowbox[sbpost-12352];player=img;\"><img loading=\"lazy\" decoding=\"async\" class=\"alignleft size-medium wp-image-58618\" src=\"https:\/\/www.padreydecano.com\/cms\/wp-content\/uploads\/2012\/01\/Verticales-banderas-Enfermos-300x200.jpg\" alt=\"Verticales-banderas-Enfermos\" width=\"300\" height=\"200\" srcset=\"https:\/\/www.padreydecano.com\/cms\/wp-content\/uploads\/2012\/01\/Verticales-banderas-Enfermos-300x200.jpg 300w, https:\/\/www.padreydecano.com\/cms\/wp-content\/uploads\/2012\/01\/Verticales-banderas-Enfermos-768x512.jpg 768w, https:\/\/www.padreydecano.com\/cms\/wp-content\/uploads\/2012\/01\/Verticales-banderas-Enfermos.jpg 900w\" sizes=\"(max-width: 300px) 100vw, 300px\" \/><\/a>Mat\u00edas:<\/strong> Creo que hay tres que tienen una magia diferente para los Enfermos, el de las caras, te da orgullo colgarlo fin de semana tras fin de semana en el primer anillo de la Ol\u00edmpica, una bandera diferente al resto con los \u00eddolos del club, de generaci\u00f3n en generaci\u00f3n. El trapo de \u00abLos Enfermos\u00bb, como confirmaci\u00f3n de este grupo de amigos con la misma enfermedad, y el de Angel\u00a0 \u00abEl Loco Vinagre\u00bb, al cual le tenemos un gran afecto y viaj\u00f3 en esta copa y fue a todos lados\u00a0 llevado de la mano de los amigos.<\/p>\n<p style=\"text-align: justify;\"><span style=\"color: #ffcc02;\"><strong>\u00bfQu\u00e9 pens\u00e1s del alambrado carbonero en general?<\/strong><\/span><\/p>\n<p style=\"text-align: justify;\"><strong>N\u00e9stor:<\/strong> sin dudas debe ser el equipo que m\u00e1s trapos cuelga en el mundo. En general se ha ido ganando en organizaci\u00f3n y en el respeto de los lugares. Me parece que de futuro la movida deber\u00eda ser \u201cemprolijar\u201d trapos que fueron hechos con mucho sentimiento pero que se deben mejorar para as\u00ed mejorar la imagen general de la tribuna.<\/p>\n<p style=\"text-align: justify;\"><strong>Mat\u00edas<\/strong>: Del alambrado creo que no hay nada que decir, s\u00f3lo se puede sacar fotos o aplaudir. La hinchada en general con su gente, sus movidas, de visitante como tambi\u00e9n de local, marca que es diferente. Y contento de la uni\u00f3n que provoc\u00f3 todo esto como tambi\u00e9n as\u00ed de <a title=\"La Bandera m\u00e1s Grande del Mundo\" href=\"https:\/\/www.padreydecano.com\/cms\/la-bandera-mas-grande-del-mundo\/\" target=\"_blank\">la bandera gigante<\/a>.<\/p>\n<p style=\"text-align: justify;\"><strong style=\"color: #ffcc02;\">\u00bfQu\u00e9 otras banderas te gustan o los representan?<\/strong><\/p>\n<p style=\"text-align: justify;\"><strong>N\u00e9stor:<\/strong> me parece que una de las m\u00e1s representativas es la conocida como \u201clas caras\u201d, resume la historia del club, los \u00eddolos, las glorias, este a\u00f1o la mejoramos mucho agregando copas, los nombres de los jugadores, mejorando algunos rostros y agregando nuevos \u00eddolos.<\/p>\n<p style=\"text-align: justify;\"><strong style=\"color: #ffcc02;\">\u00bfQui\u00e9n era el Loco Vinagre?<\/strong><\/p>\n<p style=\"text-align: justify;\"><strong><a href=\"https:\/\/www.padreydecano.com\/cms\/wp-content\/uploads\/2012\/01\/El-loco-vinagre.jpg\" rel=\"shadowbox[sbpost-12352];player=img;\"><img loading=\"lazy\" decoding=\"async\" class=\"alignleft size-medium wp-image-58614\" src=\"https:\/\/www.padreydecano.com\/cms\/wp-content\/uploads\/2012\/01\/El-loco-vinagre-300x200.jpg\" alt=\"El-loco-vinagre\" width=\"300\" height=\"200\" srcset=\"https:\/\/www.padreydecano.com\/cms\/wp-content\/uploads\/2012\/01\/El-loco-vinagre-300x200.jpg 300w, https:\/\/www.padreydecano.com\/cms\/wp-content\/uploads\/2012\/01\/El-loco-vinagre-768x512.jpg 768w, https:\/\/www.padreydecano.com\/cms\/wp-content\/uploads\/2012\/01\/El-loco-vinagre.jpg 900w\" sizes=\"(max-width: 300px) 100vw, 300px\" \/><\/a>Mat\u00edas:<\/strong> Decir \u00ab\u00c1ngel Loco Vinagre\u00bb, para Los Enfermos es palabras mayores, es decir Pe\u00f1arol. Les cuento que a ninguno se le hace f\u00e1cil hablar de este \u00abpersonaje\u00bb, personaje que detr\u00e1s hay una gran persona, que vivi\u00f3 y respiro oro y carb\u00f3n como cada uno de nosotros. Para m\u00ed es como el abuelo de Los Enfermos, abuelo de cancha. Hablar me hace erizar la piel.<\/p>\n<p style=\"text-align: justify;\">Todos sabemos que tarde o temprano nos va a tocar, y el est\u00e1 alentando desde el cielo, con la camiseta de Los Enfermos y su gorro del decano. Y orgulloso de que su trapo siga en la tribuna y viajando llevado por sus amigos.<\/p>\n<p style=\"text-align: justify;\"><strong>N\u00e9stor:<\/strong> Un hombre de casi 70 a\u00f1os que vivi\u00f3 y respir\u00f3 Pe\u00f1arol, una muy buena persona, querido. Gracias a Carlos que se encarga, su bandera sigue all\u00ed y ah\u00ed seguir\u00e1 porque es la manera nuestra de hacerle un homenaje, llevarlo con nosotros a todos lados, lograr que la memoria no se extinga. Esta Libertadores m\u00e1s de una vez mir\u00e9 su lugar y lo volv\u00ed a ver con su remera de Los Enfermos y se me cayeron las l\u00e1grimas y me acord\u00e9 de mi abuelo y es as\u00ed, porque Pe\u00f1arol hoy somos nosotros pero antes fueron muchos como el viejo \u00c1ngel y ma\u00f1ana ser\u00e1n otros. Hoy nos toca encarnar esta pasi\u00f3n eterna, esa es nuestra responsabilidad nada menos.<\/p>\n<p style=\"text-align: justify;\">Tantas veces esta Libertadores miramos para arriba pensando que \u201cel viejo\u201d estaba ayudando y empujando, como explicaron Los Pibes de los Trapos, junto con el Tachuela, junto a otros tantos que alientan al Carbonero desde el cielo.<\/p>\n<p style=\"text-align: justify;\"><strong style=\"color: #ffcc02;\">\u00bfC\u00f3mo vivieron como grupo esta Copa Libertadores 2011?<\/strong><\/p>\n<p style=\"text-align: justify;\"><strong><a href=\"https:\/\/www.padreydecano.com\/cms\/wp-content\/uploads\/2012\/01\/Enfermos-Libertadores.jpg\" rel=\"shadowbox[sbpost-12352];player=img;\"><img loading=\"lazy\" decoding=\"async\" class=\"alignleft size-medium wp-image-58617\" src=\"https:\/\/www.padreydecano.com\/cms\/wp-content\/uploads\/2012\/01\/Enfermos-Libertadores-300x200.jpg\" alt=\"Enfermos-Libertadores\" width=\"300\" height=\"200\" srcset=\"https:\/\/www.padreydecano.com\/cms\/wp-content\/uploads\/2012\/01\/Enfermos-Libertadores-300x200.jpg 300w, https:\/\/www.padreydecano.com\/cms\/wp-content\/uploads\/2012\/01\/Enfermos-Libertadores-768x512.jpg 768w, https:\/\/www.padreydecano.com\/cms\/wp-content\/uploads\/2012\/01\/Enfermos-Libertadores.jpg 900w\" sizes=\"(max-width: 300px) 100vw, 300px\" \/><\/a>N\u00e9stor:<\/strong> El orgullo m\u00e1s grande fue que siempre hubo varios o al menos alguno de nuestro grupo en todos los partidos de local y visitante. Nuestro orgullo fue que uno de nosotros baj\u00f3 en Mendoza y le gritaron \u201caguante Los Enfermos, aguante la Ol\u00edmpica\u201d. Ese es nuestro mayor orgullo y colaborar en la organizaci\u00f3n de la tribuna para una serie de festejos inolvidables.<\/p>\n<p style=\"text-align: justify;\"><strong style=\"color: #ffcc02;\">An\u00e9cdotas que m\u00e1s recuerdes con la bandera.<\/strong><\/p>\n<p style=\"text-align: justify;\"><strong>N\u00e9stor:<\/strong> en el a\u00f1o 1995 o por ah\u00ed jugamos con Cerro en el Estadio Centenario, a la salida nos mandan a los que \u00edbamos al talud para afuera dejando a la gente de la tribuna Amsterdam encerrada arriba, nos desalojan de prepo y yo tengo que correr con la bandera en las manos porque te cagaban a palos. Salimos y afuera estaban los villeros en los \u201c306\u201d. Paso con la bandera enrollada en un brazo y con un amigo, miro para atr\u00e1s y veo varias camisetas que se ven\u00edan en nuestra direcci\u00f3n,\u00a0 en eso cae el auto con mi viejo, hermano, y otro amigo y se encar\u00f3 yendo los villeros para atr\u00e1s.<\/p>\n<p style=\"text-align: justify;\"><span style=\"color: #ffcc02;\"><strong>Has tenido la suerte de seguir a Pe\u00f1arol, \u00bfqu\u00e9 grandes cambios has\u00a0visto desde los comienzos de ir a la tribuna con amigos hasta el d\u00eda\u00a0de hoy?<\/strong><\/span><\/p>\n<p style=\"text-align: justify;\"><strong>N\u00e9stor:<\/strong> me parece que la tribuna de Pe\u00f1arol est\u00e1 en camino de ser m\u00e1s organizada, sabemos que somos m\u00e1s, sabemos que tenemos huevo, hay mucho ingenio tribunero, el mejor ejemplo fue la creaci\u00f3n de la gallina inflable, las gallinas la tienen alojada en el recto y de ah\u00ed no la sacan ni con operaci\u00f3n. A todo eso se le est\u00e1 sumando una mejor organizaci\u00f3n y eso llevar\u00e1 a conseguir nuevos logros como fueron <a href=\"https:\/\/www.padreydecano.com\/cms\/la-bandera-mas-grande-del-mundo\/\" target=\"_blank\">la bandera m\u00e1s grande del mundo<\/a>, los recibimientos hist\u00f3ricos de Libertadores, etc. Hoy los grupos que trabajaban separados se conocen y organizan movidas en las distintas tribunas porque Pe\u00f1arol es uno solo y as\u00ed se organiza y se trabaja. De hecho a m\u00ed me toc\u00f3 bajar a recibir el \u201cPremio a la hinchada\u201d como representante de la tribuna Ol\u00edmpica. Eso era impensado tiempo atr\u00e1s. Hoy es una realidad y grupos como Los Pibes de los Trapos, <a title=\"Los Pibes del Palacio\" href=\"https:\/\/www.padreydecano.com\/cms\/los-pibes-del-palacio\/\" target=\"_blank\">Los Pibes del Palacio<\/a> y much\u00edsimos otros grupos han hecho que esto sea realidad y de esta forma ser cada vez m\u00e1s fuertes.<\/p>\n<p style=\"text-align: justify;\">Pe\u00f1arol unido es imparable, lo saben las gallinas, lo saben los dem\u00e1s y nosotros nos empezamos a dar cuenta hace un tiempo por suerte.<\/p>\n\n\t\t<style type=\"text\/css\">\n\t\t\t#gallery-1 {\n\t\t\t\tmargin: auto;\n\t\t\t}\n\t\t\t#gallery-1 .gallery-item {\n\t\t\t\tfloat: left;\n\t\t\t\tmargin-top: 10px;\n\t\t\t\ttext-align: center;\n\t\t\t\twidth: 33%;\n\t\t\t}\n\t\t\t#gallery-1 img {\n\t\t\t\tborder: 2px solid #cfcfcf;\n\t\t\t}\n\t\t\t#gallery-1 .gallery-caption {\n\t\t\t\tmargin-left: 0;\n\t\t\t}\n\t\t\t\/* see gallery_shortcode() in wp-includes\/media.php *\/\n\t\t<\/style>\n\t\t<div id='gallery-1' class='gallery galleryid-12352 gallery-columns-3 gallery-size-thumbnail'><dl class='gallery-item'>\n\t\t\t<dt class='gallery-icon landscape'>\n\t\t\t\t<a href='https:\/\/www.padreydecano.com\/cms\/wp-content\/uploads\/2012\/01\/Los-Enfermos-de-la-Ol\u00edmpica.jpg' rel='shadowbox[sbalbum-12352];player=img;'><img loading=\"lazy\" decoding=\"async\" width=\"150\" height=\"150\" src=\"https:\/\/www.padreydecano.com\/cms\/wp-content\/uploads\/2012\/01\/Los-Enfermos-de-la-Ol\u00edmpica-150x150.jpg\" class=\"attachment-thumbnail size-thumbnail\" alt=\"\" srcset=\"https:\/\/www.padreydecano.com\/cms\/wp-content\/uploads\/2012\/01\/Los-Enfermos-de-la-Ol\u00edmpica-150x150.jpg 150w, https:\/\/www.padreydecano.com\/cms\/wp-content\/uploads\/2012\/01\/Los-Enfermos-de-la-Ol\u00edmpica-36x36.jpg 36w\" sizes=\"(max-width: 150px) 100vw, 150px\" \/><\/a>\n\t\t\t<\/dt><\/dl><dl class='gallery-item'>\n\t\t\t<dt class='gallery-icon landscape'>\n\t\t\t\t<a href='https:\/\/www.padreydecano.com\/cms\/wp-content\/uploads\/2012\/01\/Banderas-Ol\u00edmpica.jpg' rel='shadowbox[sbalbum-12352];player=img;'><img loading=\"lazy\" decoding=\"async\" width=\"150\" height=\"150\" src=\"https:\/\/www.padreydecano.com\/cms\/wp-content\/uploads\/2012\/01\/Banderas-Ol\u00edmpica-150x150.jpg\" class=\"attachment-thumbnail size-thumbnail\" alt=\"\" srcset=\"https:\/\/www.padreydecano.com\/cms\/wp-content\/uploads\/2012\/01\/Banderas-Ol\u00edmpica-150x150.jpg 150w, https:\/\/www.padreydecano.com\/cms\/wp-content\/uploads\/2012\/01\/Banderas-Ol\u00edmpica-36x36.jpg 36w\" sizes=\"(max-width: 150px) 100vw, 150px\" \/><\/a>\n\t\t\t<\/dt><\/dl><dl class='gallery-item'>\n\t\t\t<dt class='gallery-icon landscape'>\n\t\t\t\t<a href='https:\/\/www.padreydecano.com\/cms\/wp-content\/uploads\/2012\/01\/Banderas-Los-Enfermos.jpg' rel='shadowbox[sbalbum-12352];player=img;'><img loading=\"lazy\" decoding=\"async\" width=\"150\" height=\"150\" src=\"https:\/\/www.padreydecano.com\/cms\/wp-content\/uploads\/2012\/01\/Banderas-Los-Enfermos-150x150.jpg\" class=\"attachment-thumbnail size-thumbnail\" alt=\"\" srcset=\"https:\/\/www.padreydecano.com\/cms\/wp-content\/uploads\/2012\/01\/Banderas-Los-Enfermos-150x150.jpg 150w, https:\/\/www.padreydecano.com\/cms\/wp-content\/uploads\/2012\/01\/Banderas-Los-Enfermos-36x36.jpg 36w\" sizes=\"(max-width: 150px) 100vw, 150px\" \/><\/a>\n\t\t\t<\/dt><\/dl><br style=\"clear: both\" \/><dl class='gallery-item'>\n\t\t\t<dt class='gallery-icon landscape'>\n\t\t\t\t<a href='https:\/\/www.padreydecano.com\/cms\/wp-content\/uploads\/2012\/01\/Verticales-banderas-Enfermos.jpg' rel='shadowbox[sbalbum-12352];player=img;'><img loading=\"lazy\" decoding=\"async\" width=\"150\" height=\"150\" src=\"https:\/\/www.padreydecano.com\/cms\/wp-content\/uploads\/2012\/01\/Verticales-banderas-Enfermos-150x150.jpg\" class=\"attachment-thumbnail size-thumbnail\" alt=\"\" srcset=\"https:\/\/www.padreydecano.com\/cms\/wp-content\/uploads\/2012\/01\/Verticales-banderas-Enfermos-150x150.jpg 150w, https:\/\/www.padreydecano.com\/cms\/wp-content\/uploads\/2012\/01\/Verticales-banderas-Enfermos-36x36.jpg 36w\" sizes=\"(max-width: 150px) 100vw, 150px\" \/><\/a>\n\t\t\t<\/dt><\/dl><dl class='gallery-item'>\n\t\t\t<dt class='gallery-icon portrait'>\n\t\t\t\t<a href='https:\/\/www.padreydecano.com\/cms\/wp-content\/uploads\/2012\/01\/Vertical-Enfermos.jpg' rel='shadowbox[sbalbum-12352];player=img;'><img loading=\"lazy\" decoding=\"async\" width=\"150\" height=\"150\" src=\"https:\/\/www.padreydecano.com\/cms\/wp-content\/uploads\/2012\/01\/Vertical-Enfermos-150x150.jpg\" class=\"attachment-thumbnail size-thumbnail\" alt=\"\" srcset=\"https:\/\/www.padreydecano.com\/cms\/wp-content\/uploads\/2012\/01\/Vertical-Enfermos-150x150.jpg 150w, https:\/\/www.padreydecano.com\/cms\/wp-content\/uploads\/2012\/01\/Vertical-Enfermos-36x36.jpg 36w\" sizes=\"(max-width: 150px) 100vw, 150px\" \/><\/a>\n\t\t\t<\/dt><\/dl><dl class='gallery-item'>\n\t\t\t<dt class='gallery-icon landscape'>\n\t\t\t\t<a href='https:\/\/www.padreydecano.com\/cms\/wp-content\/uploads\/2012\/01\/Bandera-caras-Ol\u00edmpica.jpg' rel='shadowbox[sbalbum-12352];player=img;'><img loading=\"lazy\" decoding=\"async\" width=\"150\" height=\"150\" src=\"https:\/\/www.padreydecano.com\/cms\/wp-content\/uploads\/2012\/01\/Bandera-caras-Ol\u00edmpica-150x150.jpg\" class=\"attachment-thumbnail size-thumbnail\" alt=\"\" srcset=\"https:\/\/www.padreydecano.com\/cms\/wp-content\/uploads\/2012\/01\/Bandera-caras-Ol\u00edmpica-150x150.jpg 150w, https:\/\/www.padreydecano.com\/cms\/wp-content\/uploads\/2012\/01\/Bandera-caras-Ol\u00edmpica-36x36.jpg 36w\" sizes=\"(max-width: 150px) 100vw, 150px\" \/><\/a>\n\t\t\t<\/dt><\/dl><br style=\"clear: both\" \/><dl class='gallery-item'>\n\t\t\t<dt class='gallery-icon landscape'>\n\t\t\t\t<a href='https:\/\/www.padreydecano.com\/cms\/wp-content\/uploads\/2012\/01\/Manya-a-muerte-Ol\u00edmpica.jpg' rel='shadowbox[sbalbum-12352];player=img;'><img loading=\"lazy\" decoding=\"async\" width=\"150\" height=\"150\" src=\"https:\/\/www.padreydecano.com\/cms\/wp-content\/uploads\/2012\/01\/Manya-a-muerte-Ol\u00edmpica-150x150.jpg\" class=\"attachment-thumbnail size-thumbnail\" alt=\"\" srcset=\"https:\/\/www.padreydecano.com\/cms\/wp-content\/uploads\/2012\/01\/Manya-a-muerte-Ol\u00edmpica-150x150.jpg 150w, https:\/\/www.padreydecano.com\/cms\/wp-content\/uploads\/2012\/01\/Manya-a-muerte-Ol\u00edmpica-36x36.jpg 36w\" sizes=\"(max-width: 150px) 100vw, 150px\" \/><\/a>\n\t\t\t<\/dt><\/dl><dl class='gallery-item'>\n\t\t\t<dt class='gallery-icon landscape'>\n\t\t\t\t<a href='https:\/\/www.padreydecano.com\/cms\/wp-content\/uploads\/2012\/01\/Pe\u00f1arol-CDS-XX-1.jpg' rel='shadowbox[sbalbum-12352];player=img;'><img loading=\"lazy\" decoding=\"async\" width=\"150\" height=\"150\" src=\"https:\/\/www.padreydecano.com\/cms\/wp-content\/uploads\/2012\/01\/Pe\u00f1arol-CDS-XX-1-150x150.jpg\" class=\"attachment-thumbnail size-thumbnail\" alt=\"\" srcset=\"https:\/\/www.padreydecano.com\/cms\/wp-content\/uploads\/2012\/01\/Pe\u00f1arol-CDS-XX-1-150x150.jpg 150w, https:\/\/www.padreydecano.com\/cms\/wp-content\/uploads\/2012\/01\/Pe\u00f1arol-CDS-XX-1-36x36.jpg 36w\" sizes=\"(max-width: 150px) 100vw, 150px\" \/><\/a>\n\t\t\t<\/dt><\/dl><dl class='gallery-item'>\n\t\t\t<dt class='gallery-icon landscape'>\n\t\t\t\t<a href='https:\/\/www.padreydecano.com\/cms\/wp-content\/uploads\/2012\/01\/El-loco-vinagre.jpg' rel='shadowbox[sbalbum-12352];player=img;'><img loading=\"lazy\" decoding=\"async\" width=\"150\" height=\"150\" src=\"https:\/\/www.padreydecano.com\/cms\/wp-content\/uploads\/2012\/01\/El-loco-vinagre-150x150.jpg\" class=\"attachment-thumbnail size-thumbnail\" alt=\"\" srcset=\"https:\/\/www.padreydecano.com\/cms\/wp-content\/uploads\/2012\/01\/El-loco-vinagre-150x150.jpg 150w, https:\/\/www.padreydecano.com\/cms\/wp-content\/uploads\/2012\/01\/El-loco-vinagre-36x36.jpg 36w\" sizes=\"(max-width: 150px) 100vw, 150px\" \/><\/a>\n\t\t\t<\/dt><\/dl><br style=\"clear: both\" \/><dl class='gallery-item'>\n\t\t\t<dt class='gallery-icon landscape'>\n\t\t\t\t<a href='https:\/\/www.padreydecano.com\/cms\/wp-content\/uploads\/2012\/01\/Coetc-Manya-2.jpg' rel='shadowbox[sbalbum-12352];player=img;'><img loading=\"lazy\" decoding=\"async\" width=\"150\" height=\"150\" src=\"https:\/\/www.padreydecano.com\/cms\/wp-content\/uploads\/2012\/01\/Coetc-Manya-2-150x150.jpg\" class=\"attachment-thumbnail size-thumbnail\" alt=\"\" srcset=\"https:\/\/www.padreydecano.com\/cms\/wp-content\/uploads\/2012\/01\/Coetc-Manya-2-150x150.jpg 150w, https:\/\/www.padreydecano.com\/cms\/wp-content\/uploads\/2012\/01\/Coetc-Manya-2-36x36.jpg 36w\" sizes=\"(max-width: 150px) 100vw, 150px\" \/><\/a>\n\t\t\t<\/dt><\/dl><dl class='gallery-item'>\n\t\t\t<dt class='gallery-icon landscape'>\n\t\t\t\t<a href='https:\/\/www.padreydecano.com\/cms\/wp-content\/uploads\/2012\/01\/Inevitablemente-Manya-1.jpg' rel='shadowbox[sbalbum-12352];player=img;'><img loading=\"lazy\" decoding=\"async\" width=\"150\" height=\"150\" src=\"https:\/\/www.padreydecano.com\/cms\/wp-content\/uploads\/2012\/01\/Inevitablemente-Manya-1-150x150.jpg\" class=\"attachment-thumbnail size-thumbnail\" alt=\"\" srcset=\"https:\/\/www.padreydecano.com\/cms\/wp-content\/uploads\/2012\/01\/Inevitablemente-Manya-1-150x150.jpg 150w, https:\/\/www.padreydecano.com\/cms\/wp-content\/uploads\/2012\/01\/Inevitablemente-Manya-1-36x36.jpg 36w\" sizes=\"(max-width: 150px) 100vw, 150px\" \/><\/a>\n\t\t\t<\/dt><\/dl><dl class='gallery-item'>\n\t\t\t<dt class='gallery-icon landscape'>\n\t\t\t\t<a href='https:\/\/www.padreydecano.com\/cms\/wp-content\/uploads\/2012\/01\/Banderas-Enfermos-Jardines.jpg' rel='shadowbox[sbalbum-12352];player=img;'><img loading=\"lazy\" decoding=\"async\" width=\"150\" height=\"150\" src=\"https:\/\/www.padreydecano.com\/cms\/wp-content\/uploads\/2012\/01\/Banderas-Enfermos-Jardines-150x150.jpg\" class=\"attachment-thumbnail size-thumbnail\" alt=\"\" srcset=\"https:\/\/www.padreydecano.com\/cms\/wp-content\/uploads\/2012\/01\/Banderas-Enfermos-Jardines-150x150.jpg 150w, https:\/\/www.padreydecano.com\/cms\/wp-content\/uploads\/2012\/01\/Banderas-Enfermos-Jardines-36x36.jpg 36w\" sizes=\"(max-width: 150px) 100vw, 150px\" \/><\/a>\n\t\t\t<\/dt><\/dl><br style=\"clear: both\" \/><dl class='gallery-item'>\n\t\t\t<dt class='gallery-icon landscape'>\n\t\t\t\t<a href='https:\/\/www.padreydecano.com\/cms\/wp-content\/uploads\/2012\/01\/Grupo-Enfermos-Ol\u00edmpica.jpg' rel='shadowbox[sbalbum-12352];player=img;'><img loading=\"lazy\" decoding=\"async\" width=\"150\" height=\"150\" src=\"https:\/\/www.padreydecano.com\/cms\/wp-content\/uploads\/2012\/01\/Grupo-Enfermos-Ol\u00edmpica-150x150.jpg\" class=\"attachment-thumbnail size-thumbnail\" alt=\"\" srcset=\"https:\/\/www.padreydecano.com\/cms\/wp-content\/uploads\/2012\/01\/Grupo-Enfermos-Ol\u00edmpica-150x150.jpg 150w, https:\/\/www.padreydecano.com\/cms\/wp-content\/uploads\/2012\/01\/Grupo-Enfermos-Ol\u00edmpica-36x36.jpg 36w\" sizes=\"(max-width: 150px) 100vw, 150px\" \/><\/a>\n\t\t\t<\/dt><\/dl><dl class='gallery-item'>\n\t\t\t<dt class='gallery-icon landscape'>\n\t\t\t\t<a href='https:\/\/www.padreydecano.com\/cms\/wp-content\/uploads\/2012\/01\/Enfermos-Libertadores.jpg' rel='shadowbox[sbalbum-12352];player=img;'><img loading=\"lazy\" decoding=\"async\" width=\"150\" height=\"150\" src=\"https:\/\/www.padreydecano.com\/cms\/wp-content\/uploads\/2012\/01\/Enfermos-Libertadores-150x150.jpg\" class=\"attachment-thumbnail size-thumbnail\" alt=\"\" srcset=\"https:\/\/www.padreydecano.com\/cms\/wp-content\/uploads\/2012\/01\/Enfermos-Libertadores-150x150.jpg 150w, https:\/\/www.padreydecano.com\/cms\/wp-content\/uploads\/2012\/01\/Enfermos-Libertadores-36x36.jpg 36w\" sizes=\"(max-width: 150px) 100vw, 150px\" \/><\/a>\n\t\t\t<\/dt><\/dl><dl class='gallery-item'>\n\t\t\t<dt class='gallery-icon landscape'>\n\t\t\t\t<a href='https:\/\/www.padreydecano.com\/cms\/wp-content\/uploads\/2012\/01\/Fuerza-Tony-Enfermos.jpg' rel='shadowbox[sbalbum-12352];player=img;'><img loading=\"lazy\" decoding=\"async\" width=\"150\" height=\"150\" src=\"https:\/\/www.padreydecano.com\/cms\/wp-content\/uploads\/2012\/01\/Fuerza-Tony-Enfermos-150x150.jpg\" class=\"attachment-thumbnail size-thumbnail\" alt=\"\" srcset=\"https:\/\/www.padreydecano.com\/cms\/wp-content\/uploads\/2012\/01\/Fuerza-Tony-Enfermos-150x150.jpg 150w, https:\/\/www.padreydecano.com\/cms\/wp-content\/uploads\/2012\/01\/Fuerza-Tony-Enfermos-36x36.jpg 36w\" sizes=\"(max-width: 150px) 100vw, 150px\" \/><\/a>\n\t\t\t<\/dt><\/dl><br style=\"clear: both\" \/><dl class='gallery-item'>\n\t\t\t<dt class='gallery-icon landscape'>\n\t\t\t\t<a href='https:\/\/www.padreydecano.com\/cms\/wp-content\/uploads\/2012\/01\/Enfermos-Chile.jpg' rel='shadowbox[sbalbum-12352];player=img;'><img loading=\"lazy\" decoding=\"async\" width=\"150\" height=\"150\" src=\"https:\/\/www.padreydecano.com\/cms\/wp-content\/uploads\/2012\/01\/Enfermos-Chile-150x150.jpg\" class=\"attachment-thumbnail size-thumbnail\" alt=\"\" srcset=\"https:\/\/www.padreydecano.com\/cms\/wp-content\/uploads\/2012\/01\/Enfermos-Chile-150x150.jpg 150w, https:\/\/www.padreydecano.com\/cms\/wp-content\/uploads\/2012\/01\/Enfermos-Chile-36x36.jpg 36w\" sizes=\"(max-width: 150px) 100vw, 150px\" \/><\/a>\n\t\t\t<\/dt><\/dl><dl class='gallery-item'>\n\t\t\t<dt class='gallery-icon landscape'>\n\t\t\t\t<a href='https:\/\/www.padreydecano.com\/cms\/wp-content\/uploads\/2012\/01\/Los-Enfermos-de-la-Olimpica14.jpg' rel='shadowbox[sbalbum-12352];player=img;'><img loading=\"lazy\" decoding=\"async\" width=\"150\" height=\"150\" src=\"https:\/\/www.padreydecano.com\/cms\/wp-content\/uploads\/2012\/01\/Los-Enfermos-de-la-Olimpica14-150x150.jpg\" class=\"attachment-thumbnail size-thumbnail\" alt=\"\" srcset=\"https:\/\/www.padreydecano.com\/cms\/wp-content\/uploads\/2012\/01\/Los-Enfermos-de-la-Olimpica14-150x150.jpg 150w, https:\/\/www.padreydecano.com\/cms\/wp-content\/uploads\/2012\/01\/Los-Enfermos-de-la-Olimpica14-36x36.jpg 36w, https:\/\/www.padreydecano.com\/cms\/wp-content\/uploads\/2012\/01\/Los-Enfermos-de-la-Olimpica14-115x115.jpg 115w\" sizes=\"(max-width: 150px) 100vw, 150px\" \/><\/a>\n\t\t\t<\/dt><\/dl><dl class='gallery-item'>\n\t\t\t<dt class='gallery-icon landscape'>\n\t\t\t\t<a href='https:\/\/www.padreydecano.com\/cms\/wp-content\/uploads\/2012\/01\/Los-Enfermos-de-la-Olimpica17.jpg' rel='shadowbox[sbalbum-12352];player=img;'><img loading=\"lazy\" decoding=\"async\" width=\"150\" height=\"150\" src=\"https:\/\/www.padreydecano.com\/cms\/wp-content\/uploads\/2012\/01\/Los-Enfermos-de-la-Olimpica17-150x150.jpg\" class=\"attachment-thumbnail size-thumbnail\" alt=\"\" srcset=\"https:\/\/www.padreydecano.com\/cms\/wp-content\/uploads\/2012\/01\/Los-Enfermos-de-la-Olimpica17-150x150.jpg 150w, https:\/\/www.padreydecano.com\/cms\/wp-content\/uploads\/2012\/01\/Los-Enfermos-de-la-Olimpica17-36x36.jpg 36w, https:\/\/www.padreydecano.com\/cms\/wp-content\/uploads\/2012\/01\/Los-Enfermos-de-la-Olimpica17-115x115.jpg 115w\" sizes=\"(max-width: 150px) 100vw, 150px\" \/><\/a>\n\t\t\t<\/dt><\/dl><br style=\"clear: both\" \/>\n\t\t<\/div>\n\n","protected":false},"excerpt":{"rendered":"<p>\u00bfEn qu\u00e9 a\u00f1o arrancaste a ir a la cancha?, \u00bfqui\u00e9n te llevaba? N\u00e9stor: Empec\u00e9 como la mayor\u00eda, a ir de la mano de mi padre y de mi abuelo desde chiquitito, hablamos del 82 y capaz antes pero no recuerdo. Con mi abuelo fui a muchas canchas chicas en una \u00e9poca que Pe\u00f1arol sal\u00eda m\u00e1s [&hellip;]<\/p>\n","protected":false},"author":2,"featured_media":58628,"comment_status":"open","ping_status":"closed","sticky":false,"template":"","format":"standard","meta":{"footnotes":""},"categories":[30],"tags":[62],"yoast_head":"<!-- This site is optimized with the Yoast SEO plugin v23.2 - https:\/\/yoast.com\/wordpress\/plugins\/seo\/ -->\n<title>Banderas: Manya a Muerte y Los Enfermos - Padre y Decano - El Sitio del Pueblo<\/title>\n<meta name=\"robots\" content=\"index, follow, max-snippet:-1, max-image-preview:large, max-video-preview:-1\" \/>\n<link rel=\"canonical\" href=\"https:\/\/www.padreydecano.com\/cms\/entrevistas\/banderas-manya-a-muerte-y-los-enfermos\/\" \/>\n<meta property=\"og:locale\" content=\"es_ES\" \/>\n<meta property=\"og:type\" content=\"article\" \/>\n<meta property=\"og:title\" content=\"Banderas: Manya a Muerte y Los Enfermos - Padre y Decano - El Sitio del Pueblo\" \/>\n<meta property=\"og:description\" content=\"\u00bfEn qu\u00e9 a\u00f1o arrancaste a ir a la cancha?, \u00bfqui\u00e9n te llevaba? N\u00e9stor: Empec\u00e9 como la mayor\u00eda, a ir de la mano de mi padre y de mi abuelo desde chiquitito, hablamos del 82 y capaz antes pero no recuerdo. Con mi abuelo fui a muchas canchas chicas en una \u00e9poca que Pe\u00f1arol sal\u00eda m\u00e1s [&hellip;]\" \/>\n<meta property=\"og:url\" content=\"https:\/\/www.padreydecano.com\/cms\/entrevistas\/banderas-manya-a-muerte-y-los-enfermos\/\" \/>\n<meta property=\"og:site_name\" content=\"Padre y Decano - El Sitio del Pueblo\" \/>\n<meta property=\"article:published_time\" content=\"2012-01-18T17:00:31+00:00\" \/>\n<meta property=\"article:modified_time\" content=\"2016-05-02T10:47:15+00:00\" \/>\n<meta property=\"og:image\" content=\"https:\/\/www.padreydecano.com\/cms\/wp-content\/uploads\/2012\/01\/Manya-a-muerte-Ol\u00edmpica.jpg\" \/>\n\t<meta property=\"og:image:width\" content=\"800\" \/>\n\t<meta property=\"og:image:height\" content=\"478\" \/>\n\t<meta property=\"og:image:type\" content=\"image\/jpeg\" \/>\n<meta name=\"author\" content=\"Gonzalo16\" \/>\n<meta name=\"twitter:card\" content=\"summary_large_image\" \/>\n<meta name=\"twitter:label1\" content=\"Escrito por\" \/>\n\t<meta name=\"twitter:data1\" content=\"Gonzalo16\" \/>\n\t<meta name=\"twitter:label2\" content=\"Tiempo de lectura\" \/>\n\t<meta name=\"twitter:data2\" content=\"11 minutos\" \/>\n<script type=\"application\/ld+json\" class=\"yoast-schema-graph\">{\"@context\":\"https:\/\/schema.org\",\"@graph\":[{\"@type\":\"Article\",\"@id\":\"https:\/\/www.padreydecano.com\/cms\/entrevistas\/banderas-manya-a-muerte-y-los-enfermos\/#article\",\"isPartOf\":{\"@id\":\"https:\/\/www.padreydecano.com\/cms\/entrevistas\/banderas-manya-a-muerte-y-los-enfermos\/\"},\"author\":{\"name\":\"Gonzalo16\",\"@id\":\"https:\/\/www.padreydecano.com\/cms\/#\/schema\/person\/7fe41e3e335700ebd387196df2f9a8d4\"},\"headline\":\"Banderas: Manya a Muerte y Los Enfermos\",\"datePublished\":\"2012-01-18T17:00:31+00:00\",\"dateModified\":\"2016-05-02T10:47:15+00:00\",\"mainEntityOfPage\":{\"@id\":\"https:\/\/www.padreydecano.com\/cms\/entrevistas\/banderas-manya-a-muerte-y-los-enfermos\/\"},\"wordCount\":2129,\"commentCount\":5,\"publisher\":{\"@id\":\"https:\/\/www.padreydecano.com\/cms\/#organization\"},\"image\":{\"@id\":\"https:\/\/www.padreydecano.com\/cms\/entrevistas\/banderas-manya-a-muerte-y-los-enfermos\/#primaryimage\"},\"thumbnailUrl\":\"https:\/\/www.padreydecano.com\/cms\/wp-content\/uploads\/2012\/01\/Manya-a-muerte-Ol\u00edmpica.jpg\",\"keywords\":[\"Banderas\"],\"articleSection\":[\"Entrevistas\"],\"inLanguage\":\"es\",\"potentialAction\":[{\"@type\":\"CommentAction\",\"name\":\"Comment\",\"target\":[\"https:\/\/www.padreydecano.com\/cms\/entrevistas\/banderas-manya-a-muerte-y-los-enfermos\/#respond\"]}]},{\"@type\":\"WebPage\",\"@id\":\"https:\/\/www.padreydecano.com\/cms\/entrevistas\/banderas-manya-a-muerte-y-los-enfermos\/\",\"url\":\"https:\/\/www.padreydecano.com\/cms\/entrevistas\/banderas-manya-a-muerte-y-los-enfermos\/\",\"name\":\"Banderas: Manya a Muerte y Los Enfermos - Padre y Decano - El Sitio del Pueblo\",\"isPartOf\":{\"@id\":\"https:\/\/www.padreydecano.com\/cms\/#website\"},\"primaryImageOfPage\":{\"@id\":\"https:\/\/www.padreydecano.com\/cms\/entrevistas\/banderas-manya-a-muerte-y-los-enfermos\/#primaryimage\"},\"image\":{\"@id\":\"https:\/\/www.padreydecano.com\/cms\/entrevistas\/banderas-manya-a-muerte-y-los-enfermos\/#primaryimage\"},\"thumbnailUrl\":\"https:\/\/www.padreydecano.com\/cms\/wp-content\/uploads\/2012\/01\/Manya-a-muerte-Ol\u00edmpica.jpg\",\"datePublished\":\"2012-01-18T17:00:31+00:00\",\"dateModified\":\"2016-05-02T10:47:15+00:00\",\"breadcrumb\":{\"@id\":\"https:\/\/www.padreydecano.com\/cms\/entrevistas\/banderas-manya-a-muerte-y-los-enfermos\/#breadcrumb\"},\"inLanguage\":\"es\",\"potentialAction\":[{\"@type\":\"ReadAction\",\"target\":[\"https:\/\/www.padreydecano.com\/cms\/entrevistas\/banderas-manya-a-muerte-y-los-enfermos\/\"]}]},{\"@type\":\"ImageObject\",\"inLanguage\":\"es\",\"@id\":\"https:\/\/www.padreydecano.com\/cms\/entrevistas\/banderas-manya-a-muerte-y-los-enfermos\/#primaryimage\",\"url\":\"https:\/\/www.padreydecano.com\/cms\/wp-content\/uploads\/2012\/01\/Manya-a-muerte-Ol\u00edmpica.jpg\",\"contentUrl\":\"https:\/\/www.padreydecano.com\/cms\/wp-content\/uploads\/2012\/01\/Manya-a-muerte-Ol\u00edmpica.jpg\",\"width\":800,\"height\":478},{\"@type\":\"BreadcrumbList\",\"@id\":\"https:\/\/www.padreydecano.com\/cms\/entrevistas\/banderas-manya-a-muerte-y-los-enfermos\/#breadcrumb\",\"itemListElement\":[{\"@type\":\"ListItem\",\"position\":1,\"name\":\"Portada\",\"item\":\"https:\/\/www.padreydecano.com\/cms\/\"},{\"@type\":\"ListItem\",\"position\":2,\"name\":\"Banderas: Manya a Muerte y Los Enfermos\"}]},{\"@type\":\"WebSite\",\"@id\":\"https:\/\/www.padreydecano.com\/cms\/#website\",\"url\":\"https:\/\/www.padreydecano.com\/cms\/\",\"name\":\"Padre y Decano - El Sitio del Pueblo\",\"description\":\"Club Atl\u00e9tico Pe\u00f1arol\",\"publisher\":{\"@id\":\"https:\/\/www.padreydecano.com\/cms\/#organization\"},\"potentialAction\":[{\"@type\":\"SearchAction\",\"target\":{\"@type\":\"EntryPoint\",\"urlTemplate\":\"https:\/\/www.padreydecano.com\/cms\/?s={search_term_string}\"},\"query-input\":\"required name=search_term_string\"}],\"inLanguage\":\"es\"},{\"@type\":\"Organization\",\"@id\":\"https:\/\/www.padreydecano.com\/cms\/#organization\",\"name\":\"Padre y Decano\",\"url\":\"https:\/\/www.padreydecano.com\/cms\/\",\"logo\":{\"@type\":\"ImageObject\",\"inLanguage\":\"es\",\"@id\":\"https:\/\/www.padreydecano.com\/cms\/#\/schema\/logo\/image\/\",\"url\":\"https:\/\/www.padreydecano.com\/cms\/wp-content\/uploads\/2022\/01\/avatar-square.png\",\"contentUrl\":\"https:\/\/www.padreydecano.com\/cms\/wp-content\/uploads\/2022\/01\/avatar-square.png\",\"width\":1500,\"height\":1500,\"caption\":\"Padre y Decano\"},\"image\":{\"@id\":\"https:\/\/www.padreydecano.com\/cms\/#\/schema\/logo\/image\/\"}},{\"@type\":\"Person\",\"@id\":\"https:\/\/www.padreydecano.com\/cms\/#\/schema\/person\/7fe41e3e335700ebd387196df2f9a8d4\",\"name\":\"Gonzalo16\",\"image\":{\"@type\":\"ImageObject\",\"inLanguage\":\"es\",\"@id\":\"https:\/\/www.padreydecano.com\/cms\/#\/schema\/person\/image\/\",\"url\":\"https:\/\/secure.gravatar.com\/avatar\/4d5cdd49803a2313c01f77e3dfc05d81?s=96&d=https%3A%2F%2Fpadreydecano.com%2Fcms%2Fwp-content%2Fthemes%2Fpyd-theme%2Fimg%2Fdefault-avatar.png&r=g\",\"contentUrl\":\"https:\/\/secure.gravatar.com\/avatar\/4d5cdd49803a2313c01f77e3dfc05d81?s=96&d=https%3A%2F%2Fpadreydecano.com%2Fcms%2Fwp-content%2Fthemes%2Fpyd-theme%2Fimg%2Fdefault-avatar.png&r=g\",\"caption\":\"Gonzalo16\"}}]}<\/script>\n<!-- \/ Yoast SEO plugin. -->","yoast_head_json":{"title":"Banderas: Manya a Muerte y Los Enfermos - Padre y Decano - El Sitio del Pueblo","robots":{"index":"index","follow":"follow","max-snippet":"max-snippet:-1","max-image-preview":"max-image-preview:large","max-video-preview":"max-video-preview:-1"},"canonical":"https:\/\/www.padreydecano.com\/cms\/entrevistas\/banderas-manya-a-muerte-y-los-enfermos\/","og_locale":"es_ES","og_type":"article","og_title":"Banderas: Manya a Muerte y Los Enfermos - Padre y Decano - El Sitio del Pueblo","og_description":"\u00bfEn qu\u00e9 a\u00f1o arrancaste a ir a la cancha?, \u00bfqui\u00e9n te llevaba? N\u00e9stor: Empec\u00e9 como la mayor\u00eda, a ir de la mano de mi padre y de mi abuelo desde chiquitito, hablamos del 82 y capaz antes pero no recuerdo. Con mi abuelo fui a muchas canchas chicas en una \u00e9poca que Pe\u00f1arol sal\u00eda m\u00e1s [&hellip;]","og_url":"https:\/\/www.padreydecano.com\/cms\/entrevistas\/banderas-manya-a-muerte-y-los-enfermos\/","og_site_name":"Padre y Decano - El Sitio del Pueblo","article_published_time":"2012-01-18T17:00:31+00:00","article_modified_time":"2016-05-02T10:47:15+00:00","og_image":[{"width":800,"height":478,"url":"https:\/\/www.padreydecano.com\/cms\/wp-content\/uploads\/2012\/01\/Manya-a-muerte-Ol\u00edmpica.jpg","type":"image\/jpeg"}],"author":"Gonzalo16","twitter_card":"summary_large_image","twitter_misc":{"Escrito por":"Gonzalo16","Tiempo de lectura":"11 minutos"},"schema":{"@context":"https:\/\/schema.org","@graph":[{"@type":"Article","@id":"https:\/\/www.padreydecano.com\/cms\/entrevistas\/banderas-manya-a-muerte-y-los-enfermos\/#article","isPartOf":{"@id":"https:\/\/www.padreydecano.com\/cms\/entrevistas\/banderas-manya-a-muerte-y-los-enfermos\/"},"author":{"name":"Gonzalo16","@id":"https:\/\/www.padreydecano.com\/cms\/#\/schema\/person\/7fe41e3e335700ebd387196df2f9a8d4"},"headline":"Banderas: Manya a Muerte y Los Enfermos","datePublished":"2012-01-18T17:00:31+00:00","dateModified":"2016-05-02T10:47:15+00:00","mainEntityOfPage":{"@id":"https:\/\/www.padreydecano.com\/cms\/entrevistas\/banderas-manya-a-muerte-y-los-enfermos\/"},"wordCount":2129,"commentCount":5,"publisher":{"@id":"https:\/\/www.padreydecano.com\/cms\/#organization"},"image":{"@id":"https:\/\/www.padreydecano.com\/cms\/entrevistas\/banderas-manya-a-muerte-y-los-enfermos\/#primaryimage"},"thumbnailUrl":"https:\/\/www.padreydecano.com\/cms\/wp-content\/uploads\/2012\/01\/Manya-a-muerte-Ol\u00edmpica.jpg","keywords":["Banderas"],"articleSection":["Entrevistas"],"inLanguage":"es","potentialAction":[{"@type":"CommentAction","name":"Comment","target":["https:\/\/www.padreydecano.com\/cms\/entrevistas\/banderas-manya-a-muerte-y-los-enfermos\/#respond"]}]},{"@type":"WebPage","@id":"https:\/\/www.padreydecano.com\/cms\/entrevistas\/banderas-manya-a-muerte-y-los-enfermos\/","url":"https:\/\/www.padreydecano.com\/cms\/entrevistas\/banderas-manya-a-muerte-y-los-enfermos\/","name":"Banderas: Manya a Muerte y Los Enfermos - Padre y Decano - El Sitio del Pueblo","isPartOf":{"@id":"https:\/\/www.padreydecano.com\/cms\/#website"},"primaryImageOfPage":{"@id":"https:\/\/www.padreydecano.com\/cms\/entrevistas\/banderas-manya-a-muerte-y-los-enfermos\/#primaryimage"},"image":{"@id":"https:\/\/www.padreydecano.com\/cms\/entrevistas\/banderas-manya-a-muerte-y-los-enfermos\/#primaryimage"},"thumbnailUrl":"https:\/\/www.padreydecano.com\/cms\/wp-content\/uploads\/2012\/01\/Manya-a-muerte-Ol\u00edmpica.jpg","datePublished":"2012-01-18T17:00:31+00:00","dateModified":"2016-05-02T10:47:15+00:00","breadcrumb":{"@id":"https:\/\/www.padreydecano.com\/cms\/entrevistas\/banderas-manya-a-muerte-y-los-enfermos\/#breadcrumb"},"inLanguage":"es","potentialAction":[{"@type":"ReadAction","target":["https:\/\/www.padreydecano.com\/cms\/entrevistas\/banderas-manya-a-muerte-y-los-enfermos\/"]}]},{"@type":"ImageObject","inLanguage":"es","@id":"https:\/\/www.padreydecano.com\/cms\/entrevistas\/banderas-manya-a-muerte-y-los-enfermos\/#primaryimage","url":"https:\/\/www.padreydecano.com\/cms\/wp-content\/uploads\/2012\/01\/Manya-a-muerte-Ol\u00edmpica.jpg","contentUrl":"https:\/\/www.padreydecano.com\/cms\/wp-content\/uploads\/2012\/01\/Manya-a-muerte-Ol\u00edmpica.jpg","width":800,"height":478},{"@type":"BreadcrumbList","@id":"https:\/\/www.padreydecano.com\/cms\/entrevistas\/banderas-manya-a-muerte-y-los-enfermos\/#breadcrumb","itemListElement":[{"@type":"ListItem","position":1,"name":"Portada","item":"https:\/\/www.padreydecano.com\/cms\/"},{"@type":"ListItem","position":2,"name":"Banderas: Manya a Muerte y Los Enfermos"}]},{"@type":"WebSite","@id":"https:\/\/www.padreydecano.com\/cms\/#website","url":"https:\/\/www.padreydecano.com\/cms\/","name":"Padre y Decano - El Sitio del Pueblo","description":"Club Atl\u00e9tico Pe\u00f1arol","publisher":{"@id":"https:\/\/www.padreydecano.com\/cms\/#organization"},"potentialAction":[{"@type":"SearchAction","target":{"@type":"EntryPoint","urlTemplate":"https:\/\/www.padreydecano.com\/cms\/?s={search_term_string}"},"query-input":"required name=search_term_string"}],"inLanguage":"es"},{"@type":"Organization","@id":"https:\/\/www.padreydecano.com\/cms\/#organization","name":"Padre y Decano","url":"https:\/\/www.padreydecano.com\/cms\/","logo":{"@type":"ImageObject","inLanguage":"es","@id":"https:\/\/www.padreydecano.com\/cms\/#\/schema\/logo\/image\/","url":"https:\/\/www.padreydecano.com\/cms\/wp-content\/uploads\/2022\/01\/avatar-square.png","contentUrl":"https:\/\/www.padreydecano.com\/cms\/wp-content\/uploads\/2022\/01\/avatar-square.png","width":1500,"height":1500,"caption":"Padre y Decano"},"image":{"@id":"https:\/\/www.padreydecano.com\/cms\/#\/schema\/logo\/image\/"}},{"@type":"Person","@id":"https:\/\/www.padreydecano.com\/cms\/#\/schema\/person\/7fe41e3e335700ebd387196df2f9a8d4","name":"Gonzalo16","image":{"@type":"ImageObject","inLanguage":"es","@id":"https:\/\/www.padreydecano.com\/cms\/#\/schema\/person\/image\/","url":"https:\/\/secure.gravatar.com\/avatar\/4d5cdd49803a2313c01f77e3dfc05d81?s=96&d=https%3A%2F%2Fpadreydecano.com%2Fcms%2Fwp-content%2Fthemes%2Fpyd-theme%2Fimg%2Fdefault-avatar.png&r=g","contentUrl":"https:\/\/secure.gravatar.com\/avatar\/4d5cdd49803a2313c01f77e3dfc05d81?s=96&d=https%3A%2F%2Fpadreydecano.com%2Fcms%2Fwp-content%2Fthemes%2Fpyd-theme%2Fimg%2Fdefault-avatar.png&r=g","caption":"Gonzalo16"}}]}},"_links":{"self":[{"href":"https:\/\/www.padreydecano.com\/cms\/wp-json\/wp\/v2\/posts\/12352"}],"collection":[{"href":"https:\/\/www.padreydecano.com\/cms\/wp-json\/wp\/v2\/posts"}],"about":[{"href":"https:\/\/www.padreydecano.com\/cms\/wp-json\/wp\/v2\/types\/post"}],"author":[{"embeddable":true,"href":"https:\/\/www.padreydecano.com\/cms\/wp-json\/wp\/v2\/users\/2"}],"replies":[{"embeddable":true,"href":"https:\/\/www.padreydecano.com\/cms\/wp-json\/wp\/v2\/comments?post=12352"}],"version-history":[{"count":0,"href":"https:\/\/www.padreydecano.com\/cms\/wp-json\/wp\/v2\/posts\/12352\/revisions"}],"wp:featuredmedia":[{"embeddable":true,"href":"https:\/\/www.padreydecano.com\/cms\/wp-json\/wp\/v2\/media\/58628"}],"wp:attachment":[{"href":"https:\/\/www.padreydecano.com\/cms\/wp-json\/wp\/v2\/media?parent=12352"}],"wp:term":[{"taxonomy":"category","embeddable":true,"href":"https:\/\/www.padreydecano.com\/cms\/wp-json\/wp\/v2\/categories?post=12352"},{"taxonomy":"post_tag","embeddable":true,"href":"https:\/\/www.padreydecano.com\/cms\/wp-json\/wp\/v2\/tags?post=12352"}],"curies":[{"name":"wp","href":"https:\/\/api.w.org\/{rel}","templated":true}]}}