{"id":12326,"date":"2012-01-10T18:24:08","date_gmt":"2012-01-10T20:24:08","guid":{"rendered":"http:\/\/www.padreydecano.com\/cms\/?p=12326"},"modified":"2012-01-10T18:24:08","modified_gmt":"2012-01-10T20:24:08","slug":"balance-de-la-gira-por-mar-del-plata","status":"publish","type":"post","link":"https:\/\/www.padreydecano.com\/cms\/otras-disciplinas\/balance-de-la-gira-por-mar-del-plata\/","title":{"rendered":"Balance de la gira por Mar Del Plata"},"content":{"rendered":"<div id=\"attachment_12330\" style=\"width: 220px\" class=\"wp-caption alignright\"><a href=\"https:\/\/www.padreydecano.com\/cms\/wp-content\/uploads\/2012\/01\/futsa_copa_ibupirac.jpg\" rel=\"shadowbox[sbpost-12326];player=img;\"><img loading=\"lazy\" decoding=\"async\" aria-describedby=\"caption-attachment-12330\" class=\" wp-image-12330 \" src=\"https:\/\/www.padreydecano.com\/cms\/wp-content\/uploads\/2012\/01\/futsa_copa_ibupirac-300x225.jpg\" alt=\"\" width=\"210\" height=\"158\" srcset=\"https:\/\/www.padreydecano.com\/cms\/wp-content\/uploads\/2012\/01\/futsa_copa_ibupirac-300x225.jpg 300w, https:\/\/www.padreydecano.com\/cms\/wp-content\/uploads\/2012\/01\/futsa_copa_ibupirac.jpg 800w\" sizes=\"(max-width: 210px) 100vw, 210px\" \/><\/a><p id=\"caption-attachment-12330\" class=\"wp-caption-text\">Imagen de &quot;A dos toques&quot;<\/p><\/div>\n<p style=\"text-align: justify;\">El primer equipo de Pe\u00f1arol en Futsal realiz\u00f3 una gira internacional amistosa por Mar del Plata y <span style=\"color: #ffcc02;\"><strong>Padre y Decano<\/strong><\/span> habl\u00f3 con el entrenador Anibal Roba, quien hizo un balance del evento y analiz\u00f3 lo que se viene en esta disciplina para el 2012.<\/p>\n<p style=\"text-align: justify;\">El conjunto carbonero disput\u00f3 dos torneos. En primer lugar el campeonato \u00ab10 a\u00f1os Futsal AFA\u00bb, donde se obtuvo el sexto puesto pero hay que remarcar que hubo modificaciones en las reglas. Posteriormente se jug\u00f3 la Copa Ibupirac, un triangular donde <strong>nos coronamos campeones<\/strong> con las reglas habituales. En el total de partidos ganamos 2, perdimos 2 y empatamos 1. En la final de la Copa Ibupirac, <strong>derrotamos 8 a 4 al 17 de agosto.<\/strong><\/p>\n<p style=\"text-align: justify;\"><span style=\"color: #ffcc02;\"><strong>\u00bfQu\u00e9 conclusiones sacan de este viaje?<\/strong><\/span><\/p>\n<p style=\"text-align: justify;\">Mir\u00e1, m\u00e1s all\u00e1 de que evidentemente no se trata de Futsal, fue importante porque sirvi\u00f3 para establecer muchos v\u00ednculos con clubes importantes y con patrocinadores de eventos que valoraron la apuesta de Pe\u00f1arol por encima de la reglamentaci\u00f3n del Torneo. En alg\u00fan rubro no llegamos lo fuerte que hubiera sido necesario pero reci\u00e9n ahora conocemos claramente cuales son las \u00abreglas de juego\u00bb.<\/p>\n<p style=\"text-align: justify;\"><span style=\"color: #ffcc02;\"><strong>\u00bfQu\u00e9 cambios hubo en las reglas?<\/strong><\/span><\/p>\n<p style=\"text-align: justify;\">Algunas de las reglas era que se jugaba sin foul y que hab\u00eda que incluir obligatoriamente un mayor de 50.\u00a0 Fue dif\u00edcil, era una guerra. En el otro torneo, con las reglas normales ganamos los 2 partidos. Lo malo es que una de las mejores incorporaciones, Medina, se lesion\u00f3 la rodilla y parece que es algo importante.<\/p>\n<p style=\"text-align: justify;\"><span style=\"color: #ffcc02;\"><strong>\u00bfC\u00f3mo estamos con respecto al nivel argentino?<\/strong><\/span><\/p>\n<p style=\"text-align: justify;\">Yo creo que con las reglas normales Pe\u00f1arol en lo deportivo est\u00e1 en el nivel de los equipos argentinos que definen los campeonatos. En la infraestructura hay diferencias importantes en favor de ellos.<\/p>\n<p style=\"text-align: justify;\"><span style=\"color: #ffcc02;\"><strong>E<\/strong><strong>n estos viajes largos siempre surge alguna an\u00e9cota..<\/strong><\/span><\/p>\n<p style=\"text-align: justify;\">Mir\u00e1, como te dije antes, en el primer torneo se ten\u00eda que jugar con un mayor de 50. Era obligatorio. El nuestro se lesion\u00f3 y nos dieron a un ciudadano que estaba mirando el partido al cual yo apod\u00e9 \u00abel cuidacoches\u00bb jeje; tendr\u00edamos que haber llevado 2 veteranos.<\/p>\n<p style=\"text-align: justify;\"><span style=\"color: #ffcc02;\"><strong>\u00bfQu\u00e9 expectativas hay para el 2012?<\/strong><\/span><\/p>\n<p style=\"text-align: justify;\">Pe\u00f1arol va por el tricampeonato, algo que s\u00f3lo nuestro club ha logrado en el inicio del Futsal en AUF (95-96-97) y esperamos hacer una buena Libertadores (la pendiente de 2011) y organizar la del 2012 en nuestro pais.<\/p>\n<p style=\"text-align: justify;\"><span style=\"color: #ffcc02;\"><strong>\u00bfHay muchos cambios en el plantel?<\/strong><\/span><\/p>\n<p style=\"text-align: justify;\">Se fueron a Italia Ignacio Buggiano y Alexis Otero y tambi\u00e9n dejaron el club Walter Skurko y Fernando Rodr\u00edguez. Llegaron Mauro Taroco y Nicol\u00e1s Sacco de Banco, Aram Guerguerian de Vramian y Xavier Medina y V\u00edctor Rodr\u00edguez del tradicional rival. Seguramente haya 2 bajas m\u00e1s y lleguen 2 m\u00e1s antes de febrero.<\/p>\n<p style=\"text-align: justify;\"><span style=\"color: #ffcc02;\"><strong>\u00bfCon este recambio se gana o se pierde en calidad?<\/strong><\/span><\/p>\n<p style=\"text-align: justify;\">La idea es mantener el nivel, pero los dos jugadores que se fueron a Italia ya estaban adaptados al sistema, esperamos que los que llegan lo incorporen r\u00e1pido.<\/p>\n","protected":false},"excerpt":{"rendered":"<p>El primer equipo de Pe\u00f1arol en Futsal realiz\u00f3 una gira internacional amistosa por Mar del Plata y Padre y Decano habl\u00f3 con el entrenador Anibal Roba, quien hizo un balance del evento y analiz\u00f3 lo que se viene en esta disciplina para el 2012. El conjunto carbonero disput\u00f3 dos torneos. En primer lugar el campeonato [&hellip;]<\/p>\n","protected":false},"author":13,"featured_media":12331,"comment_status":"open","ping_status":"closed","sticky":false,"template":"","format":"standard","meta":{"footnotes":""},"categories":[30,27],"tags":[34],"yoast_head":"<!-- This site is optimized with the Yoast SEO plugin v23.2 - https:\/\/yoast.com\/wordpress\/plugins\/seo\/ -->\n<title>Balance de la gira por Mar Del Plata - Padre y Decano - El Sitio del Pueblo<\/title>\n<meta name=\"robots\" content=\"index, follow, max-snippet:-1, max-image-preview:large, max-video-preview:-1\" \/>\n<link rel=\"canonical\" href=\"https:\/\/www.padreydecano.com\/cms\/otras-disciplinas\/balance-de-la-gira-por-mar-del-plata\/\" \/>\n<meta property=\"og:locale\" content=\"es_ES\" \/>\n<meta property=\"og:type\" content=\"article\" \/>\n<meta property=\"og:title\" content=\"Balance de la gira por Mar Del Plata - Padre y Decano - El Sitio del Pueblo\" \/>\n<meta property=\"og:description\" content=\"El primer equipo de Pe\u00f1arol en Futsal realiz\u00f3 una gira internacional amistosa por Mar del Plata y Padre y Decano habl\u00f3 con el entrenador Anibal Roba, quien hizo un balance del evento y analiz\u00f3 lo que se viene en esta disciplina para el 2012. El conjunto carbonero disput\u00f3 dos torneos. En primer lugar el campeonato [&hellip;]\" \/>\n<meta property=\"og:url\" content=\"https:\/\/www.padreydecano.com\/cms\/otras-disciplinas\/balance-de-la-gira-por-mar-del-plata\/\" \/>\n<meta property=\"og:site_name\" content=\"Padre y Decano - El Sitio del Pueblo\" \/>\n<meta property=\"article:published_time\" content=\"2012-01-10T20:24:08+00:00\" \/>\n<meta property=\"og:image\" content=\"https:\/\/www.padreydecano.com\/cms\/wp-content\/uploads\/2012\/01\/futsa_copa_ibupirac_2.jpg\" \/>\n\t<meta property=\"og:image:width\" content=\"600\" \/>\n\t<meta property=\"og:image:height\" content=\"800\" \/>\n\t<meta property=\"og:image:type\" content=\"image\/jpeg\" \/>\n<meta name=\"author\" content=\"Moderador\" \/>\n<meta name=\"twitter:card\" content=\"summary_large_image\" \/>\n<meta name=\"twitter:label1\" content=\"Escrito por\" \/>\n\t<meta name=\"twitter:data1\" content=\"Moderador\" \/>\n\t<meta name=\"twitter:label2\" content=\"Tiempo de lectura\" \/>\n\t<meta name=\"twitter:data2\" content=\"3 minutos\" \/>\n<script type=\"application\/ld+json\" class=\"yoast-schema-graph\">{\"@context\":\"https:\/\/schema.org\",\"@graph\":[{\"@type\":\"Article\",\"@id\":\"https:\/\/www.padreydecano.com\/cms\/otras-disciplinas\/balance-de-la-gira-por-mar-del-plata\/#article\",\"isPartOf\":{\"@id\":\"https:\/\/www.padreydecano.com\/cms\/otras-disciplinas\/balance-de-la-gira-por-mar-del-plata\/\"},\"author\":{\"name\":\"Moderador\",\"@id\":\"https:\/\/www.padreydecano.com\/cms\/#\/schema\/person\/d93e9e537230ae052c194251d9a1def2\"},\"headline\":\"Balance de la gira por Mar Del Plata\",\"datePublished\":\"2012-01-10T20:24:08+00:00\",\"dateModified\":\"2012-01-10T20:24:08+00:00\",\"mainEntityOfPage\":{\"@id\":\"https:\/\/www.padreydecano.com\/cms\/otras-disciplinas\/balance-de-la-gira-por-mar-del-plata\/\"},\"wordCount\":518,\"commentCount\":4,\"publisher\":{\"@id\":\"https:\/\/www.padreydecano.com\/cms\/#organization\"},\"image\":{\"@id\":\"https:\/\/www.padreydecano.com\/cms\/otras-disciplinas\/balance-de-la-gira-por-mar-del-plata\/#primaryimage\"},\"thumbnailUrl\":\"https:\/\/www.padreydecano.com\/cms\/wp-content\/uploads\/2012\/01\/futsa_copa_ibupirac_2.jpg\",\"keywords\":[\"Futsal\"],\"articleSection\":[\"Entrevistas\",\"Otras disciplinas\"],\"inLanguage\":\"es\",\"potentialAction\":[{\"@type\":\"CommentAction\",\"name\":\"Comment\",\"target\":[\"https:\/\/www.padreydecano.com\/cms\/otras-disciplinas\/balance-de-la-gira-por-mar-del-plata\/#respond\"]}]},{\"@type\":\"WebPage\",\"@id\":\"https:\/\/www.padreydecano.com\/cms\/otras-disciplinas\/balance-de-la-gira-por-mar-del-plata\/\",\"url\":\"https:\/\/www.padreydecano.com\/cms\/otras-disciplinas\/balance-de-la-gira-por-mar-del-plata\/\",\"name\":\"Balance de la gira por Mar Del Plata - Padre y Decano - El Sitio del Pueblo\",\"isPartOf\":{\"@id\":\"https:\/\/www.padreydecano.com\/cms\/#website\"},\"primaryImageOfPage\":{\"@id\":\"https:\/\/www.padreydecano.com\/cms\/otras-disciplinas\/balance-de-la-gira-por-mar-del-plata\/#primaryimage\"},\"image\":{\"@id\":\"https:\/\/www.padreydecano.com\/cms\/otras-disciplinas\/balance-de-la-gira-por-mar-del-plata\/#primaryimage\"},\"thumbnailUrl\":\"https:\/\/www.padreydecano.com\/cms\/wp-content\/uploads\/2012\/01\/futsa_copa_ibupirac_2.jpg\",\"datePublished\":\"2012-01-10T20:24:08+00:00\",\"dateModified\":\"2012-01-10T20:24:08+00:00\",\"breadcrumb\":{\"@id\":\"https:\/\/www.padreydecano.com\/cms\/otras-disciplinas\/balance-de-la-gira-por-mar-del-plata\/#breadcrumb\"},\"inLanguage\":\"es\",\"potentialAction\":[{\"@type\":\"ReadAction\",\"target\":[\"https:\/\/www.padreydecano.com\/cms\/otras-disciplinas\/balance-de-la-gira-por-mar-del-plata\/\"]}]},{\"@type\":\"ImageObject\",\"inLanguage\":\"es\",\"@id\":\"https:\/\/www.padreydecano.com\/cms\/otras-disciplinas\/balance-de-la-gira-por-mar-del-plata\/#primaryimage\",\"url\":\"https:\/\/www.padreydecano.com\/cms\/wp-content\/uploads\/2012\/01\/futsa_copa_ibupirac_2.jpg\",\"contentUrl\":\"https:\/\/www.padreydecano.com\/cms\/wp-content\/uploads\/2012\/01\/futsa_copa_ibupirac_2.jpg\",\"width\":\"600\",\"height\":\"800\"},{\"@type\":\"BreadcrumbList\",\"@id\":\"https:\/\/www.padreydecano.com\/cms\/otras-disciplinas\/balance-de-la-gira-por-mar-del-plata\/#breadcrumb\",\"itemListElement\":[{\"@type\":\"ListItem\",\"position\":1,\"name\":\"Portada\",\"item\":\"https:\/\/www.padreydecano.com\/cms\/\"},{\"@type\":\"ListItem\",\"position\":2,\"name\":\"Balance de la gira por Mar Del Plata\"}]},{\"@type\":\"WebSite\",\"@id\":\"https:\/\/www.padreydecano.com\/cms\/#website\",\"url\":\"https:\/\/www.padreydecano.com\/cms\/\",\"name\":\"Padre y Decano - El Sitio del Pueblo\",\"description\":\"Club Atl\u00e9tico Pe\u00f1arol\",\"publisher\":{\"@id\":\"https:\/\/www.padreydecano.com\/cms\/#organization\"},\"potentialAction\":[{\"@type\":\"SearchAction\",\"target\":{\"@type\":\"EntryPoint\",\"urlTemplate\":\"https:\/\/www.padreydecano.com\/cms\/?s={search_term_string}\"},\"query-input\":\"required name=search_term_string\"}],\"inLanguage\":\"es\"},{\"@type\":\"Organization\",\"@id\":\"https:\/\/www.padreydecano.com\/cms\/#organization\",\"name\":\"Padre y Decano\",\"url\":\"https:\/\/www.padreydecano.com\/cms\/\",\"logo\":{\"@type\":\"ImageObject\",\"inLanguage\":\"es\",\"@id\":\"https:\/\/www.padreydecano.com\/cms\/#\/schema\/logo\/image\/\",\"url\":\"https:\/\/www.padreydecano.com\/cms\/wp-content\/uploads\/2022\/01\/avatar-square.png\",\"contentUrl\":\"https:\/\/www.padreydecano.com\/cms\/wp-content\/uploads\/2022\/01\/avatar-square.png\",\"width\":1500,\"height\":1500,\"caption\":\"Padre y Decano\"},\"image\":{\"@id\":\"https:\/\/www.padreydecano.com\/cms\/#\/schema\/logo\/image\/\"}},{\"@type\":\"Person\",\"@id\":\"https:\/\/www.padreydecano.com\/cms\/#\/schema\/person\/d93e9e537230ae052c194251d9a1def2\",\"name\":\"Moderador\",\"image\":{\"@type\":\"ImageObject\",\"inLanguage\":\"es\",\"@id\":\"https:\/\/www.padreydecano.com\/cms\/#\/schema\/person\/image\/\",\"url\":\"https:\/\/secure.gravatar.com\/avatar\/2587727bf8a53bd3da4ec49f01bea66e?s=96&d=https%3A%2F%2Fpadreydecano.com%2Fcms%2Fwp-content%2Fthemes%2Fpyd-theme%2Fimg%2Fdefault-avatar.png&r=g\",\"contentUrl\":\"https:\/\/secure.gravatar.com\/avatar\/2587727bf8a53bd3da4ec49f01bea66e?s=96&d=https%3A%2F%2Fpadreydecano.com%2Fcms%2Fwp-content%2Fthemes%2Fpyd-theme%2Fimg%2Fdefault-avatar.png&r=g\",\"caption\":\"Moderador\"}}]}<\/script>\n<!-- \/ Yoast SEO plugin. -->","yoast_head_json":{"title":"Balance de la gira por Mar Del Plata - Padre y Decano - El Sitio del Pueblo","robots":{"index":"index","follow":"follow","max-snippet":"max-snippet:-1","max-image-preview":"max-image-preview:large","max-video-preview":"max-video-preview:-1"},"canonical":"https:\/\/www.padreydecano.com\/cms\/otras-disciplinas\/balance-de-la-gira-por-mar-del-plata\/","og_locale":"es_ES","og_type":"article","og_title":"Balance de la gira por Mar Del Plata - Padre y Decano - El Sitio del Pueblo","og_description":"El primer equipo de Pe\u00f1arol en Futsal realiz\u00f3 una gira internacional amistosa por Mar del Plata y Padre y Decano habl\u00f3 con el entrenador Anibal Roba, quien hizo un balance del evento y analiz\u00f3 lo que se viene en esta disciplina para el 2012. El conjunto carbonero disput\u00f3 dos torneos. En primer lugar el campeonato [&hellip;]","og_url":"https:\/\/www.padreydecano.com\/cms\/otras-disciplinas\/balance-de-la-gira-por-mar-del-plata\/","og_site_name":"Padre y Decano - El Sitio del Pueblo","article_published_time":"2012-01-10T20:24:08+00:00","og_image":[{"width":600,"height":800,"url":"https:\/\/www.padreydecano.com\/cms\/wp-content\/uploads\/2012\/01\/futsa_copa_ibupirac_2.jpg","type":"image\/jpeg"}],"author":"Moderador","twitter_card":"summary_large_image","twitter_misc":{"Escrito por":"Moderador","Tiempo de lectura":"3 minutos"},"schema":{"@context":"https:\/\/schema.org","@graph":[{"@type":"Article","@id":"https:\/\/www.padreydecano.com\/cms\/otras-disciplinas\/balance-de-la-gira-por-mar-del-plata\/#article","isPartOf":{"@id":"https:\/\/www.padreydecano.com\/cms\/otras-disciplinas\/balance-de-la-gira-por-mar-del-plata\/"},"author":{"name":"Moderador","@id":"https:\/\/www.padreydecano.com\/cms\/#\/schema\/person\/d93e9e537230ae052c194251d9a1def2"},"headline":"Balance de la gira por Mar Del Plata","datePublished":"2012-01-10T20:24:08+00:00","dateModified":"2012-01-10T20:24:08+00:00","mainEntityOfPage":{"@id":"https:\/\/www.padreydecano.com\/cms\/otras-disciplinas\/balance-de-la-gira-por-mar-del-plata\/"},"wordCount":518,"commentCount":4,"publisher":{"@id":"https:\/\/www.padreydecano.com\/cms\/#organization"},"image":{"@id":"https:\/\/www.padreydecano.com\/cms\/otras-disciplinas\/balance-de-la-gira-por-mar-del-plata\/#primaryimage"},"thumbnailUrl":"https:\/\/www.padreydecano.com\/cms\/wp-content\/uploads\/2012\/01\/futsa_copa_ibupirac_2.jpg","keywords":["Futsal"],"articleSection":["Entrevistas","Otras disciplinas"],"inLanguage":"es","potentialAction":[{"@type":"CommentAction","name":"Comment","target":["https:\/\/www.padreydecano.com\/cms\/otras-disciplinas\/balance-de-la-gira-por-mar-del-plata\/#respond"]}]},{"@type":"WebPage","@id":"https:\/\/www.padreydecano.com\/cms\/otras-disciplinas\/balance-de-la-gira-por-mar-del-plata\/","url":"https:\/\/www.padreydecano.com\/cms\/otras-disciplinas\/balance-de-la-gira-por-mar-del-plata\/","name":"Balance de la gira por Mar Del Plata - Padre y Decano - El Sitio del Pueblo","isPartOf":{"@id":"https:\/\/www.padreydecano.com\/cms\/#website"},"primaryImageOfPage":{"@id":"https:\/\/www.padreydecano.com\/cms\/otras-disciplinas\/balance-de-la-gira-por-mar-del-plata\/#primaryimage"},"image":{"@id":"https:\/\/www.padreydecano.com\/cms\/otras-disciplinas\/balance-de-la-gira-por-mar-del-plata\/#primaryimage"},"thumbnailUrl":"https:\/\/www.padreydecano.com\/cms\/wp-content\/uploads\/2012\/01\/futsa_copa_ibupirac_2.jpg","datePublished":"2012-01-10T20:24:08+00:00","dateModified":"2012-01-10T20:24:08+00:00","breadcrumb":{"@id":"https:\/\/www.padreydecano.com\/cms\/otras-disciplinas\/balance-de-la-gira-por-mar-del-plata\/#breadcrumb"},"inLanguage":"es","potentialAction":[{"@type":"ReadAction","target":["https:\/\/www.padreydecano.com\/cms\/otras-disciplinas\/balance-de-la-gira-por-mar-del-plata\/"]}]},{"@type":"ImageObject","inLanguage":"es","@id":"https:\/\/www.padreydecano.com\/cms\/otras-disciplinas\/balance-de-la-gira-por-mar-del-plata\/#primaryimage","url":"https:\/\/www.padreydecano.com\/cms\/wp-content\/uploads\/2012\/01\/futsa_copa_ibupirac_2.jpg","contentUrl":"https:\/\/www.padreydecano.com\/cms\/wp-content\/uploads\/2012\/01\/futsa_copa_ibupirac_2.jpg","width":"600","height":"800"},{"@type":"BreadcrumbList","@id":"https:\/\/www.padreydecano.com\/cms\/otras-disciplinas\/balance-de-la-gira-por-mar-del-plata\/#breadcrumb","itemListElement":[{"@type":"ListItem","position":1,"name":"Portada","item":"https:\/\/www.padreydecano.com\/cms\/"},{"@type":"ListItem","position":2,"name":"Balance de la gira por Mar Del Plata"}]},{"@type":"WebSite","@id":"https:\/\/www.padreydecano.com\/cms\/#website","url":"https:\/\/www.padreydecano.com\/cms\/","name":"Padre y Decano - El Sitio del Pueblo","description":"Club Atl\u00e9tico Pe\u00f1arol","publisher":{"@id":"https:\/\/www.padreydecano.com\/cms\/#organization"},"potentialAction":[{"@type":"SearchAction","target":{"@type":"EntryPoint","urlTemplate":"https:\/\/www.padreydecano.com\/cms\/?s={search_term_string}"},"query-input":"required name=search_term_string"}],"inLanguage":"es"},{"@type":"Organization","@id":"https:\/\/www.padreydecano.com\/cms\/#organization","name":"Padre y Decano","url":"https:\/\/www.padreydecano.com\/cms\/","logo":{"@type":"ImageObject","inLanguage":"es","@id":"https:\/\/www.padreydecano.com\/cms\/#\/schema\/logo\/image\/","url":"https:\/\/www.padreydecano.com\/cms\/wp-content\/uploads\/2022\/01\/avatar-square.png","contentUrl":"https:\/\/www.padreydecano.com\/cms\/wp-content\/uploads\/2022\/01\/avatar-square.png","width":1500,"height":1500,"caption":"Padre y Decano"},"image":{"@id":"https:\/\/www.padreydecano.com\/cms\/#\/schema\/logo\/image\/"}},{"@type":"Person","@id":"https:\/\/www.padreydecano.com\/cms\/#\/schema\/person\/d93e9e537230ae052c194251d9a1def2","name":"Moderador","image":{"@type":"ImageObject","inLanguage":"es","@id":"https:\/\/www.padreydecano.com\/cms\/#\/schema\/person\/image\/","url":"https:\/\/secure.gravatar.com\/avatar\/2587727bf8a53bd3da4ec49f01bea66e?s=96&d=https%3A%2F%2Fpadreydecano.com%2Fcms%2Fwp-content%2Fthemes%2Fpyd-theme%2Fimg%2Fdefault-avatar.png&r=g","contentUrl":"https:\/\/secure.gravatar.com\/avatar\/2587727bf8a53bd3da4ec49f01bea66e?s=96&d=https%3A%2F%2Fpadreydecano.com%2Fcms%2Fwp-content%2Fthemes%2Fpyd-theme%2Fimg%2Fdefault-avatar.png&r=g","caption":"Moderador"}}]}},"_links":{"self":[{"href":"https:\/\/www.padreydecano.com\/cms\/wp-json\/wp\/v2\/posts\/12326"}],"collection":[{"href":"https:\/\/www.padreydecano.com\/cms\/wp-json\/wp\/v2\/posts"}],"about":[{"href":"https:\/\/www.padreydecano.com\/cms\/wp-json\/wp\/v2\/types\/post"}],"author":[{"embeddable":true,"href":"https:\/\/www.padreydecano.com\/cms\/wp-json\/wp\/v2\/users\/13"}],"replies":[{"embeddable":true,"href":"https:\/\/www.padreydecano.com\/cms\/wp-json\/wp\/v2\/comments?post=12326"}],"version-history":[{"count":0,"href":"https:\/\/www.padreydecano.com\/cms\/wp-json\/wp\/v2\/posts\/12326\/revisions"}],"wp:featuredmedia":[{"embeddable":true,"href":"https:\/\/www.padreydecano.com\/cms\/wp-json\/wp\/v2\/media\/12331"}],"wp:attachment":[{"href":"https:\/\/www.padreydecano.com\/cms\/wp-json\/wp\/v2\/media?parent=12326"}],"wp:term":[{"taxonomy":"category","embeddable":true,"href":"https:\/\/www.padreydecano.com\/cms\/wp-json\/wp\/v2\/categories?post=12326"},{"taxonomy":"post_tag","embeddable":true,"href":"https:\/\/www.padreydecano.com\/cms\/wp-json\/wp\/v2\/tags?post=12326"}],"curies":[{"name":"wp","href":"https:\/\/api.w.org\/{rel}","templated":true}]}}