{"id":11888,"date":"2011-12-29T12:04:04","date_gmt":"2011-12-29T14:04:04","guid":{"rendered":"http:\/\/www.padreydecano.com\/cms\/?p=11888"},"modified":"2020-09-03T20:38:33","modified_gmt":"2020-09-03T23:38:33","slug":"las-palabras-se-las-lleva-el-viento","status":"publish","type":"post","link":"https:\/\/www.padreydecano.com\/cms\/columnas\/las-palabras-se-las-lleva-el-viento\/","title":{"rendered":"Las palabras, \u00bfse las lleva el viento?"},"content":{"rendered":"<div id=\"attachment_11934\" style=\"width: 220px\" class=\"wp-caption alignright\"><a href=\"https:\/\/www.padreydecano.com\/cms\/wp-content\/uploads\/2011\/12\/29-BUENO-PE.jpg\" rel=\"shadowbox[sbpost-11888];player=img;\"><img loading=\"lazy\" decoding=\"async\" aria-describedby=\"caption-attachment-11934\" class=\" wp-image-11934 \" src=\"https:\/\/www.padreydecano.com\/cms\/wp-content\/uploads\/2011\/12\/29-BUENO-PE-300x236.jpg\" alt=\"\" width=\"210\" height=\"165\" srcset=\"https:\/\/www.padreydecano.com\/cms\/wp-content\/uploads\/2011\/12\/29-BUENO-PE-300x236.jpg 300w, https:\/\/www.padreydecano.com\/cms\/wp-content\/uploads\/2011\/12\/29-BUENO-PE.jpg 320w\" sizes=\"(max-width: 210px) 100vw, 210px\" \/><\/a><p id=\"caption-attachment-11934\" class=\"wp-caption-text\">Foto de Archivo: \u00daltimas Noticias<\/p><\/div>\n<p style=\"text-align: justify;\">Muchas veces decimos que las palabras se las lleva el viento pero hay casos en que las palabras quedan grabadas a fuego. Por eso te dejamos un resumen de algunas frases y acciones de este jugador formado en nuestra casa, para que saques tus propias conclusiones y nos ayudes a contestar si las palabras se las lleva el viento o no.<\/p>\n<p style=\"text-align: justify;\">Como todos sabemos, no es la primera vez que este personaje nefasto realiza declaraciones o acciones como las expresadas en <a title=\"Por la plata baila el mono\" href=\"https:\/\/www.padreydecano.com\/cms\/columnas\/por-la-plata-baila-el-mono\/\" target=\"_blank\" rel=\"noopener\">la columna de Ulises Laurito<\/a>, para intentar ensuciar el nombre de nuestro club. Recordado es el caso del a\u00f1o 2004, cuando Pe\u00f1arol ten\u00eda acordada la venta de los tres futbolistas (Bueno, Bizera y Rodr\u00edguez), patrimonio de Pe\u00f1arol y las eventuales discordias que este hecho gener\u00f3, movidas por los intereses del famoso representante Francisco Casal y el desagradecimiento de estos tres juveniles por aquel tiempo, a los que el club les dio todo.<\/p>\n<p style=\"text-align: justify;\">As\u00ed lo narraba \u00daltimas Noticias, en su edici\u00f3n deportiva del 25\/1\/ 2008:<\/p>\n<p style=\"text-align: justify;\"><em>Todo comenz\u00f3 el 26 de agosto 2004 con una oferta que Pedro Rocha hizo llegar a Damiani por el pase de Bueno al M\u00f3naco, por U$S 3.000.000, de los que U$S 600.000 eran para el jugador (por el 20%) y adem\u00e1s percibir\u00eda U$S 66.000 de sueldo. <strong>Pero Bueno no acept\u00f3 si el pase no lo hac\u00eda Casal, que hab\u00eda hecho una oferta que el club consider\u00f3 muy inferior a la del M\u00f3naco.<\/strong> Tres d\u00edas despu\u00e9s el presidente habl\u00f3 con el jugador y \u00e9ste explic\u00f3 a El Pa\u00eds que: <strong>\u00abMe llam\u00f3 y le dije, y que le quede claro a \u00e9l y a todos que si no es por el lado de Casal no me voy\u201d.<\/strong><\/em><strong><em><br \/>\n<\/em><\/strong><\/p>\n<p style=\"text-align: justify;\">Pasadas un par de semanas, entre la Comisi\u00f3n Directiva y el cuerpo t\u00e9cnico (en aquel momento con Aguirre a la cabeza), se resolvi\u00f3 dejar afuera al mencionado jugador del encuentro ante Danubio por la Copa Sudamericana. <em>Bueno dijo a varios medios de prensa: \u00abLo \u00fanico que pido es que por favor me dejen jugar. Le pido disculpas a la gente que ofend\u00ed sin intenci\u00f3n\u00bb. Pero a Damiani no lo conmovieron esas palabras: <strong>\u00abHabr\u00eda que preguntarle c\u00f3mo rehus\u00f3 a ganar U$S 62.000 mensuales y U$S 600.000 por el pase al M\u00f3naco\u201d<\/strong><\/em>.<\/p>\n<p style=\"text-align: justify;\">Aparte de estos conflictos por el club movidos por la codicia y la falta de gratitud, se rumoreaba fuerte en el ambiente que Carlos Bueno tambi\u00e9n era el generador de peleas y disturbios dentro del plantel, lo que influy\u00f3 bastante en el rendimiento del equipo, que tuvo una muy mala temporada. Citamos a \u00daltimas Noticias: <em>El 18\/11\/04 Serna se quej\u00f3 ante Damiani <strong>por declaraciones de Bueno en las que el artiguense dec\u00eda que Aguirre le daba m\u00e1s oportunidades al colombiano que a \u00e9l<\/strong>, y el 24\/11\/04 se rumore\u00f3 que en el entretiempo de Pe\u00f1arol-Defensor<strong> Bueno y Aguirre se tomaron a golpes<\/strong>. Para el segundo tiempo sali\u00f3 Serna en lugar de Bueno.<\/em><\/p>\n<p style=\"text-align: justify;\">Termin\u00f3 el 2004, comenz\u00f3 el a\u00f1o 2005 y los problemas parec\u00edan no tener soluci\u00f3n. <em>El 31\/01\/05 Bueno dijo en Las Voces del F\u00fatbol: \u00abNo juego sin contrato (en Quito por la copa).<\/em> <em>El 02\/02\/05 Damiani le respondi\u00f3 en Ultimas Noticias que \u00absi no juega tendr\u00e1 que agarrar para las 8 horas\u00bb, y en \u00abPe\u00f1arol Verdad\u00bb dijo: \u00abEl \u00fanico que no vino (por el tema del contrato) fue el se\u00f1or Bueno. Parece que hay que ir a buscarlo a la casa o mandarle un remise\u00bb. <strong>Finalmente Bueno jug\u00f3 porque Casal le dijo que lo hiciera<\/strong> aunque no se arreglara a\u00fan su contrato.<\/em><\/p>\n<p style=\"text-align: justify;\">Luego de la declaraci\u00f3n de rebeld\u00eda por parte del club hacia Bueno y los otros dos jugadores implicados, el mencionado jugador habl\u00f3 para los medios, con una frase que quedar\u00e1 para el recuerdo: <strong>\u00abPodemos estar dos a\u00f1os sin jugar y el que va a perder plata es Pe\u00f1arol. Yo arrancar\u00e9 de cero pero con los dos bolsillos llenos\u201d<\/strong>.<\/p>\n<p style=\"text-align: justify;\">Pasados los meses el club perdi\u00f3 el conflicto en la FIFA y los jugadores fueron transferidos al Paris Saint Germain sin que Pe\u00f1arol toque un peso por sus pases. Esto gener\u00f3 nuevos problemas: <em>El 09\/08\/05 Pe\u00f1arol envi\u00f3 una misiva al Par\u00eds intimid\u00e1ndolo a rescindirles el contrato a los jugadores bajo apercibimiento de iniciar acciones legales por 10 millones de d\u00f3lares; y el 11\/08\/05 en El Observador Bueno respond\u00eda: \u00abPe\u00f1arol que reclame lo que quiera. <strong>No queremos que el club (el Par\u00eds) pague porque no quiero que Damiani toque un peso.<\/strong> \u00c9l me hizo sufrir y no es que me las quiera cobrar pero <strong>no quiero que se apodere de nada de lo que valgo<\/strong> porque para m\u00ed no existe m\u00e1s. Soy fan\u00e1tico de Pe\u00f1arol pero lo que reciban le va a tocar a \u00e9l y <strong>no quiero que le llegue un peso<\/strong>\u00ab. Puesto al tanto sobre la intenci\u00f3n de Casal de pagarle a Pe\u00f1arol la oferta original de U$S 4.000.000 por los tres jugadores, Bueno confes\u00f3: <strong>\u00abLe dije a Paco que la plata que Pe\u00f1arol iba a cobrar por m\u00ed, se la donara a los hospitales. No quiero que toquen un peso de m\u00ed<\/strong>\u00ab.<\/em><em><br \/>\n<\/em><\/p>\n<p style=\"text-align: justify;\">No conforme con todo el da\u00f1o causado a la instituci\u00f3n, en Enero del 2008 regres\u00f3 a Pe\u00f1arol (previo paso sin gloria por Francia, Portugal y Argentina), y declar\u00f3 a \u00daltimas Noticias (25\/1\/2008), en un intento de reconciliaci\u00f3n con la gente, <strong>\u201cen Pe\u00f1arol juego gratis\u201d<\/strong>. Conocida fue su actuaci\u00f3n en esos primeros seis meses en el club; el t\u00e9cnico que arranc\u00f3 la temporada, conocido amigo del representante del jugador, decidi\u00f3 incluirlo en un cl\u00e1sico de verano como titular, cederle la camiseta N\u00ba 10 y la cinta de capit\u00e1n que tantas glorias del club supieron vestir y adem\u00e1s lo rode\u00f3 de suplentes para que fuera la figura del equipo; esto no sucedi\u00f3 y Pe\u00f1arol perdi\u00f3 3 a 0. Convirti\u00f3 algunos goles en el Campeonato, pero en las finales no apareci\u00f3 y perdimos nuevamente el Campeonato Uruguayo. Finalizado el mismo, lleg\u00f3 el momento de renegociar su contrato. El diario \u201cEl Pa\u00eds\u201d lo expres\u00f3 as\u00ed, bajo el t\u00edtulo \u201cBueno, bonito pero muy caro\u201d: <strong><em>El goleador pretende ganar el doble de lo que Pe\u00f1arol le propuso extraoficialmente\u00bb<\/em><\/strong><em>. <\/em><em>Extraoficialmente, se supo que Pe\u00f1arol estar\u00eda dispuesto a pagarle 20.000 d\u00f3lares por mes pero el futbolista dijo tener ofertas del f\u00fatbol turco y ruso por m\u00e1s de doble: unos 50.000 d\u00f3lares mensuales. <\/em>Qu\u00e9 lejos parecen quedar esas palabras de tan s\u00f3lo seis meses atr\u00e1s, donde declar\u00f3 que en Pe\u00f1arol jugar\u00eda gratis.<\/p>\n<p style=\"text-align: justify;\">Luego de un a\u00f1o m\u00e1s en el club donde se arrastr\u00f3 en la cancha, se uni\u00f3 a las filas de la Real Sociedad. Transcurrido el a\u00f1o de contrato, deb\u00eda regresar a Pe\u00f1arol, pero al parecer esta situaci\u00f3n no le gust\u00f3 mucho. As\u00ed declar\u00f3 en esa oportunidad para la Sport 890 el 16\/7\/2010: <em><strong>\u00ab(\u2026) hasta ofrec\u00ed plata para quedar libre (\u2026) <\/strong>me enter\u00e9 hace dos meses que ten\u00eda contrato con Pe\u00f1arol, me engancharon y ahora estoy ac\u00e1 y tengo que seguir\u201d.<\/em><\/p>\n<p style=\"text-align: justify;\">Por estas razones, y muchas m\u00e1s que seguro no forman parte de nuestro archivo; no nos sorprenden las declaraciones de esta persona, que en mi opini\u00f3n deber\u00eda ser declarada no grata en Pe\u00f1arol.<\/p>\n<p style=\"text-align: justify;\"><strong>Este tema divide las opiniones entre los hinchas de Pe\u00f1arol, vos, \u00bfde qu\u00e9 lado est\u00e1s?<\/strong><\/p>\n","protected":false},"excerpt":{"rendered":"<p>Muchas veces decimos que las palabras se las lleva el viento pero hay casos en que las palabras quedan grabadas a fuego. Por eso te dejamos un resumen de algunas frases y acciones de este jugador formado en nuestra casa, para que saques tus propias conclusiones y nos ayudes a contestar si las palabras se [&hellip;]<\/p>\n","protected":false},"author":3,"featured_media":11934,"comment_status":"open","ping_status":"closed","sticky":false,"template":"","format":"standard","meta":{"footnotes":""},"categories":[28],"tags":[78],"yoast_head":"<!-- This site is optimized with the Yoast SEO plugin v23.2 - https:\/\/yoast.com\/wordpress\/plugins\/seo\/ -->\n<title>Las palabras, \u00bfse las lleva el viento? - Padre y Decano - El Sitio del Pueblo<\/title>\n<meta name=\"robots\" content=\"index, follow, max-snippet:-1, max-image-preview:large, max-video-preview:-1\" \/>\n<link rel=\"canonical\" href=\"https:\/\/www.padreydecano.com\/cms\/columnas\/las-palabras-se-las-lleva-el-viento\/\" \/>\n<meta property=\"og:locale\" content=\"es_ES\" \/>\n<meta property=\"og:type\" content=\"article\" \/>\n<meta property=\"og:title\" content=\"Las palabras, \u00bfse las lleva el viento? - Padre y Decano - El Sitio del Pueblo\" \/>\n<meta property=\"og:description\" content=\"Muchas veces decimos que las palabras se las lleva el viento pero hay casos en que las palabras quedan grabadas a fuego. Por eso te dejamos un resumen de algunas frases y acciones de este jugador formado en nuestra casa, para que saques tus propias conclusiones y nos ayudes a contestar si las palabras se [&hellip;]\" \/>\n<meta property=\"og:url\" content=\"https:\/\/www.padreydecano.com\/cms\/columnas\/las-palabras-se-las-lleva-el-viento\/\" \/>\n<meta property=\"og:site_name\" content=\"Padre y Decano - El Sitio del Pueblo\" \/>\n<meta property=\"article:published_time\" content=\"2011-12-29T14:04:04+00:00\" \/>\n<meta property=\"article:modified_time\" content=\"2020-09-03T23:38:33+00:00\" \/>\n<meta property=\"og:image\" content=\"https:\/\/www.padreydecano.com\/cms\/wp-content\/uploads\/2011\/12\/29-BUENO-PE.jpg\" \/>\n\t<meta property=\"og:image:width\" content=\"320\" \/>\n\t<meta property=\"og:image:height\" content=\"252\" \/>\n\t<meta property=\"og:image:type\" content=\"image\/jpeg\" \/>\n<meta name=\"author\" content=\"1891\" \/>\n<meta name=\"twitter:card\" content=\"summary_large_image\" \/>\n<meta name=\"twitter:label1\" content=\"Escrito por\" \/>\n\t<meta name=\"twitter:data1\" content=\"1891\" \/>\n\t<meta name=\"twitter:label2\" content=\"Tiempo de lectura\" \/>\n\t<meta name=\"twitter:data2\" content=\"6 minutos\" \/>\n<script type=\"application\/ld+json\" class=\"yoast-schema-graph\">{\"@context\":\"https:\/\/schema.org\",\"@graph\":[{\"@type\":\"Article\",\"@id\":\"https:\/\/www.padreydecano.com\/cms\/columnas\/las-palabras-se-las-lleva-el-viento\/#article\",\"isPartOf\":{\"@id\":\"https:\/\/www.padreydecano.com\/cms\/columnas\/las-palabras-se-las-lleva-el-viento\/\"},\"author\":{\"name\":\"1891\",\"@id\":\"https:\/\/www.padreydecano.com\/cms\/#\/schema\/person\/5607c72c38a1537a151b24d1e67535e0\"},\"headline\":\"Las palabras, \u00bfse las lleva el viento?\",\"datePublished\":\"2011-12-29T14:04:04+00:00\",\"dateModified\":\"2020-09-03T23:38:33+00:00\",\"mainEntityOfPage\":{\"@id\":\"https:\/\/www.padreydecano.com\/cms\/columnas\/las-palabras-se-las-lleva-el-viento\/\"},\"wordCount\":1265,\"commentCount\":91,\"publisher\":{\"@id\":\"https:\/\/www.padreydecano.com\/cms\/#organization\"},\"image\":{\"@id\":\"https:\/\/www.padreydecano.com\/cms\/columnas\/las-palabras-se-las-lleva-el-viento\/#primaryimage\"},\"thumbnailUrl\":\"https:\/\/www.padreydecano.com\/cms\/wp-content\/uploads\/2011\/12\/29-BUENO-PE.jpg\",\"keywords\":[\"Dr. CURCC\"],\"articleSection\":[\"Columnas\"],\"inLanguage\":\"es\",\"potentialAction\":[{\"@type\":\"CommentAction\",\"name\":\"Comment\",\"target\":[\"https:\/\/www.padreydecano.com\/cms\/columnas\/las-palabras-se-las-lleva-el-viento\/#respond\"]}]},{\"@type\":\"WebPage\",\"@id\":\"https:\/\/www.padreydecano.com\/cms\/columnas\/las-palabras-se-las-lleva-el-viento\/\",\"url\":\"https:\/\/www.padreydecano.com\/cms\/columnas\/las-palabras-se-las-lleva-el-viento\/\",\"name\":\"Las palabras, \u00bfse las lleva el viento? - Padre y Decano - El Sitio del Pueblo\",\"isPartOf\":{\"@id\":\"https:\/\/www.padreydecano.com\/cms\/#website\"},\"primaryImageOfPage\":{\"@id\":\"https:\/\/www.padreydecano.com\/cms\/columnas\/las-palabras-se-las-lleva-el-viento\/#primaryimage\"},\"image\":{\"@id\":\"https:\/\/www.padreydecano.com\/cms\/columnas\/las-palabras-se-las-lleva-el-viento\/#primaryimage\"},\"thumbnailUrl\":\"https:\/\/www.padreydecano.com\/cms\/wp-content\/uploads\/2011\/12\/29-BUENO-PE.jpg\",\"datePublished\":\"2011-12-29T14:04:04+00:00\",\"dateModified\":\"2020-09-03T23:38:33+00:00\",\"breadcrumb\":{\"@id\":\"https:\/\/www.padreydecano.com\/cms\/columnas\/las-palabras-se-las-lleva-el-viento\/#breadcrumb\"},\"inLanguage\":\"es\",\"potentialAction\":[{\"@type\":\"ReadAction\",\"target\":[\"https:\/\/www.padreydecano.com\/cms\/columnas\/las-palabras-se-las-lleva-el-viento\/\"]}]},{\"@type\":\"ImageObject\",\"inLanguage\":\"es\",\"@id\":\"https:\/\/www.padreydecano.com\/cms\/columnas\/las-palabras-se-las-lleva-el-viento\/#primaryimage\",\"url\":\"https:\/\/www.padreydecano.com\/cms\/wp-content\/uploads\/2011\/12\/29-BUENO-PE.jpg\",\"contentUrl\":\"https:\/\/www.padreydecano.com\/cms\/wp-content\/uploads\/2011\/12\/29-BUENO-PE.jpg\",\"width\":\"320\",\"height\":\"252\",\"caption\":\"Foto de Archivo: \u00daltimas Noticias\"},{\"@type\":\"BreadcrumbList\",\"@id\":\"https:\/\/www.padreydecano.com\/cms\/columnas\/las-palabras-se-las-lleva-el-viento\/#breadcrumb\",\"itemListElement\":[{\"@type\":\"ListItem\",\"position\":1,\"name\":\"Portada\",\"item\":\"https:\/\/www.padreydecano.com\/cms\/\"},{\"@type\":\"ListItem\",\"position\":2,\"name\":\"Las palabras, \u00bfse las lleva el viento?\"}]},{\"@type\":\"WebSite\",\"@id\":\"https:\/\/www.padreydecano.com\/cms\/#website\",\"url\":\"https:\/\/www.padreydecano.com\/cms\/\",\"name\":\"Padre y Decano - El Sitio del Pueblo\",\"description\":\"Club Atl\u00e9tico Pe\u00f1arol\",\"publisher\":{\"@id\":\"https:\/\/www.padreydecano.com\/cms\/#organization\"},\"potentialAction\":[{\"@type\":\"SearchAction\",\"target\":{\"@type\":\"EntryPoint\",\"urlTemplate\":\"https:\/\/www.padreydecano.com\/cms\/?s={search_term_string}\"},\"query-input\":\"required name=search_term_string\"}],\"inLanguage\":\"es\"},{\"@type\":\"Organization\",\"@id\":\"https:\/\/www.padreydecano.com\/cms\/#organization\",\"name\":\"Padre y Decano\",\"url\":\"https:\/\/www.padreydecano.com\/cms\/\",\"logo\":{\"@type\":\"ImageObject\",\"inLanguage\":\"es\",\"@id\":\"https:\/\/www.padreydecano.com\/cms\/#\/schema\/logo\/image\/\",\"url\":\"https:\/\/www.padreydecano.com\/cms\/wp-content\/uploads\/2022\/01\/avatar-square.png\",\"contentUrl\":\"https:\/\/www.padreydecano.com\/cms\/wp-content\/uploads\/2022\/01\/avatar-square.png\",\"width\":1500,\"height\":1500,\"caption\":\"Padre y Decano\"},\"image\":{\"@id\":\"https:\/\/www.padreydecano.com\/cms\/#\/schema\/logo\/image\/\"}},{\"@type\":\"Person\",\"@id\":\"https:\/\/www.padreydecano.com\/cms\/#\/schema\/person\/5607c72c38a1537a151b24d1e67535e0\",\"name\":\"1891\",\"image\":{\"@type\":\"ImageObject\",\"inLanguage\":\"es\",\"@id\":\"https:\/\/www.padreydecano.com\/cms\/#\/schema\/person\/image\/\",\"url\":\"https:\/\/secure.gravatar.com\/avatar\/29d4d1b0d523a21898e8cf9585d259d3?s=96&d=https%3A%2F%2Fpadreydecano.com%2Fcms%2Fwp-content%2Fthemes%2Fpyd-theme%2Fimg%2Fdefault-avatar.png&r=g\",\"contentUrl\":\"https:\/\/secure.gravatar.com\/avatar\/29d4d1b0d523a21898e8cf9585d259d3?s=96&d=https%3A%2F%2Fpadreydecano.com%2Fcms%2Fwp-content%2Fthemes%2Fpyd-theme%2Fimg%2Fdefault-avatar.png&r=g\",\"caption\":\"1891\"}}]}<\/script>\n<!-- \/ Yoast SEO plugin. -->","yoast_head_json":{"title":"Las palabras, \u00bfse las lleva el viento? - Padre y Decano - El Sitio del Pueblo","robots":{"index":"index","follow":"follow","max-snippet":"max-snippet:-1","max-image-preview":"max-image-preview:large","max-video-preview":"max-video-preview:-1"},"canonical":"https:\/\/www.padreydecano.com\/cms\/columnas\/las-palabras-se-las-lleva-el-viento\/","og_locale":"es_ES","og_type":"article","og_title":"Las palabras, \u00bfse las lleva el viento? - Padre y Decano - El Sitio del Pueblo","og_description":"Muchas veces decimos que las palabras se las lleva el viento pero hay casos en que las palabras quedan grabadas a fuego. Por eso te dejamos un resumen de algunas frases y acciones de este jugador formado en nuestra casa, para que saques tus propias conclusiones y nos ayudes a contestar si las palabras se [&hellip;]","og_url":"https:\/\/www.padreydecano.com\/cms\/columnas\/las-palabras-se-las-lleva-el-viento\/","og_site_name":"Padre y Decano - El Sitio del Pueblo","article_published_time":"2011-12-29T14:04:04+00:00","article_modified_time":"2020-09-03T23:38:33+00:00","og_image":[{"width":320,"height":252,"url":"https:\/\/www.padreydecano.com\/cms\/wp-content\/uploads\/2011\/12\/29-BUENO-PE.jpg","type":"image\/jpeg"}],"author":"1891","twitter_card":"summary_large_image","twitter_misc":{"Escrito por":"1891","Tiempo de lectura":"6 minutos"},"schema":{"@context":"https:\/\/schema.org","@graph":[{"@type":"Article","@id":"https:\/\/www.padreydecano.com\/cms\/columnas\/las-palabras-se-las-lleva-el-viento\/#article","isPartOf":{"@id":"https:\/\/www.padreydecano.com\/cms\/columnas\/las-palabras-se-las-lleva-el-viento\/"},"author":{"name":"1891","@id":"https:\/\/www.padreydecano.com\/cms\/#\/schema\/person\/5607c72c38a1537a151b24d1e67535e0"},"headline":"Las palabras, \u00bfse las lleva el viento?","datePublished":"2011-12-29T14:04:04+00:00","dateModified":"2020-09-03T23:38:33+00:00","mainEntityOfPage":{"@id":"https:\/\/www.padreydecano.com\/cms\/columnas\/las-palabras-se-las-lleva-el-viento\/"},"wordCount":1265,"commentCount":91,"publisher":{"@id":"https:\/\/www.padreydecano.com\/cms\/#organization"},"image":{"@id":"https:\/\/www.padreydecano.com\/cms\/columnas\/las-palabras-se-las-lleva-el-viento\/#primaryimage"},"thumbnailUrl":"https:\/\/www.padreydecano.com\/cms\/wp-content\/uploads\/2011\/12\/29-BUENO-PE.jpg","keywords":["Dr. CURCC"],"articleSection":["Columnas"],"inLanguage":"es","potentialAction":[{"@type":"CommentAction","name":"Comment","target":["https:\/\/www.padreydecano.com\/cms\/columnas\/las-palabras-se-las-lleva-el-viento\/#respond"]}]},{"@type":"WebPage","@id":"https:\/\/www.padreydecano.com\/cms\/columnas\/las-palabras-se-las-lleva-el-viento\/","url":"https:\/\/www.padreydecano.com\/cms\/columnas\/las-palabras-se-las-lleva-el-viento\/","name":"Las palabras, \u00bfse las lleva el viento? - Padre y Decano - El Sitio del Pueblo","isPartOf":{"@id":"https:\/\/www.padreydecano.com\/cms\/#website"},"primaryImageOfPage":{"@id":"https:\/\/www.padreydecano.com\/cms\/columnas\/las-palabras-se-las-lleva-el-viento\/#primaryimage"},"image":{"@id":"https:\/\/www.padreydecano.com\/cms\/columnas\/las-palabras-se-las-lleva-el-viento\/#primaryimage"},"thumbnailUrl":"https:\/\/www.padreydecano.com\/cms\/wp-content\/uploads\/2011\/12\/29-BUENO-PE.jpg","datePublished":"2011-12-29T14:04:04+00:00","dateModified":"2020-09-03T23:38:33+00:00","breadcrumb":{"@id":"https:\/\/www.padreydecano.com\/cms\/columnas\/las-palabras-se-las-lleva-el-viento\/#breadcrumb"},"inLanguage":"es","potentialAction":[{"@type":"ReadAction","target":["https:\/\/www.padreydecano.com\/cms\/columnas\/las-palabras-se-las-lleva-el-viento\/"]}]},{"@type":"ImageObject","inLanguage":"es","@id":"https:\/\/www.padreydecano.com\/cms\/columnas\/las-palabras-se-las-lleva-el-viento\/#primaryimage","url":"https:\/\/www.padreydecano.com\/cms\/wp-content\/uploads\/2011\/12\/29-BUENO-PE.jpg","contentUrl":"https:\/\/www.padreydecano.com\/cms\/wp-content\/uploads\/2011\/12\/29-BUENO-PE.jpg","width":"320","height":"252","caption":"Foto de Archivo: \u00daltimas Noticias"},{"@type":"BreadcrumbList","@id":"https:\/\/www.padreydecano.com\/cms\/columnas\/las-palabras-se-las-lleva-el-viento\/#breadcrumb","itemListElement":[{"@type":"ListItem","position":1,"name":"Portada","item":"https:\/\/www.padreydecano.com\/cms\/"},{"@type":"ListItem","position":2,"name":"Las palabras, \u00bfse las lleva el viento?"}]},{"@type":"WebSite","@id":"https:\/\/www.padreydecano.com\/cms\/#website","url":"https:\/\/www.padreydecano.com\/cms\/","name":"Padre y Decano - El Sitio del Pueblo","description":"Club Atl\u00e9tico Pe\u00f1arol","publisher":{"@id":"https:\/\/www.padreydecano.com\/cms\/#organization"},"potentialAction":[{"@type":"SearchAction","target":{"@type":"EntryPoint","urlTemplate":"https:\/\/www.padreydecano.com\/cms\/?s={search_term_string}"},"query-input":"required name=search_term_string"}],"inLanguage":"es"},{"@type":"Organization","@id":"https:\/\/www.padreydecano.com\/cms\/#organization","name":"Padre y Decano","url":"https:\/\/www.padreydecano.com\/cms\/","logo":{"@type":"ImageObject","inLanguage":"es","@id":"https:\/\/www.padreydecano.com\/cms\/#\/schema\/logo\/image\/","url":"https:\/\/www.padreydecano.com\/cms\/wp-content\/uploads\/2022\/01\/avatar-square.png","contentUrl":"https:\/\/www.padreydecano.com\/cms\/wp-content\/uploads\/2022\/01\/avatar-square.png","width":1500,"height":1500,"caption":"Padre y Decano"},"image":{"@id":"https:\/\/www.padreydecano.com\/cms\/#\/schema\/logo\/image\/"}},{"@type":"Person","@id":"https:\/\/www.padreydecano.com\/cms\/#\/schema\/person\/5607c72c38a1537a151b24d1e67535e0","name":"1891","image":{"@type":"ImageObject","inLanguage":"es","@id":"https:\/\/www.padreydecano.com\/cms\/#\/schema\/person\/image\/","url":"https:\/\/secure.gravatar.com\/avatar\/29d4d1b0d523a21898e8cf9585d259d3?s=96&d=https%3A%2F%2Fpadreydecano.com%2Fcms%2Fwp-content%2Fthemes%2Fpyd-theme%2Fimg%2Fdefault-avatar.png&r=g","contentUrl":"https:\/\/secure.gravatar.com\/avatar\/29d4d1b0d523a21898e8cf9585d259d3?s=96&d=https%3A%2F%2Fpadreydecano.com%2Fcms%2Fwp-content%2Fthemes%2Fpyd-theme%2Fimg%2Fdefault-avatar.png&r=g","caption":"1891"}}]}},"_links":{"self":[{"href":"https:\/\/www.padreydecano.com\/cms\/wp-json\/wp\/v2\/posts\/11888"}],"collection":[{"href":"https:\/\/www.padreydecano.com\/cms\/wp-json\/wp\/v2\/posts"}],"about":[{"href":"https:\/\/www.padreydecano.com\/cms\/wp-json\/wp\/v2\/types\/post"}],"author":[{"embeddable":true,"href":"https:\/\/www.padreydecano.com\/cms\/wp-json\/wp\/v2\/users\/3"}],"replies":[{"embeddable":true,"href":"https:\/\/www.padreydecano.com\/cms\/wp-json\/wp\/v2\/comments?post=11888"}],"version-history":[{"count":0,"href":"https:\/\/www.padreydecano.com\/cms\/wp-json\/wp\/v2\/posts\/11888\/revisions"}],"wp:featuredmedia":[{"embeddable":true,"href":"https:\/\/www.padreydecano.com\/cms\/wp-json\/wp\/v2\/media\/11934"}],"wp:attachment":[{"href":"https:\/\/www.padreydecano.com\/cms\/wp-json\/wp\/v2\/media?parent=11888"}],"wp:term":[{"taxonomy":"category","embeddable":true,"href":"https:\/\/www.padreydecano.com\/cms\/wp-json\/wp\/v2\/categories?post=11888"},{"taxonomy":"post_tag","embeddable":true,"href":"https:\/\/www.padreydecano.com\/cms\/wp-json\/wp\/v2\/tags?post=11888"}],"curies":[{"name":"wp","href":"https:\/\/api.w.org\/{rel}","templated":true}]}}