{"id":11874,"date":"2011-12-28T16:00:13","date_gmt":"2011-12-28T18:00:13","guid":{"rendered":"http:\/\/www.padreydecano.com\/cms\/?p=11874"},"modified":"2011-12-28T17:03:26","modified_gmt":"2011-12-28T19:03:26","slug":"por-la-plata-baila-el-mono","status":"publish","type":"post","link":"https:\/\/www.padreydecano.com\/cms\/columnas\/por-la-plata-baila-el-mono\/","title":{"rendered":"Por la plata baila el mono"},"content":{"rendered":"<p style=\"text-align: justify;\"><img loading=\"lazy\" decoding=\"async\" class=\"alignleft  wp-image-11877\" src=\"https:\/\/www.padreydecano.com\/cms\/wp-content\/uploads\/2011\/12\/mono-sordera-300x225.jpg\" alt=\"\" width=\"210\" height=\"158\" srcset=\"https:\/\/www.padreydecano.com\/cms\/wp-content\/uploads\/2011\/12\/mono-sordera-300x225.jpg 300w, https:\/\/www.padreydecano.com\/cms\/wp-content\/uploads\/2011\/12\/mono-sordera.jpg 1024w\" sizes=\"(max-width: 210px) 100vw, 210px\" \/>Esta frase la escucho desde ni\u00f1o y seguramente fue pronunciada por primera vez hace much\u00edsimos a\u00f1os. Siempre digo que las frases hechas esconden en su sencillez la sabidur\u00eda que hace que perduren en el tiempo.<\/p>\n<p style=\"text-align: justify;\">Mas all\u00e1 de lo metaf\u00f3rico y pintoresco de esta frase, si nos detenemos un segundo y profundizamos en ella, podemos encontrarnos con los actos m\u00e1s descalificadores y siniestros en los que una persona puede incurrir.<\/p>\n<p style=\"text-align: justify;\">Por plata se miente, se roba, se mata, se vende y se compra cualquier cosa. Por plata se traiciona a un amigo, a un hermano y hasta a uno mismo.<\/p>\n<p style=\"text-align: justify;\">En \u00e9ste mundo capitalista en el cual vivimos, pareciera no haber lugar para la sinceridad, la honestidad, la fidelidad ni el respeto, ya sea para el pr\u00f3jimo como para los ideales propios.<\/p>\n<p style=\"text-align: justify;\">Muchas veces se busca justificar una conducta descalificadora, exponiendo una supuesta\u00a0 necesidad econ\u00f3mica y as\u00ed conseguir la aprobaci\u00f3n de los dem\u00e1s.<\/p>\n<p style=\"text-align: justify;\">Algunos futbolistas, por suerte no todos, dejan de lado muchos de los valores antes mencionados y por ambici\u00f3n, revanchismo, ego, o quien sabe qu\u00e9 cosa, defraudan y traicionan a quienes le dieron todo para que lograran ser alguien en la vida.<\/p>\n<p style=\"text-align: justify;\">En ocasiones, para lastimar alcanzan las palabras y no s\u00f3lo los hechos consumados hieren. Los seres humanos se destacan del resto de los seres vivos por tener el don del raciocinio y la capacidad de aplicar el sentido com\u00fan, de poder decidir qu\u00e9 actitud los dignifica y con ella gratificar al otro y cu\u00e1l los \u00a0disminuye a la m\u00e1s m\u00ednima expresi\u00f3n humana.<\/p>\n<p style=\"text-align: justify;\">Cuando alguien no razona una situaci\u00f3n ni escucha al coraz\u00f3n y act\u00faa en consecuencia de una supuesta necesidad material, a esa persona se la puede considerar como un simple mono que por la plata ha de bailar\u2026<\/p>\n<p style=\"text-align: justify;\"><img loading=\"lazy\" decoding=\"async\" class=\"alignright size-full wp-image-11876\" title=\"\" src=\"https:\/\/www.padreydecano.com\/cms\/wp-content\/uploads\/2011\/12\/carlosbueno.jpg\" alt=\"\" width=\"149\" height=\"188\" \/>\u2026 CARLOS BUENO DESPEJ\u00d3 LAS DUDAS Y FUE CONTUNDENTE<\/p>\n<p style=\"text-align: justify;\">\u201cJugar\u00eda en Nacional\u00bb<strong><\/strong><\/p>\n<p style=\"text-align: justify;\"><strong>\u201cSoy profesional y esto es por plata\u201d.\u00a0 <\/strong><strong><\/strong><\/p>\n<p style=\"text-align: justify;\">\u00abSi lo hizo mi \u00eddolo el \u2018Lucho\u2019 Romero, \u00bfno lo voy a hacer yo?\u00bb<\/p>\n<p style=\"text-align: justify;\">\u201cS\u00e9 que si llegara a arreglar hago tres o cuatro goles y la hinchada de Nacional me va a querer y la de Pe\u00f1arol me va a putear\u00bb. \u00a0\u00a0<strong><\/strong><\/p>\n<p style=\"text-align: justify;\">\u00abYo duermo tranquilo. Y reitero, no s\u00e9 si ir\u00eda a jugar a Nacional, es un tema que est\u00e1 manejando mi representante, pero s\u00e9 que si lo hiciera la gente me va a adorar\u00bb.<\/p>\n<p style=\"text-align: justify;\">\u00abPorque as\u00ed soy\u00bb<\/p>\n<p>Frases sacadas del diario <a href=\"ww.ultimasnoticias.com.uy\/Edicion-UN\/articulos\/prints-2011dic27\/dep01.html\" target=\"_blank\">Ultimas Noticias del martes 27 de diciembre de 2011.<\/a><\/p>\n<p><a href=\"https:\/\/www.padreydecano.com\/cms\/tag\/ulises-laurito\/\"><img decoding=\"async\" class=\"alignright foto-sin-formato\" src=\"https:\/\/www.padreydecano.com\/cms\/wp-users-files\/autor-columna\/ulises.jpg\" alt=\"\" \/><\/a><\/p>\n","protected":false},"excerpt":{"rendered":"<p>Esta frase la escucho desde ni\u00f1o y seguramente fue pronunciada por primera vez hace much\u00edsimos a\u00f1os. Siempre digo que las frases hechas esconden en su sencillez la sabidur\u00eda que hace que perduren en el tiempo. Mas all\u00e1 de lo metaf\u00f3rico y pintoresco de esta frase, si nos detenemos un segundo y profundizamos en ella, podemos [&hellip;]<\/p>\n","protected":false},"author":13,"featured_media":11877,"comment_status":"open","ping_status":"closed","sticky":false,"template":"","format":"standard","meta":{"footnotes":""},"categories":[28],"tags":[45],"yoast_head":"<!-- This site is optimized with the Yoast SEO plugin v23.2 - https:\/\/yoast.com\/wordpress\/plugins\/seo\/ -->\n<title>Por la plata baila el mono - Padre y Decano - El Sitio del Pueblo<\/title>\n<meta name=\"robots\" content=\"index, follow, max-snippet:-1, max-image-preview:large, max-video-preview:-1\" \/>\n<link rel=\"canonical\" href=\"https:\/\/www.padreydecano.com\/cms\/columnas\/por-la-plata-baila-el-mono\/\" \/>\n<meta property=\"og:locale\" content=\"es_ES\" \/>\n<meta property=\"og:type\" content=\"article\" \/>\n<meta property=\"og:title\" content=\"Por la plata baila el mono - Padre y Decano - El Sitio del Pueblo\" \/>\n<meta property=\"og:description\" content=\"Esta frase la escucho desde ni\u00f1o y seguramente fue pronunciada por primera vez hace much\u00edsimos a\u00f1os. Siempre digo que las frases hechas esconden en su sencillez la sabidur\u00eda que hace que perduren en el tiempo. Mas all\u00e1 de lo metaf\u00f3rico y pintoresco de esta frase, si nos detenemos un segundo y profundizamos en ella, podemos [&hellip;]\" \/>\n<meta property=\"og:url\" content=\"https:\/\/www.padreydecano.com\/cms\/columnas\/por-la-plata-baila-el-mono\/\" \/>\n<meta property=\"og:site_name\" content=\"Padre y Decano - El Sitio del Pueblo\" \/>\n<meta property=\"article:published_time\" content=\"2011-12-28T18:00:13+00:00\" \/>\n<meta property=\"article:modified_time\" content=\"2011-12-28T19:03:26+00:00\" \/>\n<meta property=\"og:image\" content=\"https:\/\/www.padreydecano.com\/cms\/wp-content\/uploads\/2011\/12\/mono-sordera.jpg\" \/>\n\t<meta property=\"og:image:width\" content=\"1024\" \/>\n\t<meta property=\"og:image:height\" content=\"768\" \/>\n\t<meta property=\"og:image:type\" content=\"image\/jpeg\" \/>\n<meta name=\"author\" content=\"Moderador\" \/>\n<meta name=\"twitter:card\" content=\"summary_large_image\" \/>\n<meta name=\"twitter:label1\" content=\"Escrito por\" \/>\n\t<meta name=\"twitter:data1\" content=\"Moderador\" \/>\n\t<meta name=\"twitter:label2\" content=\"Tiempo de lectura\" \/>\n\t<meta name=\"twitter:data2\" content=\"2 minutos\" \/>\n<script type=\"application\/ld+json\" class=\"yoast-schema-graph\">{\"@context\":\"https:\/\/schema.org\",\"@graph\":[{\"@type\":\"Article\",\"@id\":\"https:\/\/www.padreydecano.com\/cms\/columnas\/por-la-plata-baila-el-mono\/#article\",\"isPartOf\":{\"@id\":\"https:\/\/www.padreydecano.com\/cms\/columnas\/por-la-plata-baila-el-mono\/\"},\"author\":{\"name\":\"Moderador\",\"@id\":\"https:\/\/www.padreydecano.com\/cms\/#\/schema\/person\/d93e9e537230ae052c194251d9a1def2\"},\"headline\":\"Por la plata baila el mono\",\"datePublished\":\"2011-12-28T18:00:13+00:00\",\"dateModified\":\"2011-12-28T19:03:26+00:00\",\"mainEntityOfPage\":{\"@id\":\"https:\/\/www.padreydecano.com\/cms\/columnas\/por-la-plata-baila-el-mono\/\"},\"wordCount\":429,\"commentCount\":55,\"publisher\":{\"@id\":\"https:\/\/www.padreydecano.com\/cms\/#organization\"},\"image\":{\"@id\":\"https:\/\/www.padreydecano.com\/cms\/columnas\/por-la-plata-baila-el-mono\/#primaryimage\"},\"thumbnailUrl\":\"https:\/\/www.padreydecano.com\/cms\/wp-content\/uploads\/2011\/12\/mono-sordera.jpg\",\"keywords\":[\"Ulises Laurito\"],\"articleSection\":[\"Columnas\"],\"inLanguage\":\"es\",\"potentialAction\":[{\"@type\":\"CommentAction\",\"name\":\"Comment\",\"target\":[\"https:\/\/www.padreydecano.com\/cms\/columnas\/por-la-plata-baila-el-mono\/#respond\"]}]},{\"@type\":\"WebPage\",\"@id\":\"https:\/\/www.padreydecano.com\/cms\/columnas\/por-la-plata-baila-el-mono\/\",\"url\":\"https:\/\/www.padreydecano.com\/cms\/columnas\/por-la-plata-baila-el-mono\/\",\"name\":\"Por la plata baila el mono - Padre y Decano - El Sitio del Pueblo\",\"isPartOf\":{\"@id\":\"https:\/\/www.padreydecano.com\/cms\/#website\"},\"primaryImageOfPage\":{\"@id\":\"https:\/\/www.padreydecano.com\/cms\/columnas\/por-la-plata-baila-el-mono\/#primaryimage\"},\"image\":{\"@id\":\"https:\/\/www.padreydecano.com\/cms\/columnas\/por-la-plata-baila-el-mono\/#primaryimage\"},\"thumbnailUrl\":\"https:\/\/www.padreydecano.com\/cms\/wp-content\/uploads\/2011\/12\/mono-sordera.jpg\",\"datePublished\":\"2011-12-28T18:00:13+00:00\",\"dateModified\":\"2011-12-28T19:03:26+00:00\",\"breadcrumb\":{\"@id\":\"https:\/\/www.padreydecano.com\/cms\/columnas\/por-la-plata-baila-el-mono\/#breadcrumb\"},\"inLanguage\":\"es\",\"potentialAction\":[{\"@type\":\"ReadAction\",\"target\":[\"https:\/\/www.padreydecano.com\/cms\/columnas\/por-la-plata-baila-el-mono\/\"]}]},{\"@type\":\"ImageObject\",\"inLanguage\":\"es\",\"@id\":\"https:\/\/www.padreydecano.com\/cms\/columnas\/por-la-plata-baila-el-mono\/#primaryimage\",\"url\":\"https:\/\/www.padreydecano.com\/cms\/wp-content\/uploads\/2011\/12\/mono-sordera.jpg\",\"contentUrl\":\"https:\/\/www.padreydecano.com\/cms\/wp-content\/uploads\/2011\/12\/mono-sordera.jpg\",\"width\":\"1024\",\"height\":\"768\"},{\"@type\":\"BreadcrumbList\",\"@id\":\"https:\/\/www.padreydecano.com\/cms\/columnas\/por-la-plata-baila-el-mono\/#breadcrumb\",\"itemListElement\":[{\"@type\":\"ListItem\",\"position\":1,\"name\":\"Portada\",\"item\":\"https:\/\/www.padreydecano.com\/cms\/\"},{\"@type\":\"ListItem\",\"position\":2,\"name\":\"Por la plata baila el mono\"}]},{\"@type\":\"WebSite\",\"@id\":\"https:\/\/www.padreydecano.com\/cms\/#website\",\"url\":\"https:\/\/www.padreydecano.com\/cms\/\",\"name\":\"Padre y Decano - El Sitio del Pueblo\",\"description\":\"Club Atl\u00e9tico Pe\u00f1arol\",\"publisher\":{\"@id\":\"https:\/\/www.padreydecano.com\/cms\/#organization\"},\"potentialAction\":[{\"@type\":\"SearchAction\",\"target\":{\"@type\":\"EntryPoint\",\"urlTemplate\":\"https:\/\/www.padreydecano.com\/cms\/?s={search_term_string}\"},\"query-input\":\"required name=search_term_string\"}],\"inLanguage\":\"es\"},{\"@type\":\"Organization\",\"@id\":\"https:\/\/www.padreydecano.com\/cms\/#organization\",\"name\":\"Padre y Decano\",\"url\":\"https:\/\/www.padreydecano.com\/cms\/\",\"logo\":{\"@type\":\"ImageObject\",\"inLanguage\":\"es\",\"@id\":\"https:\/\/www.padreydecano.com\/cms\/#\/schema\/logo\/image\/\",\"url\":\"https:\/\/www.padreydecano.com\/cms\/wp-content\/uploads\/2022\/01\/avatar-square.png\",\"contentUrl\":\"https:\/\/www.padreydecano.com\/cms\/wp-content\/uploads\/2022\/01\/avatar-square.png\",\"width\":1500,\"height\":1500,\"caption\":\"Padre y Decano\"},\"image\":{\"@id\":\"https:\/\/www.padreydecano.com\/cms\/#\/schema\/logo\/image\/\"}},{\"@type\":\"Person\",\"@id\":\"https:\/\/www.padreydecano.com\/cms\/#\/schema\/person\/d93e9e537230ae052c194251d9a1def2\",\"name\":\"Moderador\",\"image\":{\"@type\":\"ImageObject\",\"inLanguage\":\"es\",\"@id\":\"https:\/\/www.padreydecano.com\/cms\/#\/schema\/person\/image\/\",\"url\":\"https:\/\/secure.gravatar.com\/avatar\/2587727bf8a53bd3da4ec49f01bea66e?s=96&d=https%3A%2F%2Fpadreydecano.com%2Fcms%2Fwp-content%2Fthemes%2Fpyd-theme%2Fimg%2Fdefault-avatar.png&r=g\",\"contentUrl\":\"https:\/\/secure.gravatar.com\/avatar\/2587727bf8a53bd3da4ec49f01bea66e?s=96&d=https%3A%2F%2Fpadreydecano.com%2Fcms%2Fwp-content%2Fthemes%2Fpyd-theme%2Fimg%2Fdefault-avatar.png&r=g\",\"caption\":\"Moderador\"}}]}<\/script>\n<!-- \/ Yoast SEO plugin. -->","yoast_head_json":{"title":"Por la plata baila el mono - Padre y Decano - El Sitio del Pueblo","robots":{"index":"index","follow":"follow","max-snippet":"max-snippet:-1","max-image-preview":"max-image-preview:large","max-video-preview":"max-video-preview:-1"},"canonical":"https:\/\/www.padreydecano.com\/cms\/columnas\/por-la-plata-baila-el-mono\/","og_locale":"es_ES","og_type":"article","og_title":"Por la plata baila el mono - Padre y Decano - El Sitio del Pueblo","og_description":"Esta frase la escucho desde ni\u00f1o y seguramente fue pronunciada por primera vez hace much\u00edsimos a\u00f1os. Siempre digo que las frases hechas esconden en su sencillez la sabidur\u00eda que hace que perduren en el tiempo. Mas all\u00e1 de lo metaf\u00f3rico y pintoresco de esta frase, si nos detenemos un segundo y profundizamos en ella, podemos [&hellip;]","og_url":"https:\/\/www.padreydecano.com\/cms\/columnas\/por-la-plata-baila-el-mono\/","og_site_name":"Padre y Decano - El Sitio del Pueblo","article_published_time":"2011-12-28T18:00:13+00:00","article_modified_time":"2011-12-28T19:03:26+00:00","og_image":[{"width":1024,"height":768,"url":"https:\/\/www.padreydecano.com\/cms\/wp-content\/uploads\/2011\/12\/mono-sordera.jpg","type":"image\/jpeg"}],"author":"Moderador","twitter_card":"summary_large_image","twitter_misc":{"Escrito por":"Moderador","Tiempo de lectura":"2 minutos"},"schema":{"@context":"https:\/\/schema.org","@graph":[{"@type":"Article","@id":"https:\/\/www.padreydecano.com\/cms\/columnas\/por-la-plata-baila-el-mono\/#article","isPartOf":{"@id":"https:\/\/www.padreydecano.com\/cms\/columnas\/por-la-plata-baila-el-mono\/"},"author":{"name":"Moderador","@id":"https:\/\/www.padreydecano.com\/cms\/#\/schema\/person\/d93e9e537230ae052c194251d9a1def2"},"headline":"Por la plata baila el mono","datePublished":"2011-12-28T18:00:13+00:00","dateModified":"2011-12-28T19:03:26+00:00","mainEntityOfPage":{"@id":"https:\/\/www.padreydecano.com\/cms\/columnas\/por-la-plata-baila-el-mono\/"},"wordCount":429,"commentCount":55,"publisher":{"@id":"https:\/\/www.padreydecano.com\/cms\/#organization"},"image":{"@id":"https:\/\/www.padreydecano.com\/cms\/columnas\/por-la-plata-baila-el-mono\/#primaryimage"},"thumbnailUrl":"https:\/\/www.padreydecano.com\/cms\/wp-content\/uploads\/2011\/12\/mono-sordera.jpg","keywords":["Ulises Laurito"],"articleSection":["Columnas"],"inLanguage":"es","potentialAction":[{"@type":"CommentAction","name":"Comment","target":["https:\/\/www.padreydecano.com\/cms\/columnas\/por-la-plata-baila-el-mono\/#respond"]}]},{"@type":"WebPage","@id":"https:\/\/www.padreydecano.com\/cms\/columnas\/por-la-plata-baila-el-mono\/","url":"https:\/\/www.padreydecano.com\/cms\/columnas\/por-la-plata-baila-el-mono\/","name":"Por la plata baila el mono - Padre y Decano - El Sitio del Pueblo","isPartOf":{"@id":"https:\/\/www.padreydecano.com\/cms\/#website"},"primaryImageOfPage":{"@id":"https:\/\/www.padreydecano.com\/cms\/columnas\/por-la-plata-baila-el-mono\/#primaryimage"},"image":{"@id":"https:\/\/www.padreydecano.com\/cms\/columnas\/por-la-plata-baila-el-mono\/#primaryimage"},"thumbnailUrl":"https:\/\/www.padreydecano.com\/cms\/wp-content\/uploads\/2011\/12\/mono-sordera.jpg","datePublished":"2011-12-28T18:00:13+00:00","dateModified":"2011-12-28T19:03:26+00:00","breadcrumb":{"@id":"https:\/\/www.padreydecano.com\/cms\/columnas\/por-la-plata-baila-el-mono\/#breadcrumb"},"inLanguage":"es","potentialAction":[{"@type":"ReadAction","target":["https:\/\/www.padreydecano.com\/cms\/columnas\/por-la-plata-baila-el-mono\/"]}]},{"@type":"ImageObject","inLanguage":"es","@id":"https:\/\/www.padreydecano.com\/cms\/columnas\/por-la-plata-baila-el-mono\/#primaryimage","url":"https:\/\/www.padreydecano.com\/cms\/wp-content\/uploads\/2011\/12\/mono-sordera.jpg","contentUrl":"https:\/\/www.padreydecano.com\/cms\/wp-content\/uploads\/2011\/12\/mono-sordera.jpg","width":"1024","height":"768"},{"@type":"BreadcrumbList","@id":"https:\/\/www.padreydecano.com\/cms\/columnas\/por-la-plata-baila-el-mono\/#breadcrumb","itemListElement":[{"@type":"ListItem","position":1,"name":"Portada","item":"https:\/\/www.padreydecano.com\/cms\/"},{"@type":"ListItem","position":2,"name":"Por la plata baila el mono"}]},{"@type":"WebSite","@id":"https:\/\/www.padreydecano.com\/cms\/#website","url":"https:\/\/www.padreydecano.com\/cms\/","name":"Padre y Decano - El Sitio del Pueblo","description":"Club Atl\u00e9tico Pe\u00f1arol","publisher":{"@id":"https:\/\/www.padreydecano.com\/cms\/#organization"},"potentialAction":[{"@type":"SearchAction","target":{"@type":"EntryPoint","urlTemplate":"https:\/\/www.padreydecano.com\/cms\/?s={search_term_string}"},"query-input":"required name=search_term_string"}],"inLanguage":"es"},{"@type":"Organization","@id":"https:\/\/www.padreydecano.com\/cms\/#organization","name":"Padre y Decano","url":"https:\/\/www.padreydecano.com\/cms\/","logo":{"@type":"ImageObject","inLanguage":"es","@id":"https:\/\/www.padreydecano.com\/cms\/#\/schema\/logo\/image\/","url":"https:\/\/www.padreydecano.com\/cms\/wp-content\/uploads\/2022\/01\/avatar-square.png","contentUrl":"https:\/\/www.padreydecano.com\/cms\/wp-content\/uploads\/2022\/01\/avatar-square.png","width":1500,"height":1500,"caption":"Padre y Decano"},"image":{"@id":"https:\/\/www.padreydecano.com\/cms\/#\/schema\/logo\/image\/"}},{"@type":"Person","@id":"https:\/\/www.padreydecano.com\/cms\/#\/schema\/person\/d93e9e537230ae052c194251d9a1def2","name":"Moderador","image":{"@type":"ImageObject","inLanguage":"es","@id":"https:\/\/www.padreydecano.com\/cms\/#\/schema\/person\/image\/","url":"https:\/\/secure.gravatar.com\/avatar\/2587727bf8a53bd3da4ec49f01bea66e?s=96&d=https%3A%2F%2Fpadreydecano.com%2Fcms%2Fwp-content%2Fthemes%2Fpyd-theme%2Fimg%2Fdefault-avatar.png&r=g","contentUrl":"https:\/\/secure.gravatar.com\/avatar\/2587727bf8a53bd3da4ec49f01bea66e?s=96&d=https%3A%2F%2Fpadreydecano.com%2Fcms%2Fwp-content%2Fthemes%2Fpyd-theme%2Fimg%2Fdefault-avatar.png&r=g","caption":"Moderador"}}]}},"_links":{"self":[{"href":"https:\/\/www.padreydecano.com\/cms\/wp-json\/wp\/v2\/posts\/11874"}],"collection":[{"href":"https:\/\/www.padreydecano.com\/cms\/wp-json\/wp\/v2\/posts"}],"about":[{"href":"https:\/\/www.padreydecano.com\/cms\/wp-json\/wp\/v2\/types\/post"}],"author":[{"embeddable":true,"href":"https:\/\/www.padreydecano.com\/cms\/wp-json\/wp\/v2\/users\/13"}],"replies":[{"embeddable":true,"href":"https:\/\/www.padreydecano.com\/cms\/wp-json\/wp\/v2\/comments?post=11874"}],"version-history":[{"count":0,"href":"https:\/\/www.padreydecano.com\/cms\/wp-json\/wp\/v2\/posts\/11874\/revisions"}],"wp:featuredmedia":[{"embeddable":true,"href":"https:\/\/www.padreydecano.com\/cms\/wp-json\/wp\/v2\/media\/11877"}],"wp:attachment":[{"href":"https:\/\/www.padreydecano.com\/cms\/wp-json\/wp\/v2\/media?parent=11874"}],"wp:term":[{"taxonomy":"category","embeddable":true,"href":"https:\/\/www.padreydecano.com\/cms\/wp-json\/wp\/v2\/categories?post=11874"},{"taxonomy":"post_tag","embeddable":true,"href":"https:\/\/www.padreydecano.com\/cms\/wp-json\/wp\/v2\/tags?post=11874"}],"curies":[{"name":"wp","href":"https:\/\/api.w.org\/{rel}","templated":true}]}}