{"id":11772,"date":"2011-12-26T10:00:38","date_gmt":"2011-12-26T12:00:38","guid":{"rendered":"http:\/\/www.padreydecano.com\/cms\/?p=11772"},"modified":"2011-12-27T10:29:28","modified_gmt":"2011-12-27T12:29:28","slug":"manyas-la-pelicula-se-exhibira-en-chile","status":"publish","type":"post","link":"https:\/\/www.padreydecano.com\/cms\/entrevistas\/manyas-la-pelicula-se-exhibira-en-chile\/","title":{"rendered":"\u00abManyas: La Pel\u00edcula\u00bb se exhibir\u00e1 en Chile"},"content":{"rendered":"<p style=\"text-align: justify;\"><img loading=\"lazy\" decoding=\"async\" class=\"alignright size-medium wp-image-11642\" src=\"https:\/\/www.padreydecano.com\/cms\/wp-content\/uploads\/2011\/12\/Movida-Solidaria-Pe\u00f1a-Chile-2-300x225.jpg\" alt=\"\" width=\"210\" height=\"158\" srcset=\"https:\/\/www.padreydecano.com\/cms\/wp-content\/uploads\/2011\/12\/Movida-Solidaria-Pe\u00f1a-Chile-2-300x225.jpg 300w, https:\/\/www.padreydecano.com\/cms\/wp-content\/uploads\/2011\/12\/Movida-Solidaria-Pe\u00f1a-Chile-2.jpg 720w\" sizes=\"(max-width: 210px) 100vw, 210px\" \/><a title=\"Chile\" href=\"https:\/\/www.padreydecano.com\/cms\/chile\/\" target=\"_blank\">La Pe\u00f1a de Chile<\/a> y <a href=\"http:\/\/www.lauruguaya.cl\/\" target=\"_blank\">La Parrillada La Uruguaya<\/a> se unen para llevar \u00abManyas: La Pel\u00edcula\u00bb a Santiago de Chile. Ma\u00f1ana martes se estar\u00e1 exhibiendo la pel\u00edcula en el local comercial y hablamos con Juan Rodrigo Araya, hijo del due\u00f1o de la parrillada y Cristian Aldayuz, presidente de la Pe\u00f1a, quienes nos contaron acerca de esta movida.<\/p>\n<p style=\"text-align: justify;\"><strong style=\"color: #ffcc02;\">\u00bfEn qu\u00e9 consiste el evento del martes?<\/strong><\/p>\n<p style=\"text-align: justify;\"><strong>Cristian:<\/strong>\u00a0El pr\u00f3ximo martes nos juntaremos en la parrillada la Uruguaya con todos los carboneros de Chile. Despu\u00e9s de meses de espera tendremos la posibilidad de mirar la tan ansiada pel\u00edcula, esa misma que narra nuestra pasi\u00f3n por el Campe\u00f3n del Siglo, la pasi\u00f3n del hincha.<\/p>\n<p style=\"text-align: justify;\"><strong>Juan:<\/strong> El martes a eso de las 20 hrs exhibiremos la pel\u00edcula Manyas en conjunto con la Pe\u00f1a de Chile, que es el grupo de hinchas de Pe\u00f1arol organizado ac\u00e1 en Santiago. Como siempre, ese d\u00eda los mozos, al igual que para la Copa Libertadores, atender\u00e1n las mesas con la camiseta de Pe\u00f1arol puesta. Estaremos esperando a los manyas con el mejor asado uruguayo en Chile.<\/p>\n<p style=\"text-align: justify;\"><strong><span style=\"color: #ffcc02;\">\u00bfC\u00f3mo se vive Pe\u00f1arol a la distancia?<\/span><\/strong><\/p>\n<p style=\"text-align: justify;\"><strong>Cristian:<\/strong> Es una pasi\u00f3n que mantenemos independiente de la distancia que nos separa, al menos a los que estamos en el Exterior de Uruguay. Esa pasi\u00f3n que es capaz de enamorar de Pe\u00f1arol hasta personas sin haber nacido en el mismo Uruguay.<\/p>\n<p style=\"text-align: justify;\"><span style=\"color: #ffcc02;\"><strong><a href=\"https:\/\/www.padreydecano.com\/cms\/wp-content\/uploads\/2011\/12\/ParrilladaUruguaya2.jpg\" rel=\"shadowbox[sbpost-11772];player=img;\"><img loading=\"lazy\" decoding=\"async\" class=\"alignleft size-medium wp-image-11784\" src=\"https:\/\/www.padreydecano.com\/cms\/wp-content\/uploads\/2011\/12\/ParrilladaUruguaya2-300x223.jpg\" alt=\"\" width=\"180\" height=\"134\" srcset=\"https:\/\/www.padreydecano.com\/cms\/wp-content\/uploads\/2011\/12\/ParrilladaUruguaya2-300x223.jpg 300w, https:\/\/www.padreydecano.com\/cms\/wp-content\/uploads\/2011\/12\/ParrilladaUruguaya2.jpg 597w\" sizes=\"(max-width: 180px) 100vw, 180px\" \/><\/a>\u00bfQu\u00e9 significado tiene la Parilla La Uruguaya para nuestros compatriotas que viven en Chile?<\/strong><\/span><\/p>\n<p style=\"text-align: justify;\"><strong>Juan:<\/strong> El restaurante Parrilla La Uruguaya es el centro neur\u00e1lgico de toda celebraci\u00f3n uruguaya y manya en Chile. Ac\u00e1 se celebr\u00f3 todo el Mundial de Sud\u00e1frica, toda la Copa Am\u00e9rica y la Copa Libertadores. Se celebraron las victorias contra Inter, contra V\u00e9lez y nos repletamos para la Final con Santos.<\/p>\n<p style=\"text-align: justify;\"><strong>Cristian:<\/strong> Es el lugar donde muchos carboneros vibramos y nos emocionamos con aquellos partidos de la Libertadores pasada; donde saltamos, cantamos, lloramos de alegr\u00eda y sobre todo, del orgullo que significa ser hincha de Pe\u00f1arol.<\/p>\n<p style=\"text-align: justify;\"><span style=\"color: #ffcc02;\"><strong>\u00bfC\u00f3mo se vivi\u00f3 el duelo ante la U. Cat\u00f3lica?<\/strong><\/span><\/p>\n<p style=\"text-align: justify;\"><strong>Cristian:<\/strong>\u00a0Fue algo especial porque se jugaba contra un equipo chileno, personalmente contra un equipo de mi pa\u00eds. Para los dem\u00e1s contra un equipo del pa\u00eds donde viven. Eso lo hace distinto. Distinto porque habl\u00e1s m\u00e1s de lo normal de Pe\u00f1arol. Porque empez\u00e1s a contar sus historias y sus haza\u00f1as, adem\u00e1s, Pe\u00f1arol no andaba por estos lados hace un par de a\u00f1os por lo menos y como no todos tienen la posibilidad de viajar seguido es especial. Yo al menos no ve\u00eda a Pe\u00f1arol desde hace 15 a\u00f1os, desde el 96 que me vine, desde el tetra, y eso me ten\u00eda aun m\u00e1s emocionado.<\/p>\n<p style=\"text-align: justify;\"><strong>Juan:<\/strong> Contra la U. Cat\u00f3lica salimos en caravana desde la parrilla hacia el estadio San Carlos de Apoquindo, en m\u00e1s de 20 autos y 2 buses llenos de manyas, pintando de amarillo y negro todo Santiago. Todo esto porque mi padre es fan\u00e1tico y obviamente socio de Pe\u00f1arol. Mi padre, Juan Araya, tiene una gran amistad con Dar\u00edo Rodr\u00edguez.<\/p>\n<p style=\"text-align: justify;\"><span style=\"color: #ffcc02;\"><strong>\u00bfHan recibido jugadores de Pe\u00f1arol?<\/strong><\/span><\/p>\n<p style=\"text-align: justify;\"><strong>Juan:<\/strong> En la Parrilla La uruguaya han venido a comer varias personalidades ligadas a Pe\u00f1arol como Diego Aguirre, Pablo Bengoechea, el Vasco Aguirregaray, el Maestro Tab\u00e1rez, El\u00edas Figueroa Juan Castillo, Luis Aguiar, Juan Manuel Olivera, Mat\u00edas Mier, Dar\u00edo Flores y el Nacho Iturralde, entre otros.<\/p>\n<p style=\"text-align: justify;\"><strong><span style=\"color: #ffcc02;\">Si pasamos de fase, los comprometemos a organizar algo para cuando vayamos a Santiago a ver el partido contra la U. de Chile<\/span><\/strong><\/p>\n<p style=\"text-align: justify;\"><strong>Juan:<\/strong> Dale, si pasamos a Caracas, nos vamos desde ac\u00e1 al estadio. Estamos a 5 cuadras. \u00a1Pe\u00f1arol Pe\u00f1arol!<\/p>\n<p style=\"text-align: justify;\"><strong>Cristian:<\/strong>\u00a0La verdad que no hemos pensado en el viaje de Pe\u00f1arol a Chile. Lo que s\u00ed hemos hablado de organizarnos para ir a Mendoza con algunos de la banda. Al menos creemos que para esta copa como Pe\u00f1a estamos m\u00e1s unidos con la gente y eso podr\u00e1 hacer que vayamos m\u00e1s de los que fueron para la pasada.<\/p>\n<p style=\"text-align: center;\"><a href=\"https:\/\/www.padreydecano.com\/cms\/wp-content\/uploads\/2011\/12\/afiche_chile.jpg\" rel=\"shadowbox[sbpost-11772];player=img;\"><img loading=\"lazy\" decoding=\"async\" class=\"aligncenter size-medium wp-image-11800\" src=\"https:\/\/www.padreydecano.com\/cms\/wp-content\/uploads\/2011\/12\/afiche_chile-300x161.jpg\" alt=\"\" width=\"300\" height=\"161\" srcset=\"https:\/\/www.padreydecano.com\/cms\/wp-content\/uploads\/2011\/12\/afiche_chile-300x161.jpg 300w, https:\/\/www.padreydecano.com\/cms\/wp-content\/uploads\/2011\/12\/afiche_chile.jpg 720w\" sizes=\"(max-width: 300px) 100vw, 300px\" \/><\/a><\/p>\n","protected":false},"excerpt":{"rendered":"<p>La Pe\u00f1a de Chile y La Parrillada La Uruguaya se unen para llevar \u00abManyas: La Pel\u00edcula\u00bb a Santiago de Chile. Ma\u00f1ana martes se estar\u00e1 exhibiendo la pel\u00edcula en el local comercial y hablamos con Juan Rodrigo Araya, hijo del due\u00f1o de la parrillada y Cristian Aldayuz, presidente de la Pe\u00f1a, quienes nos contaron acerca de [&hellip;]<\/p>\n","protected":false},"author":13,"featured_media":11783,"comment_status":"open","ping_status":"closed","sticky":false,"template":"","format":"standard","meta":{"footnotes":""},"categories":[30,42],"tags":[54],"yoast_head":"<!-- This site is optimized with the Yoast SEO plugin v23.2 - https:\/\/yoast.com\/wordpress\/plugins\/seo\/ -->\n<title>&quot;Manyas: La Pel\u00edcula&quot; se exhibir\u00e1 en Chile - Padre y Decano - El Sitio del Pueblo<\/title>\n<meta name=\"robots\" content=\"index, follow, max-snippet:-1, max-image-preview:large, max-video-preview:-1\" \/>\n<link rel=\"canonical\" href=\"https:\/\/www.padreydecano.com\/cms\/entrevistas\/manyas-la-pelicula-se-exhibira-en-chile\/\" \/>\n<meta property=\"og:locale\" content=\"es_ES\" \/>\n<meta property=\"og:type\" content=\"article\" \/>\n<meta property=\"og:title\" content=\"&quot;Manyas: La Pel\u00edcula&quot; se exhibir\u00e1 en Chile - Padre y Decano - El Sitio del Pueblo\" \/>\n<meta property=\"og:description\" content=\"La Pe\u00f1a de Chile y La Parrillada La Uruguaya se unen para llevar \u00abManyas: La Pel\u00edcula\u00bb a Santiago de Chile. Ma\u00f1ana martes se estar\u00e1 exhibiendo la pel\u00edcula en el local comercial y hablamos con Juan Rodrigo Araya, hijo del due\u00f1o de la parrillada y Cristian Aldayuz, presidente de la Pe\u00f1a, quienes nos contaron acerca de [&hellip;]\" \/>\n<meta property=\"og:url\" content=\"https:\/\/www.padreydecano.com\/cms\/entrevistas\/manyas-la-pelicula-se-exhibira-en-chile\/\" \/>\n<meta property=\"og:site_name\" content=\"Padre y Decano - El Sitio del Pueblo\" \/>\n<meta property=\"article:published_time\" content=\"2011-12-26T12:00:38+00:00\" \/>\n<meta property=\"article:modified_time\" content=\"2011-12-27T12:29:28+00:00\" \/>\n<meta property=\"og:image\" content=\"https:\/\/www.padreydecano.com\/cms\/wp-content\/uploads\/2011\/12\/ParrilladaUruguaya.jpg\" \/>\n\t<meta property=\"og:image:width\" content=\"396\" \/>\n\t<meta property=\"og:image:height\" content=\"296\" \/>\n\t<meta property=\"og:image:type\" content=\"image\/jpeg\" \/>\n<meta name=\"author\" content=\"Moderador\" \/>\n<meta name=\"twitter:card\" content=\"summary_large_image\" \/>\n<meta name=\"twitter:label1\" content=\"Escrito por\" \/>\n\t<meta name=\"twitter:data1\" content=\"Moderador\" \/>\n\t<meta name=\"twitter:label2\" content=\"Tiempo de lectura\" \/>\n\t<meta name=\"twitter:data2\" content=\"4 minutos\" \/>\n<script type=\"application\/ld+json\" class=\"yoast-schema-graph\">{\"@context\":\"https:\/\/schema.org\",\"@graph\":[{\"@type\":\"Article\",\"@id\":\"https:\/\/www.padreydecano.com\/cms\/entrevistas\/manyas-la-pelicula-se-exhibira-en-chile\/#article\",\"isPartOf\":{\"@id\":\"https:\/\/www.padreydecano.com\/cms\/entrevistas\/manyas-la-pelicula-se-exhibira-en-chile\/\"},\"author\":{\"name\":\"Moderador\",\"@id\":\"https:\/\/www.padreydecano.com\/cms\/#\/schema\/person\/d93e9e537230ae052c194251d9a1def2\"},\"headline\":\"\u00abManyas: La Pel\u00edcula\u00bb se exhibir\u00e1 en Chile\",\"datePublished\":\"2011-12-26T12:00:38+00:00\",\"dateModified\":\"2011-12-27T12:29:28+00:00\",\"mainEntityOfPage\":{\"@id\":\"https:\/\/www.padreydecano.com\/cms\/entrevistas\/manyas-la-pelicula-se-exhibira-en-chile\/\"},\"wordCount\":714,\"commentCount\":1,\"publisher\":{\"@id\":\"https:\/\/www.padreydecano.com\/cms\/#organization\"},\"image\":{\"@id\":\"https:\/\/www.padreydecano.com\/cms\/entrevistas\/manyas-la-pelicula-se-exhibira-en-chile\/#primaryimage\"},\"thumbnailUrl\":\"https:\/\/www.padreydecano.com\/cms\/wp-content\/uploads\/2011\/12\/ParrilladaUruguaya.jpg\",\"keywords\":[\"Manyas: La pel\u00edcula\"],\"articleSection\":[\"Entrevistas\",\"Pe\u00f1as\"],\"inLanguage\":\"es\",\"potentialAction\":[{\"@type\":\"CommentAction\",\"name\":\"Comment\",\"target\":[\"https:\/\/www.padreydecano.com\/cms\/entrevistas\/manyas-la-pelicula-se-exhibira-en-chile\/#respond\"]}]},{\"@type\":\"WebPage\",\"@id\":\"https:\/\/www.padreydecano.com\/cms\/entrevistas\/manyas-la-pelicula-se-exhibira-en-chile\/\",\"url\":\"https:\/\/www.padreydecano.com\/cms\/entrevistas\/manyas-la-pelicula-se-exhibira-en-chile\/\",\"name\":\"\\\"Manyas: La Pel\u00edcula\\\" se exhibir\u00e1 en Chile - Padre y Decano - El Sitio del Pueblo\",\"isPartOf\":{\"@id\":\"https:\/\/www.padreydecano.com\/cms\/#website\"},\"primaryImageOfPage\":{\"@id\":\"https:\/\/www.padreydecano.com\/cms\/entrevistas\/manyas-la-pelicula-se-exhibira-en-chile\/#primaryimage\"},\"image\":{\"@id\":\"https:\/\/www.padreydecano.com\/cms\/entrevistas\/manyas-la-pelicula-se-exhibira-en-chile\/#primaryimage\"},\"thumbnailUrl\":\"https:\/\/www.padreydecano.com\/cms\/wp-content\/uploads\/2011\/12\/ParrilladaUruguaya.jpg\",\"datePublished\":\"2011-12-26T12:00:38+00:00\",\"dateModified\":\"2011-12-27T12:29:28+00:00\",\"breadcrumb\":{\"@id\":\"https:\/\/www.padreydecano.com\/cms\/entrevistas\/manyas-la-pelicula-se-exhibira-en-chile\/#breadcrumb\"},\"inLanguage\":\"es\",\"potentialAction\":[{\"@type\":\"ReadAction\",\"target\":[\"https:\/\/www.padreydecano.com\/cms\/entrevistas\/manyas-la-pelicula-se-exhibira-en-chile\/\"]}]},{\"@type\":\"ImageObject\",\"inLanguage\":\"es\",\"@id\":\"https:\/\/www.padreydecano.com\/cms\/entrevistas\/manyas-la-pelicula-se-exhibira-en-chile\/#primaryimage\",\"url\":\"https:\/\/www.padreydecano.com\/cms\/wp-content\/uploads\/2011\/12\/ParrilladaUruguaya.jpg\",\"contentUrl\":\"https:\/\/www.padreydecano.com\/cms\/wp-content\/uploads\/2011\/12\/ParrilladaUruguaya.jpg\",\"width\":\"396\",\"height\":\"296\"},{\"@type\":\"BreadcrumbList\",\"@id\":\"https:\/\/www.padreydecano.com\/cms\/entrevistas\/manyas-la-pelicula-se-exhibira-en-chile\/#breadcrumb\",\"itemListElement\":[{\"@type\":\"ListItem\",\"position\":1,\"name\":\"Portada\",\"item\":\"https:\/\/www.padreydecano.com\/cms\/\"},{\"@type\":\"ListItem\",\"position\":2,\"name\":\"\u00abManyas: La Pel\u00edcula\u00bb se exhibir\u00e1 en Chile\"}]},{\"@type\":\"WebSite\",\"@id\":\"https:\/\/www.padreydecano.com\/cms\/#website\",\"url\":\"https:\/\/www.padreydecano.com\/cms\/\",\"name\":\"Padre y Decano - El Sitio del Pueblo\",\"description\":\"Club Atl\u00e9tico Pe\u00f1arol\",\"publisher\":{\"@id\":\"https:\/\/www.padreydecano.com\/cms\/#organization\"},\"potentialAction\":[{\"@type\":\"SearchAction\",\"target\":{\"@type\":\"EntryPoint\",\"urlTemplate\":\"https:\/\/www.padreydecano.com\/cms\/?s={search_term_string}\"},\"query-input\":\"required name=search_term_string\"}],\"inLanguage\":\"es\"},{\"@type\":\"Organization\",\"@id\":\"https:\/\/www.padreydecano.com\/cms\/#organization\",\"name\":\"Padre y Decano\",\"url\":\"https:\/\/www.padreydecano.com\/cms\/\",\"logo\":{\"@type\":\"ImageObject\",\"inLanguage\":\"es\",\"@id\":\"https:\/\/www.padreydecano.com\/cms\/#\/schema\/logo\/image\/\",\"url\":\"https:\/\/www.padreydecano.com\/cms\/wp-content\/uploads\/2022\/01\/avatar-square.png\",\"contentUrl\":\"https:\/\/www.padreydecano.com\/cms\/wp-content\/uploads\/2022\/01\/avatar-square.png\",\"width\":1500,\"height\":1500,\"caption\":\"Padre y Decano\"},\"image\":{\"@id\":\"https:\/\/www.padreydecano.com\/cms\/#\/schema\/logo\/image\/\"}},{\"@type\":\"Person\",\"@id\":\"https:\/\/www.padreydecano.com\/cms\/#\/schema\/person\/d93e9e537230ae052c194251d9a1def2\",\"name\":\"Moderador\",\"image\":{\"@type\":\"ImageObject\",\"inLanguage\":\"es\",\"@id\":\"https:\/\/www.padreydecano.com\/cms\/#\/schema\/person\/image\/\",\"url\":\"https:\/\/secure.gravatar.com\/avatar\/2587727bf8a53bd3da4ec49f01bea66e?s=96&d=https%3A%2F%2Fpadreydecano.com%2Fcms%2Fwp-content%2Fthemes%2Fpyd-theme%2Fimg%2Fdefault-avatar.png&r=g\",\"contentUrl\":\"https:\/\/secure.gravatar.com\/avatar\/2587727bf8a53bd3da4ec49f01bea66e?s=96&d=https%3A%2F%2Fpadreydecano.com%2Fcms%2Fwp-content%2Fthemes%2Fpyd-theme%2Fimg%2Fdefault-avatar.png&r=g\",\"caption\":\"Moderador\"}}]}<\/script>\n<!-- \/ Yoast SEO plugin. -->","yoast_head_json":{"title":"\"Manyas: La Pel\u00edcula\" se exhibir\u00e1 en Chile - Padre y Decano - El Sitio del Pueblo","robots":{"index":"index","follow":"follow","max-snippet":"max-snippet:-1","max-image-preview":"max-image-preview:large","max-video-preview":"max-video-preview:-1"},"canonical":"https:\/\/www.padreydecano.com\/cms\/entrevistas\/manyas-la-pelicula-se-exhibira-en-chile\/","og_locale":"es_ES","og_type":"article","og_title":"\"Manyas: La Pel\u00edcula\" se exhibir\u00e1 en Chile - Padre y Decano - El Sitio del Pueblo","og_description":"La Pe\u00f1a de Chile y La Parrillada La Uruguaya se unen para llevar \u00abManyas: La Pel\u00edcula\u00bb a Santiago de Chile. Ma\u00f1ana martes se estar\u00e1 exhibiendo la pel\u00edcula en el local comercial y hablamos con Juan Rodrigo Araya, hijo del due\u00f1o de la parrillada y Cristian Aldayuz, presidente de la Pe\u00f1a, quienes nos contaron acerca de [&hellip;]","og_url":"https:\/\/www.padreydecano.com\/cms\/entrevistas\/manyas-la-pelicula-se-exhibira-en-chile\/","og_site_name":"Padre y Decano - El Sitio del Pueblo","article_published_time":"2011-12-26T12:00:38+00:00","article_modified_time":"2011-12-27T12:29:28+00:00","og_image":[{"width":396,"height":296,"url":"https:\/\/www.padreydecano.com\/cms\/wp-content\/uploads\/2011\/12\/ParrilladaUruguaya.jpg","type":"image\/jpeg"}],"author":"Moderador","twitter_card":"summary_large_image","twitter_misc":{"Escrito por":"Moderador","Tiempo de lectura":"4 minutos"},"schema":{"@context":"https:\/\/schema.org","@graph":[{"@type":"Article","@id":"https:\/\/www.padreydecano.com\/cms\/entrevistas\/manyas-la-pelicula-se-exhibira-en-chile\/#article","isPartOf":{"@id":"https:\/\/www.padreydecano.com\/cms\/entrevistas\/manyas-la-pelicula-se-exhibira-en-chile\/"},"author":{"name":"Moderador","@id":"https:\/\/www.padreydecano.com\/cms\/#\/schema\/person\/d93e9e537230ae052c194251d9a1def2"},"headline":"\u00abManyas: La Pel\u00edcula\u00bb se exhibir\u00e1 en Chile","datePublished":"2011-12-26T12:00:38+00:00","dateModified":"2011-12-27T12:29:28+00:00","mainEntityOfPage":{"@id":"https:\/\/www.padreydecano.com\/cms\/entrevistas\/manyas-la-pelicula-se-exhibira-en-chile\/"},"wordCount":714,"commentCount":1,"publisher":{"@id":"https:\/\/www.padreydecano.com\/cms\/#organization"},"image":{"@id":"https:\/\/www.padreydecano.com\/cms\/entrevistas\/manyas-la-pelicula-se-exhibira-en-chile\/#primaryimage"},"thumbnailUrl":"https:\/\/www.padreydecano.com\/cms\/wp-content\/uploads\/2011\/12\/ParrilladaUruguaya.jpg","keywords":["Manyas: La pel\u00edcula"],"articleSection":["Entrevistas","Pe\u00f1as"],"inLanguage":"es","potentialAction":[{"@type":"CommentAction","name":"Comment","target":["https:\/\/www.padreydecano.com\/cms\/entrevistas\/manyas-la-pelicula-se-exhibira-en-chile\/#respond"]}]},{"@type":"WebPage","@id":"https:\/\/www.padreydecano.com\/cms\/entrevistas\/manyas-la-pelicula-se-exhibira-en-chile\/","url":"https:\/\/www.padreydecano.com\/cms\/entrevistas\/manyas-la-pelicula-se-exhibira-en-chile\/","name":"\"Manyas: La Pel\u00edcula\" se exhibir\u00e1 en Chile - Padre y Decano - El Sitio del Pueblo","isPartOf":{"@id":"https:\/\/www.padreydecano.com\/cms\/#website"},"primaryImageOfPage":{"@id":"https:\/\/www.padreydecano.com\/cms\/entrevistas\/manyas-la-pelicula-se-exhibira-en-chile\/#primaryimage"},"image":{"@id":"https:\/\/www.padreydecano.com\/cms\/entrevistas\/manyas-la-pelicula-se-exhibira-en-chile\/#primaryimage"},"thumbnailUrl":"https:\/\/www.padreydecano.com\/cms\/wp-content\/uploads\/2011\/12\/ParrilladaUruguaya.jpg","datePublished":"2011-12-26T12:00:38+00:00","dateModified":"2011-12-27T12:29:28+00:00","breadcrumb":{"@id":"https:\/\/www.padreydecano.com\/cms\/entrevistas\/manyas-la-pelicula-se-exhibira-en-chile\/#breadcrumb"},"inLanguage":"es","potentialAction":[{"@type":"ReadAction","target":["https:\/\/www.padreydecano.com\/cms\/entrevistas\/manyas-la-pelicula-se-exhibira-en-chile\/"]}]},{"@type":"ImageObject","inLanguage":"es","@id":"https:\/\/www.padreydecano.com\/cms\/entrevistas\/manyas-la-pelicula-se-exhibira-en-chile\/#primaryimage","url":"https:\/\/www.padreydecano.com\/cms\/wp-content\/uploads\/2011\/12\/ParrilladaUruguaya.jpg","contentUrl":"https:\/\/www.padreydecano.com\/cms\/wp-content\/uploads\/2011\/12\/ParrilladaUruguaya.jpg","width":"396","height":"296"},{"@type":"BreadcrumbList","@id":"https:\/\/www.padreydecano.com\/cms\/entrevistas\/manyas-la-pelicula-se-exhibira-en-chile\/#breadcrumb","itemListElement":[{"@type":"ListItem","position":1,"name":"Portada","item":"https:\/\/www.padreydecano.com\/cms\/"},{"@type":"ListItem","position":2,"name":"\u00abManyas: La Pel\u00edcula\u00bb se exhibir\u00e1 en Chile"}]},{"@type":"WebSite","@id":"https:\/\/www.padreydecano.com\/cms\/#website","url":"https:\/\/www.padreydecano.com\/cms\/","name":"Padre y Decano - El Sitio del Pueblo","description":"Club Atl\u00e9tico Pe\u00f1arol","publisher":{"@id":"https:\/\/www.padreydecano.com\/cms\/#organization"},"potentialAction":[{"@type":"SearchAction","target":{"@type":"EntryPoint","urlTemplate":"https:\/\/www.padreydecano.com\/cms\/?s={search_term_string}"},"query-input":"required name=search_term_string"}],"inLanguage":"es"},{"@type":"Organization","@id":"https:\/\/www.padreydecano.com\/cms\/#organization","name":"Padre y Decano","url":"https:\/\/www.padreydecano.com\/cms\/","logo":{"@type":"ImageObject","inLanguage":"es","@id":"https:\/\/www.padreydecano.com\/cms\/#\/schema\/logo\/image\/","url":"https:\/\/www.padreydecano.com\/cms\/wp-content\/uploads\/2022\/01\/avatar-square.png","contentUrl":"https:\/\/www.padreydecano.com\/cms\/wp-content\/uploads\/2022\/01\/avatar-square.png","width":1500,"height":1500,"caption":"Padre y Decano"},"image":{"@id":"https:\/\/www.padreydecano.com\/cms\/#\/schema\/logo\/image\/"}},{"@type":"Person","@id":"https:\/\/www.padreydecano.com\/cms\/#\/schema\/person\/d93e9e537230ae052c194251d9a1def2","name":"Moderador","image":{"@type":"ImageObject","inLanguage":"es","@id":"https:\/\/www.padreydecano.com\/cms\/#\/schema\/person\/image\/","url":"https:\/\/secure.gravatar.com\/avatar\/2587727bf8a53bd3da4ec49f01bea66e?s=96&d=https%3A%2F%2Fpadreydecano.com%2Fcms%2Fwp-content%2Fthemes%2Fpyd-theme%2Fimg%2Fdefault-avatar.png&r=g","contentUrl":"https:\/\/secure.gravatar.com\/avatar\/2587727bf8a53bd3da4ec49f01bea66e?s=96&d=https%3A%2F%2Fpadreydecano.com%2Fcms%2Fwp-content%2Fthemes%2Fpyd-theme%2Fimg%2Fdefault-avatar.png&r=g","caption":"Moderador"}}]}},"_links":{"self":[{"href":"https:\/\/www.padreydecano.com\/cms\/wp-json\/wp\/v2\/posts\/11772"}],"collection":[{"href":"https:\/\/www.padreydecano.com\/cms\/wp-json\/wp\/v2\/posts"}],"about":[{"href":"https:\/\/www.padreydecano.com\/cms\/wp-json\/wp\/v2\/types\/post"}],"author":[{"embeddable":true,"href":"https:\/\/www.padreydecano.com\/cms\/wp-json\/wp\/v2\/users\/13"}],"replies":[{"embeddable":true,"href":"https:\/\/www.padreydecano.com\/cms\/wp-json\/wp\/v2\/comments?post=11772"}],"version-history":[{"count":0,"href":"https:\/\/www.padreydecano.com\/cms\/wp-json\/wp\/v2\/posts\/11772\/revisions"}],"wp:featuredmedia":[{"embeddable":true,"href":"https:\/\/www.padreydecano.com\/cms\/wp-json\/wp\/v2\/media\/11783"}],"wp:attachment":[{"href":"https:\/\/www.padreydecano.com\/cms\/wp-json\/wp\/v2\/media?parent=11772"}],"wp:term":[{"taxonomy":"category","embeddable":true,"href":"https:\/\/www.padreydecano.com\/cms\/wp-json\/wp\/v2\/categories?post=11772"},{"taxonomy":"post_tag","embeddable":true,"href":"https:\/\/www.padreydecano.com\/cms\/wp-json\/wp\/v2\/tags?post=11772"}],"curies":[{"name":"wp","href":"https:\/\/api.w.org\/{rel}","templated":true}]}}