{"id":11231,"date":"2011-12-08T16:01:08","date_gmt":"2011-12-08T18:01:08","guid":{"rendered":"http:\/\/www.padreydecano.com\/cms\/?p=11231"},"modified":"2011-12-09T07:06:37","modified_gmt":"2011-12-09T09:06:37","slug":"torneo-preparacion-2012","status":"publish","type":"post","link":"https:\/\/www.padreydecano.com\/cms\/noticias\/torneo-preparacion-2012\/","title":{"rendered":"Torneo Preparaci\u00f3n 2012"},"content":{"rendered":"<p style=\"text-align: justify;\"><img loading=\"lazy\" decoding=\"async\" class=\"size-medium wp-image-5617 alignright\" src=\"https:\/\/www.padreydecano.com\/cms\/wp-content\/uploads\/2011\/10\/entrenamiento_04-1-300x225.jpg\" alt=\"\" width=\"192\" height=\"144\" srcset=\"https:\/\/www.padreydecano.com\/cms\/wp-content\/uploads\/2011\/10\/entrenamiento_04-1-300x225.jpg 300w, https:\/\/www.padreydecano.com\/cms\/wp-content\/uploads\/2011\/10\/entrenamiento_04-1.jpg 800w\" sizes=\"(max-width: 192px) 100vw, 192px\" \/>Este a\u00f1o 2012 viene con novedades desde la Asociaci\u00f3n Uruguaya de F\u00fatbol.\u00a0 Se acord\u00f3 con los representantes de todos los equipos de primera divisi\u00f3n comenzar con un nuevo campeonato llamado <strong>Torneo Preparaci\u00f3n<\/strong>. Como su nombre lo dice, es para que los 16 equipos de primera se preparen y <strong>tengan rodaje<\/strong> <strong>antes del comienzo del Torneo Clausura.<\/strong> <strong>Pe\u00f1arol comienza jugando el 27 de enero frente a Rentistas.<\/strong><\/p>\n<p style=\"text-align: justify;\">Se trata de un certamen de car\u00e1cter amistoso que se jugar\u00e1 <strong>en formato de play off<\/strong>. <strong>Ser\u00e1 un solo partido con definici\u00f3n por penales en caso de empate<\/strong>. No habr\u00e1 restricciones en el caso de los cupos para extranjeros y el l\u00edmite para realizar cambios tambi\u00e9n se presenta muy flexible: <strong>se puede hacer un m\u00e1ximo de ocho variantes por partido.<\/strong><\/p>\n<p style=\"text-align: justify;\">El sistema de disputa est\u00e1 basado en las posiciones que los equipos obtuvieron en el Apertura, ya que el 1\u00ba de dicho torneo jugar\u00e1 contra el 16\u00ba, el 2\u00ba contra 15\u00ba y as\u00ed sucesivamente, y es por esta raz\u00f3n que Pe\u00f1arol 3\u00ba jugar\u00e1 contra Rentistas 14\u00ba. Tambi\u00e9n ya est\u00e1n defiindos los cruces para este campeonato, y la creaci\u00f3n de una <strong>Copa de Honor<\/strong> con los primeros ocho perdedores.<\/p>\n<p style=\"text-align: justify;\">La aventura tendr\u00e1 su <strong>estreno el 27 de enero<\/strong>, el 31 ser\u00e1 el turno de los cuartos de final, la semifinal est\u00e1 agendada para el 4 de febrero y <strong>la final se llevar\u00e1 a cabo el 10 de febrero.<\/strong><\/p>\n<p style=\"text-align: justify;\">Otra curiosidad que este certamen presenta es que <strong>se jugar\u00e1 en el Interior del pa\u00eds<\/strong> y las sedes pactadas por ahora son<strong> Rivera, Fray Bentos, Trinidad y posiblemente Treinta y Tres.<\/strong> <strong>Tampoco se descarta la opci\u00f3n de que alg\u00fan partido se juegue en Montevideo sobre todo la final.<\/strong><\/p>\n<p style=\"text-align: justify;\">El Torneo Preparaci\u00f3n comenzar\u00e1 jug\u00e1ndose con 8 partidos los cuales son: Hijos- Bella Vista; Danubio-Cerrito; Pe\u00f1arol-Rentistas; Defensor Sporting-Racing; Cerro Largo-Rampla Juniors; River Plate- F\u00e9nix; Liverpool-El Tanque Sisley; Wanderers-Cerro.<\/p>\n<p style=\"text-align: justify;\">Como dijimos anteriormente, nuestro debut es el 27 de enero frente a Rentistas, aunque no est\u00e1 definida la sede. No jugar\u00edamos siempre en la misma ciudad del interior en el Torneo Preparaci\u00f3n; la idea es que Pe\u00f1arol se presente, si es que va avanzando de fase, <strong>siempre en ciudades diferentes a los efectos de que todos puedan tener posibilidad de observar al equipo<\/strong>, lo mismo con el tradicional.<\/p>\n<p style=\"text-align: justify;\">En caso de que Pe\u00f1arol y Nacional pasen sus respectivas fases hasta la final, \u00e9sta se disputar\u00eda en el <strong>Estadio Centenario<\/strong>.<\/p>\n<div id=\"attachment_11251\" style=\"width: 506px\" class=\"wp-caption aligncenter\"><a href=\"https:\/\/www.padreydecano.com\/cms\/wp-content\/uploads\/2011\/12\/preparaci\u00f3n.jpg\" rel=\"shadowbox[sbpost-11231];player=img;\"><img loading=\"lazy\" decoding=\"async\" aria-describedby=\"caption-attachment-11251\" class=\"size-large wp-image-11251  \" src=\"https:\/\/www.padreydecano.com\/cms\/wp-content\/uploads\/2011\/12\/preparaci\u00f3n-1024x535.jpg\" alt=\"\" width=\"496\" height=\"258\" srcset=\"https:\/\/www.padreydecano.com\/cms\/wp-content\/uploads\/2011\/12\/preparaci\u00f3n-1024x535.jpg 1024w, https:\/\/www.padreydecano.com\/cms\/wp-content\/uploads\/2011\/12\/preparaci\u00f3n-300x156.jpg 300w, https:\/\/www.padreydecano.com\/cms\/wp-content\/uploads\/2011\/12\/preparaci\u00f3n.jpg 1066w\" sizes=\"(max-width: 496px) 100vw, 496px\" \/><\/a><p id=\"caption-attachment-11251\" class=\"wp-caption-text\">Fixture del Torneo<\/p><\/div>\n","protected":false},"excerpt":{"rendered":"<p>Este a\u00f1o 2012 viene con novedades desde la Asociaci\u00f3n Uruguaya de F\u00fatbol.\u00a0 Se acord\u00f3 con los representantes de todos los equipos de primera divisi\u00f3n comenzar con un nuevo campeonato llamado Torneo Preparaci\u00f3n. Como su nombre lo dice, es para que los 16 equipos de primera se preparen y tengan rodaje antes del comienzo del Torneo [&hellip;]<\/p>\n","protected":false},"author":2,"featured_media":8927,"comment_status":"open","ping_status":"closed","sticky":false,"template":"","format":"standard","meta":{"footnotes":""},"categories":[1],"tags":[],"yoast_head":"<!-- This site is optimized with the Yoast SEO plugin v23.2 - https:\/\/yoast.com\/wordpress\/plugins\/seo\/ -->\n<title>Torneo Preparaci\u00f3n 2012 - Padre y Decano - El Sitio del Pueblo<\/title>\n<meta name=\"robots\" content=\"index, follow, max-snippet:-1, max-image-preview:large, max-video-preview:-1\" \/>\n<link rel=\"canonical\" href=\"https:\/\/www.padreydecano.com\/cms\/noticias\/torneo-preparacion-2012\/\" \/>\n<meta property=\"og:locale\" content=\"es_ES\" \/>\n<meta property=\"og:type\" content=\"article\" \/>\n<meta property=\"og:title\" content=\"Torneo Preparaci\u00f3n 2012 - Padre y Decano - El Sitio del Pueblo\" \/>\n<meta property=\"og:description\" content=\"Este a\u00f1o 2012 viene con novedades desde la Asociaci\u00f3n Uruguaya de F\u00fatbol.\u00a0 Se acord\u00f3 con los representantes de todos los equipos de primera divisi\u00f3n comenzar con un nuevo campeonato llamado Torneo Preparaci\u00f3n. Como su nombre lo dice, es para que los 16 equipos de primera se preparen y tengan rodaje antes del comienzo del Torneo [&hellip;]\" \/>\n<meta property=\"og:url\" content=\"https:\/\/www.padreydecano.com\/cms\/noticias\/torneo-preparacion-2012\/\" \/>\n<meta property=\"og:site_name\" content=\"Padre y Decano - El Sitio del Pueblo\" \/>\n<meta property=\"article:published_time\" content=\"2011-12-08T18:01:08+00:00\" \/>\n<meta property=\"article:modified_time\" content=\"2011-12-09T09:06:37+00:00\" \/>\n<meta property=\"og:image\" content=\"https:\/\/www.padreydecano.com\/cms\/wp-content\/uploads\/2011\/11\/018-Copy.jpg\" \/>\n\t<meta property=\"og:image:width\" content=\"800\" \/>\n\t<meta property=\"og:image:height\" content=\"600\" \/>\n\t<meta property=\"og:image:type\" content=\"image\/jpeg\" \/>\n<meta name=\"author\" content=\"Gonzalo16\" \/>\n<meta name=\"twitter:card\" content=\"summary_large_image\" \/>\n<meta name=\"twitter:label1\" content=\"Escrito por\" \/>\n\t<meta name=\"twitter:data1\" content=\"Gonzalo16\" \/>\n\t<meta name=\"twitter:label2\" content=\"Tiempo de lectura\" \/>\n\t<meta name=\"twitter:data2\" content=\"2 minutos\" \/>\n<script type=\"application\/ld+json\" class=\"yoast-schema-graph\">{\"@context\":\"https:\/\/schema.org\",\"@graph\":[{\"@type\":\"Article\",\"@id\":\"https:\/\/www.padreydecano.com\/cms\/noticias\/torneo-preparacion-2012\/#article\",\"isPartOf\":{\"@id\":\"https:\/\/www.padreydecano.com\/cms\/noticias\/torneo-preparacion-2012\/\"},\"author\":{\"name\":\"Gonzalo16\",\"@id\":\"https:\/\/www.padreydecano.com\/cms\/#\/schema\/person\/7fe41e3e335700ebd387196df2f9a8d4\"},\"headline\":\"Torneo Preparaci\u00f3n 2012\",\"datePublished\":\"2011-12-08T18:01:08+00:00\",\"dateModified\":\"2011-12-09T09:06:37+00:00\",\"mainEntityOfPage\":{\"@id\":\"https:\/\/www.padreydecano.com\/cms\/noticias\/torneo-preparacion-2012\/\"},\"wordCount\":425,\"commentCount\":10,\"publisher\":{\"@id\":\"https:\/\/www.padreydecano.com\/cms\/#organization\"},\"image\":{\"@id\":\"https:\/\/www.padreydecano.com\/cms\/noticias\/torneo-preparacion-2012\/#primaryimage\"},\"thumbnailUrl\":\"https:\/\/www.padreydecano.com\/cms\/wp-content\/uploads\/2011\/11\/018-Copy.jpg\",\"articleSection\":[\"Noticias\"],\"inLanguage\":\"es\",\"potentialAction\":[{\"@type\":\"CommentAction\",\"name\":\"Comment\",\"target\":[\"https:\/\/www.padreydecano.com\/cms\/noticias\/torneo-preparacion-2012\/#respond\"]}]},{\"@type\":\"WebPage\",\"@id\":\"https:\/\/www.padreydecano.com\/cms\/noticias\/torneo-preparacion-2012\/\",\"url\":\"https:\/\/www.padreydecano.com\/cms\/noticias\/torneo-preparacion-2012\/\",\"name\":\"Torneo Preparaci\u00f3n 2012 - Padre y Decano - El Sitio del Pueblo\",\"isPartOf\":{\"@id\":\"https:\/\/www.padreydecano.com\/cms\/#website\"},\"primaryImageOfPage\":{\"@id\":\"https:\/\/www.padreydecano.com\/cms\/noticias\/torneo-preparacion-2012\/#primaryimage\"},\"image\":{\"@id\":\"https:\/\/www.padreydecano.com\/cms\/noticias\/torneo-preparacion-2012\/#primaryimage\"},\"thumbnailUrl\":\"https:\/\/www.padreydecano.com\/cms\/wp-content\/uploads\/2011\/11\/018-Copy.jpg\",\"datePublished\":\"2011-12-08T18:01:08+00:00\",\"dateModified\":\"2011-12-09T09:06:37+00:00\",\"breadcrumb\":{\"@id\":\"https:\/\/www.padreydecano.com\/cms\/noticias\/torneo-preparacion-2012\/#breadcrumb\"},\"inLanguage\":\"es\",\"potentialAction\":[{\"@type\":\"ReadAction\",\"target\":[\"https:\/\/www.padreydecano.com\/cms\/noticias\/torneo-preparacion-2012\/\"]}]},{\"@type\":\"ImageObject\",\"inLanguage\":\"es\",\"@id\":\"https:\/\/www.padreydecano.com\/cms\/noticias\/torneo-preparacion-2012\/#primaryimage\",\"url\":\"https:\/\/www.padreydecano.com\/cms\/wp-content\/uploads\/2011\/11\/018-Copy.jpg\",\"contentUrl\":\"https:\/\/www.padreydecano.com\/cms\/wp-content\/uploads\/2011\/11\/018-Copy.jpg\",\"width\":\"800\",\"height\":\"600\"},{\"@type\":\"BreadcrumbList\",\"@id\":\"https:\/\/www.padreydecano.com\/cms\/noticias\/torneo-preparacion-2012\/#breadcrumb\",\"itemListElement\":[{\"@type\":\"ListItem\",\"position\":1,\"name\":\"Portada\",\"item\":\"https:\/\/www.padreydecano.com\/cms\/\"},{\"@type\":\"ListItem\",\"position\":2,\"name\":\"Torneo Preparaci\u00f3n 2012\"}]},{\"@type\":\"WebSite\",\"@id\":\"https:\/\/www.padreydecano.com\/cms\/#website\",\"url\":\"https:\/\/www.padreydecano.com\/cms\/\",\"name\":\"Padre y Decano - El Sitio del Pueblo\",\"description\":\"Club Atl\u00e9tico Pe\u00f1arol\",\"publisher\":{\"@id\":\"https:\/\/www.padreydecano.com\/cms\/#organization\"},\"potentialAction\":[{\"@type\":\"SearchAction\",\"target\":{\"@type\":\"EntryPoint\",\"urlTemplate\":\"https:\/\/www.padreydecano.com\/cms\/?s={search_term_string}\"},\"query-input\":\"required name=search_term_string\"}],\"inLanguage\":\"es\"},{\"@type\":\"Organization\",\"@id\":\"https:\/\/www.padreydecano.com\/cms\/#organization\",\"name\":\"Padre y Decano\",\"url\":\"https:\/\/www.padreydecano.com\/cms\/\",\"logo\":{\"@type\":\"ImageObject\",\"inLanguage\":\"es\",\"@id\":\"https:\/\/www.padreydecano.com\/cms\/#\/schema\/logo\/image\/\",\"url\":\"https:\/\/www.padreydecano.com\/cms\/wp-content\/uploads\/2022\/01\/avatar-square.png\",\"contentUrl\":\"https:\/\/www.padreydecano.com\/cms\/wp-content\/uploads\/2022\/01\/avatar-square.png\",\"width\":1500,\"height\":1500,\"caption\":\"Padre y Decano\"},\"image\":{\"@id\":\"https:\/\/www.padreydecano.com\/cms\/#\/schema\/logo\/image\/\"}},{\"@type\":\"Person\",\"@id\":\"https:\/\/www.padreydecano.com\/cms\/#\/schema\/person\/7fe41e3e335700ebd387196df2f9a8d4\",\"name\":\"Gonzalo16\",\"image\":{\"@type\":\"ImageObject\",\"inLanguage\":\"es\",\"@id\":\"https:\/\/www.padreydecano.com\/cms\/#\/schema\/person\/image\/\",\"url\":\"https:\/\/secure.gravatar.com\/avatar\/4d5cdd49803a2313c01f77e3dfc05d81?s=96&d=https%3A%2F%2Fpadreydecano.com%2Fcms%2Fwp-content%2Fthemes%2Fpyd-theme%2Fimg%2Fdefault-avatar.png&r=g\",\"contentUrl\":\"https:\/\/secure.gravatar.com\/avatar\/4d5cdd49803a2313c01f77e3dfc05d81?s=96&d=https%3A%2F%2Fpadreydecano.com%2Fcms%2Fwp-content%2Fthemes%2Fpyd-theme%2Fimg%2Fdefault-avatar.png&r=g\",\"caption\":\"Gonzalo16\"}}]}<\/script>\n<!-- \/ Yoast SEO plugin. -->","yoast_head_json":{"title":"Torneo Preparaci\u00f3n 2012 - Padre y Decano - El Sitio del Pueblo","robots":{"index":"index","follow":"follow","max-snippet":"max-snippet:-1","max-image-preview":"max-image-preview:large","max-video-preview":"max-video-preview:-1"},"canonical":"https:\/\/www.padreydecano.com\/cms\/noticias\/torneo-preparacion-2012\/","og_locale":"es_ES","og_type":"article","og_title":"Torneo Preparaci\u00f3n 2012 - Padre y Decano - El Sitio del Pueblo","og_description":"Este a\u00f1o 2012 viene con novedades desde la Asociaci\u00f3n Uruguaya de F\u00fatbol.\u00a0 Se acord\u00f3 con los representantes de todos los equipos de primera divisi\u00f3n comenzar con un nuevo campeonato llamado Torneo Preparaci\u00f3n. Como su nombre lo dice, es para que los 16 equipos de primera se preparen y tengan rodaje antes del comienzo del Torneo [&hellip;]","og_url":"https:\/\/www.padreydecano.com\/cms\/noticias\/torneo-preparacion-2012\/","og_site_name":"Padre y Decano - El Sitio del Pueblo","article_published_time":"2011-12-08T18:01:08+00:00","article_modified_time":"2011-12-09T09:06:37+00:00","og_image":[{"width":800,"height":600,"url":"https:\/\/www.padreydecano.com\/cms\/wp-content\/uploads\/2011\/11\/018-Copy.jpg","type":"image\/jpeg"}],"author":"Gonzalo16","twitter_card":"summary_large_image","twitter_misc":{"Escrito por":"Gonzalo16","Tiempo de lectura":"2 minutos"},"schema":{"@context":"https:\/\/schema.org","@graph":[{"@type":"Article","@id":"https:\/\/www.padreydecano.com\/cms\/noticias\/torneo-preparacion-2012\/#article","isPartOf":{"@id":"https:\/\/www.padreydecano.com\/cms\/noticias\/torneo-preparacion-2012\/"},"author":{"name":"Gonzalo16","@id":"https:\/\/www.padreydecano.com\/cms\/#\/schema\/person\/7fe41e3e335700ebd387196df2f9a8d4"},"headline":"Torneo Preparaci\u00f3n 2012","datePublished":"2011-12-08T18:01:08+00:00","dateModified":"2011-12-09T09:06:37+00:00","mainEntityOfPage":{"@id":"https:\/\/www.padreydecano.com\/cms\/noticias\/torneo-preparacion-2012\/"},"wordCount":425,"commentCount":10,"publisher":{"@id":"https:\/\/www.padreydecano.com\/cms\/#organization"},"image":{"@id":"https:\/\/www.padreydecano.com\/cms\/noticias\/torneo-preparacion-2012\/#primaryimage"},"thumbnailUrl":"https:\/\/www.padreydecano.com\/cms\/wp-content\/uploads\/2011\/11\/018-Copy.jpg","articleSection":["Noticias"],"inLanguage":"es","potentialAction":[{"@type":"CommentAction","name":"Comment","target":["https:\/\/www.padreydecano.com\/cms\/noticias\/torneo-preparacion-2012\/#respond"]}]},{"@type":"WebPage","@id":"https:\/\/www.padreydecano.com\/cms\/noticias\/torneo-preparacion-2012\/","url":"https:\/\/www.padreydecano.com\/cms\/noticias\/torneo-preparacion-2012\/","name":"Torneo Preparaci\u00f3n 2012 - Padre y Decano - El Sitio del Pueblo","isPartOf":{"@id":"https:\/\/www.padreydecano.com\/cms\/#website"},"primaryImageOfPage":{"@id":"https:\/\/www.padreydecano.com\/cms\/noticias\/torneo-preparacion-2012\/#primaryimage"},"image":{"@id":"https:\/\/www.padreydecano.com\/cms\/noticias\/torneo-preparacion-2012\/#primaryimage"},"thumbnailUrl":"https:\/\/www.padreydecano.com\/cms\/wp-content\/uploads\/2011\/11\/018-Copy.jpg","datePublished":"2011-12-08T18:01:08+00:00","dateModified":"2011-12-09T09:06:37+00:00","breadcrumb":{"@id":"https:\/\/www.padreydecano.com\/cms\/noticias\/torneo-preparacion-2012\/#breadcrumb"},"inLanguage":"es","potentialAction":[{"@type":"ReadAction","target":["https:\/\/www.padreydecano.com\/cms\/noticias\/torneo-preparacion-2012\/"]}]},{"@type":"ImageObject","inLanguage":"es","@id":"https:\/\/www.padreydecano.com\/cms\/noticias\/torneo-preparacion-2012\/#primaryimage","url":"https:\/\/www.padreydecano.com\/cms\/wp-content\/uploads\/2011\/11\/018-Copy.jpg","contentUrl":"https:\/\/www.padreydecano.com\/cms\/wp-content\/uploads\/2011\/11\/018-Copy.jpg","width":"800","height":"600"},{"@type":"BreadcrumbList","@id":"https:\/\/www.padreydecano.com\/cms\/noticias\/torneo-preparacion-2012\/#breadcrumb","itemListElement":[{"@type":"ListItem","position":1,"name":"Portada","item":"https:\/\/www.padreydecano.com\/cms\/"},{"@type":"ListItem","position":2,"name":"Torneo Preparaci\u00f3n 2012"}]},{"@type":"WebSite","@id":"https:\/\/www.padreydecano.com\/cms\/#website","url":"https:\/\/www.padreydecano.com\/cms\/","name":"Padre y Decano - El Sitio del Pueblo","description":"Club Atl\u00e9tico Pe\u00f1arol","publisher":{"@id":"https:\/\/www.padreydecano.com\/cms\/#organization"},"potentialAction":[{"@type":"SearchAction","target":{"@type":"EntryPoint","urlTemplate":"https:\/\/www.padreydecano.com\/cms\/?s={search_term_string}"},"query-input":"required name=search_term_string"}],"inLanguage":"es"},{"@type":"Organization","@id":"https:\/\/www.padreydecano.com\/cms\/#organization","name":"Padre y Decano","url":"https:\/\/www.padreydecano.com\/cms\/","logo":{"@type":"ImageObject","inLanguage":"es","@id":"https:\/\/www.padreydecano.com\/cms\/#\/schema\/logo\/image\/","url":"https:\/\/www.padreydecano.com\/cms\/wp-content\/uploads\/2022\/01\/avatar-square.png","contentUrl":"https:\/\/www.padreydecano.com\/cms\/wp-content\/uploads\/2022\/01\/avatar-square.png","width":1500,"height":1500,"caption":"Padre y Decano"},"image":{"@id":"https:\/\/www.padreydecano.com\/cms\/#\/schema\/logo\/image\/"}},{"@type":"Person","@id":"https:\/\/www.padreydecano.com\/cms\/#\/schema\/person\/7fe41e3e335700ebd387196df2f9a8d4","name":"Gonzalo16","image":{"@type":"ImageObject","inLanguage":"es","@id":"https:\/\/www.padreydecano.com\/cms\/#\/schema\/person\/image\/","url":"https:\/\/secure.gravatar.com\/avatar\/4d5cdd49803a2313c01f77e3dfc05d81?s=96&d=https%3A%2F%2Fpadreydecano.com%2Fcms%2Fwp-content%2Fthemes%2Fpyd-theme%2Fimg%2Fdefault-avatar.png&r=g","contentUrl":"https:\/\/secure.gravatar.com\/avatar\/4d5cdd49803a2313c01f77e3dfc05d81?s=96&d=https%3A%2F%2Fpadreydecano.com%2Fcms%2Fwp-content%2Fthemes%2Fpyd-theme%2Fimg%2Fdefault-avatar.png&r=g","caption":"Gonzalo16"}}]}},"_links":{"self":[{"href":"https:\/\/www.padreydecano.com\/cms\/wp-json\/wp\/v2\/posts\/11231"}],"collection":[{"href":"https:\/\/www.padreydecano.com\/cms\/wp-json\/wp\/v2\/posts"}],"about":[{"href":"https:\/\/www.padreydecano.com\/cms\/wp-json\/wp\/v2\/types\/post"}],"author":[{"embeddable":true,"href":"https:\/\/www.padreydecano.com\/cms\/wp-json\/wp\/v2\/users\/2"}],"replies":[{"embeddable":true,"href":"https:\/\/www.padreydecano.com\/cms\/wp-json\/wp\/v2\/comments?post=11231"}],"version-history":[{"count":0,"href":"https:\/\/www.padreydecano.com\/cms\/wp-json\/wp\/v2\/posts\/11231\/revisions"}],"wp:featuredmedia":[{"embeddable":true,"href":"https:\/\/www.padreydecano.com\/cms\/wp-json\/wp\/v2\/media\/8927"}],"wp:attachment":[{"href":"https:\/\/www.padreydecano.com\/cms\/wp-json\/wp\/v2\/media?parent=11231"}],"wp:term":[{"taxonomy":"category","embeddable":true,"href":"https:\/\/www.padreydecano.com\/cms\/wp-json\/wp\/v2\/categories?post=11231"},{"taxonomy":"post_tag","embeddable":true,"href":"https:\/\/www.padreydecano.com\/cms\/wp-json\/wp\/v2\/tags?post=11231"}],"curies":[{"name":"wp","href":"https:\/\/api.w.org\/{rel}","templated":true}]}}