{"id":10385,"date":"2011-12-01T10:11:36","date_gmt":"2011-12-01T12:11:36","guid":{"rendered":"http:\/\/www.padreydecano.com\/cms\/?p=10385"},"modified":"2012-04-13T12:09:39","modified_gmt":"2012-04-13T15:09:39","slug":"no-existen-imposibles","status":"publish","type":"post","link":"https:\/\/www.padreydecano.com\/cms\/columnas\/no-existen-imposibles\/","title":{"rendered":"No existen imposibles"},"content":{"rendered":"<div id=\"attachment_10532\" style=\"width: 310px\" class=\"wp-caption alignleft\"><a href=\"https:\/\/www.padreydecano.com\/cms\/wp-content\/uploads\/2011\/11\/sedemaldonado.png\" rel=\"shadowbox[sbpost-10385];player=img;\"><img loading=\"lazy\" decoding=\"async\" aria-describedby=\"caption-attachment-10532\" class=\"size-medium wp-image-10532\" title=\"\" src=\"https:\/\/www.padreydecano.com\/cms\/wp-content\/uploads\/2011\/11\/sedemaldonado-300x177.png\" alt=\"\" width=\"300\" height=\"177\" srcset=\"https:\/\/www.padreydecano.com\/cms\/wp-content\/uploads\/2011\/11\/sedemaldonado-300x177.png 300w, https:\/\/www.padreydecano.com\/cms\/wp-content\/uploads\/2011\/11\/sedemaldonado.png 894w\" sizes=\"(max-width: 300px) 100vw, 300px\" \/><\/a><p id=\"caption-attachment-10532\" class=\"wp-caption-text\">Antigua sede del club, ubicada en la calle Maldonado<\/p><\/div>\n<p style=\"text-align: justify;\">Este fin de semana se juega la \u00faltima fecha del Apertura; y <strong>dependemos de otros resultados<\/strong> para poder dar la vuelta ol\u00edmpica. Primero, <strong>el s\u00e1bado debemos ganar nuestro partido frente a Cerrito<\/strong>, que precisa los puntos por estar complicado en la zona de descenso, y luego, esperar a que el domingo Danubio deje puntos frente a Bella Vista y que el tradicional rival empate (para llegar a una final) o pierda (para salir campe\u00f3n este mismo fin de semana) su partido frente a Liverpool.<\/p>\n<p style=\"text-align: justify;\">Es una situaci\u00f3n complicada; pero para nada imposible como lo hace ver el periodismo de nuestro pa\u00eds, que pr\u00e1cticamente da como campe\u00f3n al club sin acta de la Avda. 8 de octubre y olvid\u00e1ndose que el que espera acechando, es nada m\u00e1s y nada menos que Pe\u00f1arol, <strong>el due\u00f1o de las haza\u00f1as<\/strong>, el que no se rinde hasta que est\u00e9 todo realmente perdido.<\/p>\n<p style=\"text-align: justify;\">Una situaci\u00f3n similar ya se dio en el pasado. Cito a continuaci\u00f3n lo escrito por Alfredo Etchandy en su libro \u201cMemorias de la Pelota\u201d:<\/p>\n<p style=\"text-align: justify;\"><strong><em>Un hecho ins\u00f3lito\u2026<\/em><\/strong><\/p>\n<p style=\"text-align: justify;\"><span style=\"color: #ffcc02;\"><strong><em>PE\u00d1AROL DIO LA VUELTA EN SU SEDE<\/em><\/strong><\/span><\/p>\n<p style=\"text-align: justify;\"><em>Aurinegros y tricolores lucharon hasta el final para definir el t\u00edtulo del Uruguayo de 1951. Termin\u00f3 el a\u00f1o y el certamen no hab\u00eda finalizado ya que faltaba cumplir con un compromiso. Ten\u00edan que jugar Nacional y Central que se enfrentaron en enero de 1952.<\/em><\/p>\n<p style=\"text-align: justify;\"><em>Los palermitanos se quedaron con la victoria por dos a uno y con ese resultado determinaron que los carboneros se convirtieran en los campeones de la competencia.<\/em><\/p>\n<p style=\"text-align: justify;\"><em>Pe\u00f1arol estaba esperando con gran expectativa la definici\u00f3n del cotejo y se vio favorecido por el desenlace. Al finalizar el encuentro, el plantel dio la tradicional vuelta ol\u00edmpica en su sede de la calle Maldonado.<\/em><\/p>\n<p style=\"text-align: justify;\"><em>La actividad de Pe\u00f1arol termin\u00f3 en diciembre y tuvo que esperar hasta enero para saber cual era su suerte, pero vali\u00f3 la pena porque festej\u00f3 la consagraci\u00f3n; aunque la vuelta ol\u00edmpica no la dio en el campo de juego, la tuvo que dar en la sede.<\/em><\/p>\n<div id=\"attachment_10469\" style=\"width: 561px\" class=\"wp-caption aligncenter\"><a href=\"https:\/\/www.padreydecano.com\/cms\/wp-content\/uploads\/2011\/11\/19511.png\" rel=\"shadowbox[sbpost-10385];player=img;\"><img loading=\"lazy\" decoding=\"async\" aria-describedby=\"caption-attachment-10469\" class=\"size-full wp-image-10469  \" src=\"https:\/\/www.padreydecano.com\/cms\/wp-content\/uploads\/2011\/11\/19511.png\" alt=\"\" width=\"551\" height=\"362\" srcset=\"https:\/\/www.padreydecano.com\/cms\/wp-content\/uploads\/2011\/11\/19511.png 919w, https:\/\/www.padreydecano.com\/cms\/wp-content\/uploads\/2011\/11\/19511-300x197.png 300w\" sizes=\"(max-width: 551px) 100vw, 551px\" \/><\/a><p id=\"caption-attachment-10469\" class=\"wp-caption-text\">EQUIPO QUE GAN\u00d3 EL CAMPEONATO DE 1951 - Arriba: Em\u00e9rico Hirsch (DT), Obdulio Varela, Juan C. Gonz\u00e1lez, Joel Romero, H\u00e9ctor Uzal, Roque M\u00e1spoli, Casimiro Yancoviez y Dante Cocito (K). Abajo: Alcides E. Ghiggia, Juan E. Hohberg, Julio C. Abbadie, Juan A. Schiaffino y Hugo Villamide.<\/p><\/div>\n<p style=\"text-align: justify; margin-top: 10px;\">Por eso a los que hablan de m\u00e1s, olvid\u00e1ndose que todav\u00eda resta jugar una fecha del campeonato y puede pasar cualquier cosa; les recuerdo lo que dijo una vez un periodista de la revista argentina \u201cEl Gr\u00e1fico\u201d hablando de la quinta conquista continental de nuestro club:<\/p>\n<p style=\"text-align: justify;\"><em>\u200e<\/em><em>\u00abRepaso lo ocurrido, vuelvo a vivirlo y reafirmo el concepto inicial: el f\u00fatbol es \u00fanico. Pero a la sentencia le falta un cierre que la perfeccione y le otorgue justicia: <strong>Pe\u00f1arol tambi\u00e9n es \u00fanico<\/strong>.\u00bb<\/em><\/p>\n<p style=\"text-align: justify;\"><strong>A lo Pe\u00f1arol; ayer, hoy y siempre\u2026\u00a0<\/strong><strong><em><\/em><\/strong><\/p>\n","protected":false},"excerpt":{"rendered":"<p>Este fin de semana se juega la \u00faltima fecha del Apertura; y dependemos de otros resultados para poder dar la vuelta ol\u00edmpica. Primero, el s\u00e1bado debemos ganar nuestro partido frente a Cerrito, que precisa los puntos por estar complicado en la zona de descenso, y luego, esperar a que el domingo Danubio deje puntos frente [&hellip;]<\/p>\n","protected":false},"author":3,"featured_media":0,"comment_status":"open","ping_status":"closed","sticky":false,"template":"","format":"standard","meta":{"footnotes":""},"categories":[28],"tags":[78],"yoast_head":"<!-- This site is optimized with the Yoast SEO plugin v23.2 - https:\/\/yoast.com\/wordpress\/plugins\/seo\/ -->\n<title>No existen imposibles - Padre y Decano - El Sitio del Pueblo<\/title>\n<meta name=\"robots\" content=\"index, follow, max-snippet:-1, max-image-preview:large, max-video-preview:-1\" \/>\n<link rel=\"canonical\" href=\"https:\/\/www.padreydecano.com\/cms\/columnas\/no-existen-imposibles\/\" \/>\n<meta property=\"og:locale\" content=\"es_ES\" \/>\n<meta property=\"og:type\" content=\"article\" \/>\n<meta property=\"og:title\" content=\"No existen imposibles - Padre y Decano - El Sitio del Pueblo\" \/>\n<meta property=\"og:description\" content=\"Este fin de semana se juega la \u00faltima fecha del Apertura; y dependemos de otros resultados para poder dar la vuelta ol\u00edmpica. Primero, el s\u00e1bado debemos ganar nuestro partido frente a Cerrito, que precisa los puntos por estar complicado en la zona de descenso, y luego, esperar a que el domingo Danubio deje puntos frente [&hellip;]\" \/>\n<meta property=\"og:url\" content=\"https:\/\/www.padreydecano.com\/cms\/columnas\/no-existen-imposibles\/\" \/>\n<meta property=\"og:site_name\" content=\"Padre y Decano - El Sitio del Pueblo\" \/>\n<meta property=\"article:published_time\" content=\"2011-12-01T12:11:36+00:00\" \/>\n<meta property=\"article:modified_time\" content=\"2012-04-13T15:09:39+00:00\" \/>\n<meta property=\"og:image\" content=\"http:\/\/www.padreydecano.com\/cms\/wp-content\/uploads\/2011\/11\/sedemaldonado-300x177.png\" \/>\n<meta name=\"author\" content=\"1891\" \/>\n<meta name=\"twitter:card\" content=\"summary_large_image\" \/>\n<meta name=\"twitter:label1\" content=\"Escrito por\" \/>\n\t<meta name=\"twitter:data1\" content=\"1891\" \/>\n\t<meta name=\"twitter:label2\" content=\"Tiempo de lectura\" \/>\n\t<meta name=\"twitter:data2\" content=\"3 minutos\" \/>\n<script type=\"application\/ld+json\" class=\"yoast-schema-graph\">{\"@context\":\"https:\/\/schema.org\",\"@graph\":[{\"@type\":\"Article\",\"@id\":\"https:\/\/www.padreydecano.com\/cms\/columnas\/no-existen-imposibles\/#article\",\"isPartOf\":{\"@id\":\"https:\/\/www.padreydecano.com\/cms\/columnas\/no-existen-imposibles\/\"},\"author\":{\"name\":\"1891\",\"@id\":\"https:\/\/www.padreydecano.com\/cms\/#\/schema\/person\/5607c72c38a1537a151b24d1e67535e0\"},\"headline\":\"No existen imposibles\",\"datePublished\":\"2011-12-01T12:11:36+00:00\",\"dateModified\":\"2012-04-13T15:09:39+00:00\",\"mainEntityOfPage\":{\"@id\":\"https:\/\/www.padreydecano.com\/cms\/columnas\/no-existen-imposibles\/\"},\"wordCount\":527,\"commentCount\":7,\"publisher\":{\"@id\":\"https:\/\/www.padreydecano.com\/cms\/#organization\"},\"image\":{\"@id\":\"https:\/\/www.padreydecano.com\/cms\/columnas\/no-existen-imposibles\/#primaryimage\"},\"thumbnailUrl\":\"http:\/\/www.padreydecano.com\/cms\/wp-content\/uploads\/2011\/11\/sedemaldonado-300x177.png\",\"keywords\":[\"Dr. CURCC\"],\"articleSection\":[\"Columnas\"],\"inLanguage\":\"es\",\"potentialAction\":[{\"@type\":\"CommentAction\",\"name\":\"Comment\",\"target\":[\"https:\/\/www.padreydecano.com\/cms\/columnas\/no-existen-imposibles\/#respond\"]}]},{\"@type\":\"WebPage\",\"@id\":\"https:\/\/www.padreydecano.com\/cms\/columnas\/no-existen-imposibles\/\",\"url\":\"https:\/\/www.padreydecano.com\/cms\/columnas\/no-existen-imposibles\/\",\"name\":\"No existen imposibles - Padre y Decano - El Sitio del Pueblo\",\"isPartOf\":{\"@id\":\"https:\/\/www.padreydecano.com\/cms\/#website\"},\"primaryImageOfPage\":{\"@id\":\"https:\/\/www.padreydecano.com\/cms\/columnas\/no-existen-imposibles\/#primaryimage\"},\"image\":{\"@id\":\"https:\/\/www.padreydecano.com\/cms\/columnas\/no-existen-imposibles\/#primaryimage\"},\"thumbnailUrl\":\"http:\/\/www.padreydecano.com\/cms\/wp-content\/uploads\/2011\/11\/sedemaldonado-300x177.png\",\"datePublished\":\"2011-12-01T12:11:36+00:00\",\"dateModified\":\"2012-04-13T15:09:39+00:00\",\"breadcrumb\":{\"@id\":\"https:\/\/www.padreydecano.com\/cms\/columnas\/no-existen-imposibles\/#breadcrumb\"},\"inLanguage\":\"es\",\"potentialAction\":[{\"@type\":\"ReadAction\",\"target\":[\"https:\/\/www.padreydecano.com\/cms\/columnas\/no-existen-imposibles\/\"]}]},{\"@type\":\"ImageObject\",\"inLanguage\":\"es\",\"@id\":\"https:\/\/www.padreydecano.com\/cms\/columnas\/no-existen-imposibles\/#primaryimage\",\"url\":\"http:\/\/www.padreydecano.com\/cms\/wp-content\/uploads\/2011\/11\/sedemaldonado-300x177.png\",\"contentUrl\":\"http:\/\/www.padreydecano.com\/cms\/wp-content\/uploads\/2011\/11\/sedemaldonado-300x177.png\"},{\"@type\":\"BreadcrumbList\",\"@id\":\"https:\/\/www.padreydecano.com\/cms\/columnas\/no-existen-imposibles\/#breadcrumb\",\"itemListElement\":[{\"@type\":\"ListItem\",\"position\":1,\"name\":\"Portada\",\"item\":\"https:\/\/www.padreydecano.com\/cms\/\"},{\"@type\":\"ListItem\",\"position\":2,\"name\":\"No existen imposibles\"}]},{\"@type\":\"WebSite\",\"@id\":\"https:\/\/www.padreydecano.com\/cms\/#website\",\"url\":\"https:\/\/www.padreydecano.com\/cms\/\",\"name\":\"Padre y Decano - El Sitio del Pueblo\",\"description\":\"Club Atl\u00e9tico Pe\u00f1arol\",\"publisher\":{\"@id\":\"https:\/\/www.padreydecano.com\/cms\/#organization\"},\"potentialAction\":[{\"@type\":\"SearchAction\",\"target\":{\"@type\":\"EntryPoint\",\"urlTemplate\":\"https:\/\/www.padreydecano.com\/cms\/?s={search_term_string}\"},\"query-input\":\"required name=search_term_string\"}],\"inLanguage\":\"es\"},{\"@type\":\"Organization\",\"@id\":\"https:\/\/www.padreydecano.com\/cms\/#organization\",\"name\":\"Padre y Decano\",\"url\":\"https:\/\/www.padreydecano.com\/cms\/\",\"logo\":{\"@type\":\"ImageObject\",\"inLanguage\":\"es\",\"@id\":\"https:\/\/www.padreydecano.com\/cms\/#\/schema\/logo\/image\/\",\"url\":\"https:\/\/www.padreydecano.com\/cms\/wp-content\/uploads\/2022\/01\/avatar-square.png\",\"contentUrl\":\"https:\/\/www.padreydecano.com\/cms\/wp-content\/uploads\/2022\/01\/avatar-square.png\",\"width\":1500,\"height\":1500,\"caption\":\"Padre y Decano\"},\"image\":{\"@id\":\"https:\/\/www.padreydecano.com\/cms\/#\/schema\/logo\/image\/\"}},{\"@type\":\"Person\",\"@id\":\"https:\/\/www.padreydecano.com\/cms\/#\/schema\/person\/5607c72c38a1537a151b24d1e67535e0\",\"name\":\"1891\",\"image\":{\"@type\":\"ImageObject\",\"inLanguage\":\"es\",\"@id\":\"https:\/\/www.padreydecano.com\/cms\/#\/schema\/person\/image\/\",\"url\":\"https:\/\/secure.gravatar.com\/avatar\/29d4d1b0d523a21898e8cf9585d259d3?s=96&d=https%3A%2F%2Fpadreydecano.com%2Fcms%2Fwp-content%2Fthemes%2Fpyd-theme%2Fimg%2Fdefault-avatar.png&r=g\",\"contentUrl\":\"https:\/\/secure.gravatar.com\/avatar\/29d4d1b0d523a21898e8cf9585d259d3?s=96&d=https%3A%2F%2Fpadreydecano.com%2Fcms%2Fwp-content%2Fthemes%2Fpyd-theme%2Fimg%2Fdefault-avatar.png&r=g\",\"caption\":\"1891\"}}]}<\/script>\n<!-- \/ Yoast SEO plugin. -->","yoast_head_json":{"title":"No existen imposibles - Padre y Decano - El Sitio del Pueblo","robots":{"index":"index","follow":"follow","max-snippet":"max-snippet:-1","max-image-preview":"max-image-preview:large","max-video-preview":"max-video-preview:-1"},"canonical":"https:\/\/www.padreydecano.com\/cms\/columnas\/no-existen-imposibles\/","og_locale":"es_ES","og_type":"article","og_title":"No existen imposibles - Padre y Decano - El Sitio del Pueblo","og_description":"Este fin de semana se juega la \u00faltima fecha del Apertura; y dependemos de otros resultados para poder dar la vuelta ol\u00edmpica. Primero, el s\u00e1bado debemos ganar nuestro partido frente a Cerrito, que precisa los puntos por estar complicado en la zona de descenso, y luego, esperar a que el domingo Danubio deje puntos frente [&hellip;]","og_url":"https:\/\/www.padreydecano.com\/cms\/columnas\/no-existen-imposibles\/","og_site_name":"Padre y Decano - El Sitio del Pueblo","article_published_time":"2011-12-01T12:11:36+00:00","article_modified_time":"2012-04-13T15:09:39+00:00","og_image":[{"url":"http:\/\/www.padreydecano.com\/cms\/wp-content\/uploads\/2011\/11\/sedemaldonado-300x177.png"}],"author":"1891","twitter_card":"summary_large_image","twitter_misc":{"Escrito por":"1891","Tiempo de lectura":"3 minutos"},"schema":{"@context":"https:\/\/schema.org","@graph":[{"@type":"Article","@id":"https:\/\/www.padreydecano.com\/cms\/columnas\/no-existen-imposibles\/#article","isPartOf":{"@id":"https:\/\/www.padreydecano.com\/cms\/columnas\/no-existen-imposibles\/"},"author":{"name":"1891","@id":"https:\/\/www.padreydecano.com\/cms\/#\/schema\/person\/5607c72c38a1537a151b24d1e67535e0"},"headline":"No existen imposibles","datePublished":"2011-12-01T12:11:36+00:00","dateModified":"2012-04-13T15:09:39+00:00","mainEntityOfPage":{"@id":"https:\/\/www.padreydecano.com\/cms\/columnas\/no-existen-imposibles\/"},"wordCount":527,"commentCount":7,"publisher":{"@id":"https:\/\/www.padreydecano.com\/cms\/#organization"},"image":{"@id":"https:\/\/www.padreydecano.com\/cms\/columnas\/no-existen-imposibles\/#primaryimage"},"thumbnailUrl":"http:\/\/www.padreydecano.com\/cms\/wp-content\/uploads\/2011\/11\/sedemaldonado-300x177.png","keywords":["Dr. CURCC"],"articleSection":["Columnas"],"inLanguage":"es","potentialAction":[{"@type":"CommentAction","name":"Comment","target":["https:\/\/www.padreydecano.com\/cms\/columnas\/no-existen-imposibles\/#respond"]}]},{"@type":"WebPage","@id":"https:\/\/www.padreydecano.com\/cms\/columnas\/no-existen-imposibles\/","url":"https:\/\/www.padreydecano.com\/cms\/columnas\/no-existen-imposibles\/","name":"No existen imposibles - Padre y Decano - El Sitio del Pueblo","isPartOf":{"@id":"https:\/\/www.padreydecano.com\/cms\/#website"},"primaryImageOfPage":{"@id":"https:\/\/www.padreydecano.com\/cms\/columnas\/no-existen-imposibles\/#primaryimage"},"image":{"@id":"https:\/\/www.padreydecano.com\/cms\/columnas\/no-existen-imposibles\/#primaryimage"},"thumbnailUrl":"http:\/\/www.padreydecano.com\/cms\/wp-content\/uploads\/2011\/11\/sedemaldonado-300x177.png","datePublished":"2011-12-01T12:11:36+00:00","dateModified":"2012-04-13T15:09:39+00:00","breadcrumb":{"@id":"https:\/\/www.padreydecano.com\/cms\/columnas\/no-existen-imposibles\/#breadcrumb"},"inLanguage":"es","potentialAction":[{"@type":"ReadAction","target":["https:\/\/www.padreydecano.com\/cms\/columnas\/no-existen-imposibles\/"]}]},{"@type":"ImageObject","inLanguage":"es","@id":"https:\/\/www.padreydecano.com\/cms\/columnas\/no-existen-imposibles\/#primaryimage","url":"http:\/\/www.padreydecano.com\/cms\/wp-content\/uploads\/2011\/11\/sedemaldonado-300x177.png","contentUrl":"http:\/\/www.padreydecano.com\/cms\/wp-content\/uploads\/2011\/11\/sedemaldonado-300x177.png"},{"@type":"BreadcrumbList","@id":"https:\/\/www.padreydecano.com\/cms\/columnas\/no-existen-imposibles\/#breadcrumb","itemListElement":[{"@type":"ListItem","position":1,"name":"Portada","item":"https:\/\/www.padreydecano.com\/cms\/"},{"@type":"ListItem","position":2,"name":"No existen imposibles"}]},{"@type":"WebSite","@id":"https:\/\/www.padreydecano.com\/cms\/#website","url":"https:\/\/www.padreydecano.com\/cms\/","name":"Padre y Decano - El Sitio del Pueblo","description":"Club Atl\u00e9tico Pe\u00f1arol","publisher":{"@id":"https:\/\/www.padreydecano.com\/cms\/#organization"},"potentialAction":[{"@type":"SearchAction","target":{"@type":"EntryPoint","urlTemplate":"https:\/\/www.padreydecano.com\/cms\/?s={search_term_string}"},"query-input":"required name=search_term_string"}],"inLanguage":"es"},{"@type":"Organization","@id":"https:\/\/www.padreydecano.com\/cms\/#organization","name":"Padre y Decano","url":"https:\/\/www.padreydecano.com\/cms\/","logo":{"@type":"ImageObject","inLanguage":"es","@id":"https:\/\/www.padreydecano.com\/cms\/#\/schema\/logo\/image\/","url":"https:\/\/www.padreydecano.com\/cms\/wp-content\/uploads\/2022\/01\/avatar-square.png","contentUrl":"https:\/\/www.padreydecano.com\/cms\/wp-content\/uploads\/2022\/01\/avatar-square.png","width":1500,"height":1500,"caption":"Padre y Decano"},"image":{"@id":"https:\/\/www.padreydecano.com\/cms\/#\/schema\/logo\/image\/"}},{"@type":"Person","@id":"https:\/\/www.padreydecano.com\/cms\/#\/schema\/person\/5607c72c38a1537a151b24d1e67535e0","name":"1891","image":{"@type":"ImageObject","inLanguage":"es","@id":"https:\/\/www.padreydecano.com\/cms\/#\/schema\/person\/image\/","url":"https:\/\/secure.gravatar.com\/avatar\/29d4d1b0d523a21898e8cf9585d259d3?s=96&d=https%3A%2F%2Fpadreydecano.com%2Fcms%2Fwp-content%2Fthemes%2Fpyd-theme%2Fimg%2Fdefault-avatar.png&r=g","contentUrl":"https:\/\/secure.gravatar.com\/avatar\/29d4d1b0d523a21898e8cf9585d259d3?s=96&d=https%3A%2F%2Fpadreydecano.com%2Fcms%2Fwp-content%2Fthemes%2Fpyd-theme%2Fimg%2Fdefault-avatar.png&r=g","caption":"1891"}}]}},"_links":{"self":[{"href":"https:\/\/www.padreydecano.com\/cms\/wp-json\/wp\/v2\/posts\/10385"}],"collection":[{"href":"https:\/\/www.padreydecano.com\/cms\/wp-json\/wp\/v2\/posts"}],"about":[{"href":"https:\/\/www.padreydecano.com\/cms\/wp-json\/wp\/v2\/types\/post"}],"author":[{"embeddable":true,"href":"https:\/\/www.padreydecano.com\/cms\/wp-json\/wp\/v2\/users\/3"}],"replies":[{"embeddable":true,"href":"https:\/\/www.padreydecano.com\/cms\/wp-json\/wp\/v2\/comments?post=10385"}],"version-history":[{"count":0,"href":"https:\/\/www.padreydecano.com\/cms\/wp-json\/wp\/v2\/posts\/10385\/revisions"}],"wp:attachment":[{"href":"https:\/\/www.padreydecano.com\/cms\/wp-json\/wp\/v2\/media?parent=10385"}],"wp:term":[{"taxonomy":"category","embeddable":true,"href":"https:\/\/www.padreydecano.com\/cms\/wp-json\/wp\/v2\/categories?post=10385"},{"taxonomy":"post_tag","embeddable":true,"href":"https:\/\/www.padreydecano.com\/cms\/wp-json\/wp\/v2\/tags?post=10385"}],"curies":[{"name":"wp","href":"https:\/\/api.w.org\/{rel}","templated":true}]}}